{"id":187475,"date":"2021-06-21T14:45:16","date_gmt":"2021-06-21T11:45:16","guid":{"rendered":"https:\/\/walltopia.com\/wics-bringt-im-zweiten-jahr-die-weltweite-klettergemeinschaft-zusammen\/"},"modified":"2026-01-15T17:35:40","modified_gmt":"2026-01-15T14:35:40","slug":"wics-bringt-im-zweiten-jahr-die-weltweite-klettergemeinschaft-zusammen","status":"publish","type":"post","link":"https:\/\/walltopia.com\/de\/wics-bringt-im-zweiten-jahr-die-weltweite-klettergemeinschaft-zusammen\/","title":{"rendered":"WICS bringt im zweiten Jahr die weltweite Klettergemeinschaft zusammen"},"content":{"rendered":"<div class=\"wpb-content-wrapper\">[vc_row][vc_column][vc_custom_heading text=&#8220;Erinnern Sie sich noch an unsere mutige Idee, beim ersten World Indoor Climbing Summit (WICS) die gesamte Klettergemeinde an einem Ort zu versammeln? Nun, die Idee hat sich als gro\u00dfartig erwiesen und wir machen es wieder! &#8220; font_container=&#8220;tag:h2|font_size:18|text_align:left|color:%23000000|line_height:1.5&#8243; use_theme_fonts=&#8220;yes&#8220; css_animation=&#8220;fadeInUp&#8220; link=&#8220;url:https%3A%2F%2Fclimbingsummit.com%2F|title:WICS|target:_blank|&#8220;][vc_column_text css_animation=&#8220;fadeInUp&#8220; css=&#8220;&#8220;]\n<p style=\"font-size: 18px; line-height: 1.8em;\">Es war eine Herausforderung, einige der besten Indoor-Kletterexperten aus der ganzen Welt zusammenzubringen, aber da die Branche schnell w\u00e4chst, ist es an der Zeit f\u00fcr einen breiteren und strategischeren Dialog \u00fcber den Stand des Indoor-Kletterns und neue Trends. An der WICS 2018 nahmen 300 Fachleute und 17 ausstellende Unternehmen aus 38 L\u00e4ndern teil. Wir gehen davon aus, dass die WICS 2019 noch gr\u00f6\u00dfer sein wird, um die globale Zusammenarbeit und Innovation in der Klettergemeinschaft weiter zu f\u00f6rdern. <\/p>\n[\/vc_column_text][vc_column_text css_animation=&#8220;fadeInUp&#8220; css=&#8220;&#8220;]\n<p style=\"font-size: 18px; line-height: 1.8em;\">Unser Schwerpunkt lag zwar auf den Inhalten und der Bereitstellung von Raum f\u00fcr Zusammenarbeit, aber das Feedback des letzten Jahres hat gezeigt, wie wichtig es ist, sich mit Pionieren der Branche zu vernetzen. Au\u00dferdem hat die Tatsache, dass die meisten Teilnehmer Gr\u00fcnder oder CEOs waren, den Dialog positiv beeinflusst. Die Teilnehmer sch\u00e4tzten die offenen und inklusiven Podiumsdiskussionen, die unterschiedliche Perspektiven zulie\u00dfen und das Publikum bei der Stange hielten. Daher werden wir auch in diesem Jahr die Podiumsdiskussionen als bevorzugtes Format beibehalten, um eine interaktive und ansprechende Umgebung f\u00fcr alle Teilnehmer zu gew\u00e4hrleisten.   <\/p>\n[\/vc_column_text][vc_row_inner][vc_column_inner width=&#8220;1\/2&#8243;][vc_column_text css_animation=&#8220;fadeInUp&#8220;]\n<p style=\"font-size: 18px; line-height: 1.8em;\">Aus Ausstellersicht teilten die ausstellenden Unternehmen mit, dass sie endlich einem Namen ein Gesicht geben konnten und einige ihrer Kunden zum ersten Mal auf der WICS treffen konnten. Sie sehen die WICS als eine kleinere Veranstaltung, aber mit einem gro\u00dfartigen Publikum, das sich haupts\u00e4chlich aus Entscheidungstr\u00e4gern zusammensetzt, was die Distanz zwischen Einzelh\u00e4ndler und Fitnessstudio-Manager verk\u00fcrzt. <\/p>\n[\/vc_column_text][\/vc_column_inner][vc_column_inner width=&#8220;1\/2&#8243;][vc_custom_heading text=&#8220;WICS 2018 H\u00f6hepunkte&#8220; font_container=&#8220;tag:h2|font_size:18|text_align:left|color:%23ed2020|line_height:1.5&#8243; use_theme_fonts=&#8220;yes&#8220; css_animation=&#8220;fadeInUp&#8220; css=&#8220;.vc_custom_1624274887589{padding-top: 2% !important;}&#8220;][vc_video link=&#8220;https:\/\/www.youtube.com\/watch?v=SVUWNcvE3Pk&#8220; css_animation=&#8220;fadeInUp&#8220;][\/vc_column_inner][\/vc_row_inner][vc_row_inner][vc_column_inner][vc_column_text css_animation=&#8220;fadeInUp&#8220; css=&#8220;&#8220;]\n<p style=\"font-size: 18px; line-height: 1.8em;\">Die zweite Ausgabe der <strong>WICS<\/strong> wird diesen Sommer vom <strong>19. bis 21. Juni wieder in Sofia, Bulgarien<\/strong>, stattfinden.<\/p>\n<p style=\"font-size: 18px; line-height: 1.8em;\">Wir werden einige der hei\u00dfesten Themen des letzten Jahres aufgreifen, wie z.B. &#8222;Von A bis Z &#8211; Was ist bei der Er\u00f6ffnung einer neuen Kletterhalle zu beachten?&#8220; (mit neuen Rednern auf der B\u00fchne). Au\u00dferdem werden wir einige neue Themen pr\u00e4sentieren, wie z.B. Private Equity und &#8222;Global State of the Market&#8220;, wo wir eine Diskussion dar\u00fcber f\u00fchren werden, wohin sich die Kletterindustrie in L\u00e4ndern entwickelt, in denen das Klettern bereits ein gro\u00dfer Hype ist. Die Ausstellungsfl\u00e4che wird in diesem Jahr noch gr\u00f6\u00dfer sein, so dass noch mehr Unternehmen eingeladen sind, teilzunehmen.  <\/p>\n[\/vc_column_text][vc_column_text css_animation=&#8220;fadeInUp&#8220;]\n<p style=\"font-size: 18px; line-height: 1.8em;\">Wir laden alle Besitzer von Kletterhallen, Direktoren, Manager, Betreiber, Routensetzer und potenzielle Investoren, Einflussnehmer, Kletterer und alle, die das WICS erleben m\u00f6chten, ein, um die Zukunft des Kletterns diesen Sommer wieder gemeinsam zu gestalten.<\/p>\n<p style=\"font-size: 18px; line-height: 1.8em;\">Details \u00fcber: <a href=\"https:\/\/climbingsummit.com\/exhibitor-registraton\/\">Ausstellerregistrierungen<\/a> und <a href=\"https:\/\/climbingsummit.com\/overview\/floorplan\/\">Grundriss<\/a>.<\/p>\n<p style=\"font-size: 18px; line-height: 1.8em;\">Folgen Sie der <a href=\"https:\/\/www.facebook.com\/worldindoorclimbingsummit\">Facebook-<\/a> und <a href=\"https:\/\/climbingsummit.com\/\">Webseite<\/a> der Veranstaltung f\u00fcr die neuesten Updates!<\/p>\n<p style=\"font-size: 18px; line-height: 1.8em;\"><strong>Wir sehen uns bei WICS 2019!<\/strong><\/p>\n[\/vc_column_text][\/vc_column_inner][\/vc_row_inner][vc_row_inner][vc_column_inner width=&#8220;1\/3&#8243; css=&#8220;.vc_custom_1624275572610{padding-right: 2% !important;}&#8220;]<div class=\"link-button-container block width-100  text-align-left\"><a class=\"wt-link \" href=\"https:\/\/climbingsummit.com\/wics-schedule\/\" target=\"_blank\">SCHEDULE<\/a><\/div>[\/vc_column_inner][vc_column_inner width=&#8220;1\/3&#8243;]<div class=\"link-button-container block width-100  text-align-left\"><a class=\"wt-link \" href=\"http:\/\/tickets.climbingsummit.com\/ticket\" target=\"_blank\">TICKETS<\/a><\/div>[\/vc_column_inner][vc_column_inner width=&#8220;1\/3&#8243;][\/vc_column_inner][\/vc_row_inner][\/vc_column][\/vc_row]\n<\/div>","protected":false},"excerpt":{"rendered":"[vc_row][vc_column][vc_custom_heading text=&#8220;Erinnern Sie sich noch an unsere mutige Idee, beim ersten World Indoor Climbing Summit (WICS) die gesamte Klettergemeinde an&#8230;","protected":false},"author":10,"featured_media":22358,"comment_status":"closed","ping_status":"closed","sticky":false,"template":"","format":"standard","meta":{"_acf_changed":false,"inline_featured_image":false,"footnotes":""},"categories":[870],"tags":[2833,2835],"class_list":["post-187475","post","type-post","status-publish","format-standard","has-post-thumbnail","hentry","category-nachrichten","tag-wics","tag-wics2019"],"acf":[],"yoast_head":"<!-- This site is optimized with the Yoast SEO Premium plugin v28.3 (Yoast SEO v28.3) - https:\/\/yoast.com\/product\/yoast-seo-premium-wordpress\/ -->\n<title>WICS bringt im zweiten Jahr die weltweite Klettergemeinschaft zusammen | Walltopia<\/title>\n<meta name=\"description\" content=\"Der von Walltopia organisierte World Indoor Climbing Summit lief letztes Jahr mehr als gut, also machen wir es wieder. Erfahren Sie hier mehr \u00fcber die Veranstaltung.\" \/>\n<meta name=\"robots\" content=\"index, follow, max-snippet:-1, max-image-preview:large, max-video-preview:-1\" \/>\n<link rel=\"canonical\" href=\"https:\/\/walltopia.com\/de\/wics-bringt-im-zweiten-jahr-die-weltweite-klettergemeinschaft-zusammen\/\" \/>\n<meta property=\"og:locale\" content=\"de_DE\" \/>\n<meta property=\"og:type\" content=\"article\" \/>\n<meta property=\"og:title\" content=\"WICS bringt im zweiten Jahr die weltweite Klettergemeinschaft zusammen\" \/>\n<meta property=\"og:description\" content=\"Der von Walltopia organisierte World Indoor Climbing Summit lief letztes Jahr mehr als gut, also machen wir es wieder. Erfahren Sie hier mehr \u00fcber die Veranstaltung.\" \/>\n<meta property=\"og:url\" content=\"https:\/\/walltopia.com\/de\/wics-bringt-im-zweiten-jahr-die-weltweite-klettergemeinschaft-zusammen\/\" \/>\n<meta property=\"og:site_name\" content=\"Walltopia\" \/>\n<meta property=\"article:publisher\" content=\"https:\/\/www.facebook.com\/walltopiaclimbing\/\" \/>\n<meta property=\"article:published_time\" content=\"2021-06-21T11:45:16+00:00\" \/>\n<meta property=\"article:modified_time\" content=\"2026-01-15T14:35:40+00:00\" \/>\n<meta property=\"og:image\" content=\"https:\/\/cdn.walltopia.com\/wp-content\/uploads\/20231026085341\/WICS-2019.jpg\" \/>\n\t<meta property=\"og:image:width\" content=\"900\" \/>\n\t<meta property=\"og:image:height\" content=\"506\" \/>\n\t<meta property=\"og:image:type\" content=\"image\/jpeg\" \/>\n<meta name=\"author\" content=\"the_id\" \/>\n<meta name=\"twitter:card\" content=\"summary_large_image\" \/>\n<meta name=\"twitter:creator\" content=\"@walltopiabg\" \/>\n<meta name=\"twitter:site\" content=\"@walltopiabg\" \/>\n<script type=\"application\/ld+json\" class=\"yoast-schema-graph\">{\"@context\":\"https:\\\/\\\/schema.org\",\"@graph\":[{\"@type\":\"Article\",\"@id\":\"https:\\\/\\\/walltopia.com\\\/de\\\/wics-bringt-im-zweiten-jahr-die-weltweite-klettergemeinschaft-zusammen\\\/#article\",\"isPartOf\":{\"@id\":\"https:\\\/\\\/walltopia.com\\\/de\\\/wics-bringt-im-zweiten-jahr-die-weltweite-klettergemeinschaft-zusammen\\\/\"},\"author\":{\"name\":\"the_id\",\"@id\":\"https:\\\/\\\/walltopia.com\\\/de\\\/#\\\/schema\\\/person\\\/b30506c6570e8fcee537c66f40da51ff\"},\"headline\":\"WICS bringt im zweiten Jahr die weltweite Klettergemeinschaft zusammen\",\"datePublished\":\"2021-06-21T11:45:16+00:00\",\"dateModified\":\"2026-01-15T14:35:40+00:00\",\"mainEntityOfPage\":{\"@id\":\"https:\\\/\\\/walltopia.com\\\/de\\\/wics-bringt-im-zweiten-jahr-die-weltweite-klettergemeinschaft-zusammen\\\/\"},\"wordCount\":713,\"publisher\":{\"@id\":\"https:\\\/\\\/walltopia.com\\\/de\\\/#organization\"},\"image\":{\"@id\":\"https:\\\/\\\/walltopia.com\\\/de\\\/wics-bringt-im-zweiten-jahr-die-weltweite-klettergemeinschaft-zusammen\\\/#primaryimage\"},\"thumbnailUrl\":\"https:\\\/\\\/cdn.walltopia.com\\\/wp-content\\\/uploads\\\/20231026085341\\\/WICS-2019.jpg\",\"keywords\":[\"wics\",\"WICS2019\"],\"articleSection\":[\"Nachrichten\"],\"inLanguage\":\"de\"},{\"@type\":\"WebPage\",\"@id\":\"https:\\\/\\\/walltopia.com\\\/de\\\/wics-bringt-im-zweiten-jahr-die-weltweite-klettergemeinschaft-zusammen\\\/\",\"url\":\"https:\\\/\\\/walltopia.com\\\/de\\\/wics-bringt-im-zweiten-jahr-die-weltweite-klettergemeinschaft-zusammen\\\/\",\"name\":\"WICS bringt im zweiten Jahr die weltweite Klettergemeinschaft zusammen | Walltopia\",\"isPartOf\":{\"@id\":\"https:\\\/\\\/walltopia.com\\\/de\\\/#website\"},\"primaryImageOfPage\":{\"@id\":\"https:\\\/\\\/walltopia.com\\\/de\\\/wics-bringt-im-zweiten-jahr-die-weltweite-klettergemeinschaft-zusammen\\\/#primaryimage\"},\"image\":{\"@id\":\"https:\\\/\\\/walltopia.com\\\/de\\\/wics-bringt-im-zweiten-jahr-die-weltweite-klettergemeinschaft-zusammen\\\/#primaryimage\"},\"thumbnailUrl\":\"https:\\\/\\\/cdn.walltopia.com\\\/wp-content\\\/uploads\\\/20231026085341\\\/WICS-2019.jpg\",\"datePublished\":\"2021-06-21T11:45:16+00:00\",\"dateModified\":\"2026-01-15T14:35:40+00:00\",\"description\":\"Der von Walltopia organisierte World Indoor Climbing Summit lief letztes Jahr mehr als gut, also machen wir es wieder. Erfahren Sie hier mehr \u00fcber die Veranstaltung.\",\"breadcrumb\":{\"@id\":\"https:\\\/\\\/walltopia.com\\\/de\\\/wics-bringt-im-zweiten-jahr-die-weltweite-klettergemeinschaft-zusammen\\\/#breadcrumb\"},\"inLanguage\":\"de\",\"potentialAction\":[{\"@type\":\"ReadAction\",\"target\":[\"https:\\\/\\\/walltopia.com\\\/de\\\/wics-bringt-im-zweiten-jahr-die-weltweite-klettergemeinschaft-zusammen\\\/\"]}]},{\"@type\":\"ImageObject\",\"inLanguage\":\"de\",\"@id\":\"https:\\\/\\\/walltopia.com\\\/de\\\/wics-bringt-im-zweiten-jahr-die-weltweite-klettergemeinschaft-zusammen\\\/#primaryimage\",\"url\":\"https:\\\/\\\/cdn.walltopia.com\\\/wp-content\\\/uploads\\\/20231026085341\\\/WICS-2019.jpg\",\"contentUrl\":\"https:\\\/\\\/cdn.walltopia.com\\\/wp-content\\\/uploads\\\/20231026085341\\\/WICS-2019.jpg\",\"width\":900,\"height\":506},{\"@type\":\"BreadcrumbList\",\"@id\":\"https:\\\/\\\/walltopia.com\\\/de\\\/wics-bringt-im-zweiten-jahr-die-weltweite-klettergemeinschaft-zusammen\\\/#breadcrumb\",\"itemListElement\":[{\"@type\":\"ListItem\",\"position\":1,\"name\":\"Home\",\"item\":\"https:\\\/\\\/walltopia.com\\\/de\\\/startseite-de\\\/\"},{\"@type\":\"ListItem\",\"position\":2,\"name\":\"WICS bringt im zweiten Jahr die weltweite Klettergemeinschaft zusammen\"}]},{\"@type\":\"WebSite\",\"@id\":\"https:\\\/\\\/walltopia.com\\\/de\\\/#website\",\"url\":\"https:\\\/\\\/walltopia.com\\\/de\\\/\",\"name\":\"Walltopia\",\"description\":\"World leader in the design and production of climbing walls and active entertainment attractions\",\"publisher\":{\"@id\":\"https:\\\/\\\/walltopia.com\\\/de\\\/#organization\"},\"potentialAction\":[{\"@type\":\"SearchAction\",\"target\":{\"@type\":\"EntryPoint\",\"urlTemplate\":\"https:\\\/\\\/walltopia.com\\\/de\\\/?s={search_term_string}\"},\"query-input\":{\"@type\":\"PropertyValueSpecification\",\"valueRequired\":true,\"valueName\":\"search_term_string\"}}],\"inLanguage\":\"de\"},{\"@type\":\"Organization\",\"@id\":\"https:\\\/\\\/walltopia.com\\\/de\\\/#organization\",\"name\":\"Walltopia\",\"url\":\"https:\\\/\\\/walltopia.com\\\/de\\\/\",\"logo\":{\"@type\":\"ImageObject\",\"inLanguage\":\"de\",\"@id\":\"https:\\\/\\\/walltopia.com\\\/de\\\/#\\\/schema\\\/logo\\\/image\\\/\",\"url\":\"\",\"contentUrl\":\"\",\"caption\":\"Walltopia\"},\"image\":{\"@id\":\"https:\\\/\\\/walltopia.com\\\/de\\\/#\\\/schema\\\/logo\\\/image\\\/\"},\"sameAs\":[\"https:\\\/\\\/www.facebook.com\\\/walltopiaclimbing\\\/\",\"https:\\\/\\\/x.com\\\/walltopiabg\",\"https:\\\/\\\/www.instagram.com\\\/walltopia.active\\\/\",\"https:\\\/\\\/www.linkedin.com\\\/company\\\/walltopia-ltd.\",\"https:\\\/\\\/www.youtube.com\\\/user\\\/WALLTOPIA\"]},{\"@type\":\"Person\",\"@id\":\"https:\\\/\\\/walltopia.com\\\/de\\\/#\\\/schema\\\/person\\\/b30506c6570e8fcee537c66f40da51ff\",\"name\":\"the_id\"}]}<\/script>\n<!-- \/ Yoast SEO Premium plugin. -->","yoast_head_json":{"title":"WICS bringt im zweiten Jahr die weltweite Klettergemeinschaft zusammen | Walltopia","description":"Der von Walltopia organisierte World Indoor Climbing Summit lief letztes Jahr mehr als gut, also machen wir es wieder. Erfahren Sie hier mehr \u00fcber die Veranstaltung.","robots":{"index":"index","follow":"follow","max-snippet":"max-snippet:-1","max-image-preview":"max-image-preview:large","max-video-preview":"max-video-preview:-1"},"canonical":"https:\/\/walltopia.com\/de\/wics-bringt-im-zweiten-jahr-die-weltweite-klettergemeinschaft-zusammen\/","og_locale":"de_DE","og_type":"article","og_title":"WICS bringt im zweiten Jahr die weltweite Klettergemeinschaft zusammen","og_description":"Der von Walltopia organisierte World Indoor Climbing Summit lief letztes Jahr mehr als gut, also machen wir es wieder. Erfahren Sie hier mehr \u00fcber die Veranstaltung.","og_url":"https:\/\/walltopia.com\/de\/wics-bringt-im-zweiten-jahr-die-weltweite-klettergemeinschaft-zusammen\/","og_site_name":"Walltopia","article_publisher":"https:\/\/www.facebook.com\/walltopiaclimbing\/","article_published_time":"2021-06-21T11:45:16+00:00","article_modified_time":"2026-01-15T14:35:40+00:00","og_image":[{"width":900,"height":506,"url":"https:\/\/cdn.walltopia.com\/wp-content\/uploads\/20231026085341\/WICS-2019.jpg","type":"image\/jpeg"}],"author":"the_id","twitter_card":"summary_large_image","twitter_creator":"@walltopiabg","twitter_site":"@walltopiabg","schema":{"@context":"https:\/\/schema.org","@graph":[{"@type":"Article","@id":"https:\/\/walltopia.com\/de\/wics-bringt-im-zweiten-jahr-die-weltweite-klettergemeinschaft-zusammen\/#article","isPartOf":{"@id":"https:\/\/walltopia.com\/de\/wics-bringt-im-zweiten-jahr-die-weltweite-klettergemeinschaft-zusammen\/"},"author":{"name":"the_id","@id":"https:\/\/walltopia.com\/de\/#\/schema\/person\/b30506c6570e8fcee537c66f40da51ff"},"headline":"WICS bringt im zweiten Jahr die weltweite Klettergemeinschaft zusammen","datePublished":"2021-06-21T11:45:16+00:00","dateModified":"2026-01-15T14:35:40+00:00","mainEntityOfPage":{"@id":"https:\/\/walltopia.com\/de\/wics-bringt-im-zweiten-jahr-die-weltweite-klettergemeinschaft-zusammen\/"},"wordCount":713,"publisher":{"@id":"https:\/\/walltopia.com\/de\/#organization"},"image":{"@id":"https:\/\/walltopia.com\/de\/wics-bringt-im-zweiten-jahr-die-weltweite-klettergemeinschaft-zusammen\/#primaryimage"},"thumbnailUrl":"https:\/\/cdn.walltopia.com\/wp-content\/uploads\/20231026085341\/WICS-2019.jpg","keywords":["wics","WICS2019"],"articleSection":["Nachrichten"],"inLanguage":"de"},{"@type":"WebPage","@id":"https:\/\/walltopia.com\/de\/wics-bringt-im-zweiten-jahr-die-weltweite-klettergemeinschaft-zusammen\/","url":"https:\/\/walltopia.com\/de\/wics-bringt-im-zweiten-jahr-die-weltweite-klettergemeinschaft-zusammen\/","name":"WICS bringt im zweiten Jahr die weltweite Klettergemeinschaft zusammen | Walltopia","isPartOf":{"@id":"https:\/\/walltopia.com\/de\/#website"},"primaryImageOfPage":{"@id":"https:\/\/walltopia.com\/de\/wics-bringt-im-zweiten-jahr-die-weltweite-klettergemeinschaft-zusammen\/#primaryimage"},"image":{"@id":"https:\/\/walltopia.com\/de\/wics-bringt-im-zweiten-jahr-die-weltweite-klettergemeinschaft-zusammen\/#primaryimage"},"thumbnailUrl":"https:\/\/cdn.walltopia.com\/wp-content\/uploads\/20231026085341\/WICS-2019.jpg","datePublished":"2021-06-21T11:45:16+00:00","dateModified":"2026-01-15T14:35:40+00:00","description":"Der von Walltopia organisierte World Indoor Climbing Summit lief letztes Jahr mehr als gut, also machen wir es wieder. Erfahren Sie hier mehr \u00fcber die Veranstaltung.","breadcrumb":{"@id":"https:\/\/walltopia.com\/de\/wics-bringt-im-zweiten-jahr-die-weltweite-klettergemeinschaft-zusammen\/#breadcrumb"},"inLanguage":"de","potentialAction":[{"@type":"ReadAction","target":["https:\/\/walltopia.com\/de\/wics-bringt-im-zweiten-jahr-die-weltweite-klettergemeinschaft-zusammen\/"]}]},{"@type":"ImageObject","inLanguage":"de","@id":"https:\/\/walltopia.com\/de\/wics-bringt-im-zweiten-jahr-die-weltweite-klettergemeinschaft-zusammen\/#primaryimage","url":"https:\/\/cdn.walltopia.com\/wp-content\/uploads\/20231026085341\/WICS-2019.jpg","contentUrl":"https:\/\/cdn.walltopia.com\/wp-content\/uploads\/20231026085341\/WICS-2019.jpg","width":900,"height":506},{"@type":"BreadcrumbList","@id":"https:\/\/walltopia.com\/de\/wics-bringt-im-zweiten-jahr-die-weltweite-klettergemeinschaft-zusammen\/#breadcrumb","itemListElement":[{"@type":"ListItem","position":1,"name":"Home","item":"https:\/\/walltopia.com\/de\/startseite-de\/"},{"@type":"ListItem","position":2,"name":"WICS bringt im zweiten Jahr die weltweite Klettergemeinschaft zusammen"}]},{"@type":"WebSite","@id":"https:\/\/walltopia.com\/de\/#website","url":"https:\/\/walltopia.com\/de\/","name":"Walltopia","description":"World leader in the design and production of climbing walls and active entertainment attractions","publisher":{"@id":"https:\/\/walltopia.com\/de\/#organization"},"potentialAction":[{"@type":"SearchAction","target":{"@type":"EntryPoint","urlTemplate":"https:\/\/walltopia.com\/de\/?s={search_term_string}"},"query-input":{"@type":"PropertyValueSpecification","valueRequired":true,"valueName":"search_term_string"}}],"inLanguage":"de"},{"@type":"Organization","@id":"https:\/\/walltopia.com\/de\/#organization","name":"Walltopia","url":"https:\/\/walltopia.com\/de\/","logo":{"@type":"ImageObject","inLanguage":"de","@id":"https:\/\/walltopia.com\/de\/#\/schema\/logo\/image\/","url":"","contentUrl":"","caption":"Walltopia"},"image":{"@id":"https:\/\/walltopia.com\/de\/#\/schema\/logo\/image\/"},"sameAs":["https:\/\/www.facebook.com\/walltopiaclimbing\/","https:\/\/x.com\/walltopiabg","https:\/\/www.instagram.com\/walltopia.active\/","https:\/\/www.linkedin.com\/company\/walltopia-ltd.","https:\/\/www.youtube.com\/user\/WALLTOPIA"]},{"@type":"Person","@id":"https:\/\/walltopia.com\/de\/#\/schema\/person\/b30506c6570e8fcee537c66f40da51ff","name":"the_id"}]}},"_links":{"self":[{"href":"https:\/\/walltopia.com\/de\/wp-json\/wp\/v2\/posts\/187475","targetHints":{"allow":["GET"]}}],"collection":[{"href":"https:\/\/walltopia.com\/de\/wp-json\/wp\/v2\/posts"}],"about":[{"href":"https:\/\/walltopia.com\/de\/wp-json\/wp\/v2\/types\/post"}],"author":[{"embeddable":true,"href":"https:\/\/walltopia.com\/de\/wp-json\/wp\/v2\/users\/10"}],"replies":[{"embeddable":true,"href":"https:\/\/walltopia.com\/de\/wp-json\/wp\/v2\/comments?post=187475"}],"version-history":[{"count":0,"href":"https:\/\/walltopia.com\/de\/wp-json\/wp\/v2\/posts\/187475\/revisions"}],"wp:featuredmedia":[{"embeddable":true,"href":"https:\/\/walltopia.com\/de\/wp-json\/wp\/v2\/media\/22358"}],"wp:attachment":[{"href":"https:\/\/walltopia.com\/de\/wp-json\/wp\/v2\/media?parent=187475"}],"wp:term":[{"taxonomy":"category","embeddable":true,"href":"https:\/\/walltopia.com\/de\/wp-json\/wp\/v2\/categories?post=187475"},{"taxonomy":"post_tag","embeddable":true,"href":"https:\/\/walltopia.com\/de\/wp-json\/wp\/v2\/tags?post=187475"}],"curies":[{"name":"wp","href":"https:\/\/api.w.org\/{rel}","templated":true}]}}