{"id":187348,"date":"2021-06-21T15:05:35","date_gmt":"2021-06-21T12:05:35","guid":{"rendered":"https:\/\/walltopia.com\/lo-mas-destacado-de-la-segunda-cumbre-mundial-de-escalada-en-pista-cubierta-2019\/"},"modified":"2026-01-15T17:35:28","modified_gmt":"2026-01-15T14:35:28","slug":"lo-mas-destacado-de-la-segunda-cumbre-mundial-de-escalada-en-pista-cubierta-2019","status":"publish","type":"post","link":"https:\/\/walltopia.com\/es\/lo-mas-destacado-de-la-segunda-cumbre-mundial-de-escalada-en-pista-cubierta-2019\/","title":{"rendered":"Lo m\u00e1s destacado de la segunda Cumbre Mundial de Escalada en Pista Cubierta 2019"},"content":{"rendered":"<div class=\"wpb-content-wrapper\">[vc_row][vc_column][vc_custom_heading text=\u00bbLa segunda Cumbre Mundial de Escalada en Pista Cubierta tuvo lugar del 19 al 21 de junio de 2019 en Sof\u00eda, Bulgaria, y conect\u00f3 a los expertos de nivel C del negocio de la escalada.\u00bb font_container=\u00bbtag:h2|font_size:18|text_align:left|color:%23000000|line_height:1.5&#8243; use_theme_fonts=\u00bbyes\u00bb css_animation=\u00bbfadeInUp\u00bb][vc_column_text css_animation=\u00bbfadeInUp\u00bb css=\u00bb\u00bb]\n<p style=\"font-size: 18px; line-height: 1.8em;\">Reunimos a 290 de los principales actores de la escalada indoor para debatir sobre lo que est\u00e1 dando forma al futuro de nuestra industria. La cumbre ofreci\u00f3 a los asistentes conferencias y paneles de debate. Los temas abarcaron desde el d\u00eda en que uno decide abrir un gimnasio, pasando por la planificaci\u00f3n y la construcci\u00f3n, hasta las operaciones cotidianas. Un taller se centr\u00f3 en las mejores pr\u00e1cticas de establecimiento de rutas. Pero, sobre todo, lo que hizo m\u00e1s valioso al WICS fue el intercambio de conocimientos y experiencias entre expertos del sector de 29 pa\u00edses. Aportamos nuevas perspectivas sobre el estado del sector en todo el mundo, desde los mercados consolidados hasta los que est\u00e1n en desarrollo.     <\/p>\n<h4>Nuevos temas<\/h4>\n[\/vc_column_text][vc_row_inner][vc_column_inner width=\u00bb1\/2&#8243;][vc_gallery interval=\u00bb3&#8243; images=\u00bb22373,22379,22385,22391,22397,22403&#8243; img_size=\u00bbfull\u00bb css_animation=\u00bbfadeInUp\u00bb css=\u00bb.vc_custom_1624276824920{padding-top: 2% !important;}\u00bb][\/vc_column_inner][vc_column_inner width=\u00bb1\/2&#8243;][vc_column_text css_animation=\u00bbfadeInUp\u00bb css=\u00bb\u00bb]\n<p style=\"font-size: 18px; line-height: 1.8em;\">Un aspecto destacado de la segunda edici\u00f3n del WICS fue la introducci\u00f3n de nuevos temas. Hablamos de la financiaci\u00f3n mediante capital riesgo y de si los restaurantes tienen cabida en los gimnasios de escalada. Tambi\u00e9n nos acercamos a otras industrias m\u00e1s maduras para intentar aprender de ellas. Profesionales muy experimentados de la industria del fitness celebraron una mesa redonda. Expusieron la forma en que gestionaron la gran expansi\u00f3n de la industria. Adem\u00e1s, compartieron algunas pr\u00e1cticas que tambi\u00e9n podr\u00edan aplicarse a los gimnasios de escalada.     <\/p>\n[\/vc_column_text][\/vc_column_inner][\/vc_row_inner][vc_row_inner][vc_column_inner width=\u00bb1\/2&#8243;][vc_column_text css_animation=\u00bbfadeInUp\u00bb css=\u00bb\u00bb]\n<h4>El crecimiento de la escalada<\/h4>\n<p style=\"font-size: 18px; line-height: 1.8em;\">La charla de clausura fue una gran discusi\u00f3n sobre el futuro de la escalada que desencaden\u00f3 un debate sobre si el crecimiento al que se enfrenta la escalada conducir\u00e1 o no a una p\u00e9rdida de su car\u00e1cter. Las opiniones estaban polarizadas. La mayor\u00eda de la gente se mostr\u00f3 optimista en cuanto a que no s\u00f3lo deber\u00edamos encontrar una forma de conservar la singularidad de la escalada, sino tambi\u00e9n de aprovecharla para presentarla a un p\u00fablico m\u00e1s amplio. No hubo una previsi\u00f3n clara sobre lo que cabe esperar en un futuro lejano. Sin embargo, la mayor\u00eda de los participantes coincidieron en que ven nuevos horizontes por delante si estamos dispuestos a adaptarnos y responder a las necesidades de las comunidades de escaladores, en constante crecimiento. La cumbre termin\u00f3 con una \u00e9pica fiesta en la azotea para celebrar el \u00e9xito del evento, las cosas aprendidas y las conexiones establecidas entre copas y bailes nocturnos.     <\/p>\n[\/vc_column_text][\/vc_column_inner][vc_column_inner width=\u00bb1\/2&#8243;][vc_gallery interval=\u00bb3&#8243; images=\u00bb22409,22415,22421,22427,22433&#8243; img_size=\u00bbfull\u00bb css_animation=\u00bbfadeInUp\u00bb][\/vc_column_inner][\/vc_row_inner][vc_column_text css_animation=\u00bbfadeInUp\u00bb]\n<p style=\"font-size: 18px; line-height: 1.8em;\">Ha sido un placer volver a acoger a expertos del sector de la escalada de todo el mundo en la segunda edici\u00f3n de la WICS. Estamos inspirados para hacerla crecer y mejorarla a\u00fan m\u00e1s. Permanece atento a las fechas de la pr\u00f3xima edici\u00f3n.  <\/p>\n<p style=\"font-size: 18px; line-height: 1.8em;\">Puedes encontrar fotos del acto en <a href=\"https:\/\/www.facebook.com\/pg\/worldindoorclimbingsummit\/photos\/?tab=album&amp;album_id=310536736491660\">la p\u00e1gina de FB de WICS<\/a>.<\/p>\n[\/vc_column_text][\/vc_column][\/vc_row]\n<\/div>","protected":false},"excerpt":{"rendered":"La segunda Cumbre Mundial de Escalada en Pista Cubierta se celebr\u00f3 en Sof\u00eda (Bulgaria), conectando a los expertos de nivel C del negocio de la escalada.","protected":false},"author":10,"featured_media":22367,"comment_status":"closed","ping_status":"closed","sticky":false,"template":"","format":"standard","meta":{"_acf_changed":false,"inline_featured_image":false,"footnotes":""},"categories":[935],"tags":[2829,2830],"class_list":["post-187348","post","type-post","status-publish","format-standard","has-post-thumbnail","hentry","category-redaccion","tag-wics","tag-wics2019"],"acf":[],"yoast_head":"<!-- This site is optimized with the Yoast SEO Premium plugin v28.3 (Yoast SEO v28.3) - https:\/\/yoast.com\/product\/yoast-seo-premium-wordpress\/ -->\n<title>Lo m\u00e1s destacado de la segunda Cumbre Mundial de Escalada en Pista Cubierta 2019 | Walltopia<\/title>\n<meta name=\"description\" content=\"La segunda Cumbre Mundial de Escalada en Pista Cubierta se celebr\u00f3 en Sof\u00eda (Bulgaria), conectando a los expertos de nivel C del negocio de la escalada.\" \/>\n<meta name=\"robots\" content=\"index, follow, max-snippet:-1, max-image-preview:large, max-video-preview:-1\" \/>\n<link rel=\"canonical\" href=\"https:\/\/walltopia.com\/es\/lo-mas-destacado-de-la-segunda-cumbre-mundial-de-escalada-en-pista-cubierta-2019\/\" \/>\n<meta property=\"og:locale\" content=\"es_ES\" \/>\n<meta property=\"og:type\" content=\"article\" \/>\n<meta property=\"og:title\" content=\"Lo m\u00e1s destacado de la segunda Cumbre Mundial de Escalada en Pista Cubierta 2019\" \/>\n<meta property=\"og:description\" content=\"La segunda Cumbre Mundial de Escalada en Pista Cubierta se celebr\u00f3 en Sof\u00eda (Bulgaria), conectando a los expertos de nivel C del negocio de la escalada.\" \/>\n<meta property=\"og:url\" content=\"https:\/\/walltopia.com\/es\/lo-mas-destacado-de-la-segunda-cumbre-mundial-de-escalada-en-pista-cubierta-2019\/\" \/>\n<meta property=\"og:site_name\" content=\"Walltopia\" \/>\n<meta property=\"article:publisher\" content=\"https:\/\/www.facebook.com\/walltopiaclimbing\/\" \/>\n<meta property=\"article:published_time\" content=\"2021-06-21T12:05:35+00:00\" \/>\n<meta property=\"article:modified_time\" content=\"2026-01-15T14:35:28+00:00\" \/>\n<meta property=\"og:image\" content=\"https:\/\/cdn.walltopia.com\/wp-content\/uploads\/20231026085339\/wics-2019-panel.jpg\" \/>\n\t<meta property=\"og:image:width\" content=\"900\" \/>\n\t<meta property=\"og:image:height\" content=\"491\" \/>\n\t<meta property=\"og:image:type\" content=\"image\/jpeg\" \/>\n<meta name=\"author\" content=\"the_id\" \/>\n<meta name=\"twitter:card\" content=\"summary_large_image\" \/>\n<meta name=\"twitter:creator\" content=\"@walltopiabg\" \/>\n<meta name=\"twitter:site\" content=\"@walltopiabg\" \/>\n<script type=\"application\/ld+json\" class=\"yoast-schema-graph\">{\"@context\":\"https:\\\/\\\/schema.org\",\"@graph\":[{\"@type\":\"Article\",\"@id\":\"https:\\\/\\\/walltopia.com\\\/es\\\/lo-mas-destacado-de-la-segunda-cumbre-mundial-de-escalada-en-pista-cubierta-2019\\\/#article\",\"isPartOf\":{\"@id\":\"https:\\\/\\\/walltopia.com\\\/es\\\/lo-mas-destacado-de-la-segunda-cumbre-mundial-de-escalada-en-pista-cubierta-2019\\\/\"},\"author\":{\"name\":\"the_id\",\"@id\":\"https:\\\/\\\/walltopia.com\\\/es\\\/#\\\/schema\\\/person\\\/b30506c6570e8fcee537c66f40da51ff\"},\"headline\":\"Lo m\u00e1s destacado de la segunda Cumbre Mundial de Escalada en Pista Cubierta 2019\",\"datePublished\":\"2021-06-21T12:05:35+00:00\",\"dateModified\":\"2026-01-15T14:35:28+00:00\",\"mainEntityOfPage\":{\"@id\":\"https:\\\/\\\/walltopia.com\\\/es\\\/lo-mas-destacado-de-la-segunda-cumbre-mundial-de-escalada-en-pista-cubierta-2019\\\/\"},\"wordCount\":629,\"publisher\":{\"@id\":\"https:\\\/\\\/walltopia.com\\\/es\\\/#organization\"},\"image\":{\"@id\":\"https:\\\/\\\/walltopia.com\\\/es\\\/lo-mas-destacado-de-la-segunda-cumbre-mundial-de-escalada-en-pista-cubierta-2019\\\/#primaryimage\"},\"thumbnailUrl\":\"https:\\\/\\\/cdn.walltopia.com\\\/wp-content\\\/uploads\\\/20231026085339\\\/wics-2019-panel.jpg\",\"keywords\":[\"wics\",\"WICS2019\"],\"articleSection\":[\"Redacci\u00f3n\"],\"inLanguage\":\"es\"},{\"@type\":\"WebPage\",\"@id\":\"https:\\\/\\\/walltopia.com\\\/es\\\/lo-mas-destacado-de-la-segunda-cumbre-mundial-de-escalada-en-pista-cubierta-2019\\\/\",\"url\":\"https:\\\/\\\/walltopia.com\\\/es\\\/lo-mas-destacado-de-la-segunda-cumbre-mundial-de-escalada-en-pista-cubierta-2019\\\/\",\"name\":\"Lo m\u00e1s destacado de la segunda Cumbre Mundial de Escalada en Pista Cubierta 2019 | Walltopia\",\"isPartOf\":{\"@id\":\"https:\\\/\\\/walltopia.com\\\/es\\\/#website\"},\"primaryImageOfPage\":{\"@id\":\"https:\\\/\\\/walltopia.com\\\/es\\\/lo-mas-destacado-de-la-segunda-cumbre-mundial-de-escalada-en-pista-cubierta-2019\\\/#primaryimage\"},\"image\":{\"@id\":\"https:\\\/\\\/walltopia.com\\\/es\\\/lo-mas-destacado-de-la-segunda-cumbre-mundial-de-escalada-en-pista-cubierta-2019\\\/#primaryimage\"},\"thumbnailUrl\":\"https:\\\/\\\/cdn.walltopia.com\\\/wp-content\\\/uploads\\\/20231026085339\\\/wics-2019-panel.jpg\",\"datePublished\":\"2021-06-21T12:05:35+00:00\",\"dateModified\":\"2026-01-15T14:35:28+00:00\",\"description\":\"La segunda Cumbre Mundial de Escalada en Pista Cubierta se celebr\u00f3 en Sof\u00eda (Bulgaria), conectando a los expertos de nivel C del negocio de la escalada.\",\"breadcrumb\":{\"@id\":\"https:\\\/\\\/walltopia.com\\\/es\\\/lo-mas-destacado-de-la-segunda-cumbre-mundial-de-escalada-en-pista-cubierta-2019\\\/#breadcrumb\"},\"inLanguage\":\"es\",\"potentialAction\":[{\"@type\":\"ReadAction\",\"target\":[\"https:\\\/\\\/walltopia.com\\\/es\\\/lo-mas-destacado-de-la-segunda-cumbre-mundial-de-escalada-en-pista-cubierta-2019\\\/\"]}]},{\"@type\":\"ImageObject\",\"inLanguage\":\"es\",\"@id\":\"https:\\\/\\\/walltopia.com\\\/es\\\/lo-mas-destacado-de-la-segunda-cumbre-mundial-de-escalada-en-pista-cubierta-2019\\\/#primaryimage\",\"url\":\"https:\\\/\\\/cdn.walltopia.com\\\/wp-content\\\/uploads\\\/20231026085339\\\/wics-2019-panel.jpg\",\"contentUrl\":\"https:\\\/\\\/cdn.walltopia.com\\\/wp-content\\\/uploads\\\/20231026085339\\\/wics-2019-panel.jpg\",\"width\":900,\"height\":491},{\"@type\":\"BreadcrumbList\",\"@id\":\"https:\\\/\\\/walltopia.com\\\/es\\\/lo-mas-destacado-de-la-segunda-cumbre-mundial-de-escalada-en-pista-cubierta-2019\\\/#breadcrumb\",\"itemListElement\":[{\"@type\":\"ListItem\",\"position\":1,\"name\":\"Home\",\"item\":\"https:\\\/\\\/walltopia.com\\\/es\\\/inicio-es\\\/\"},{\"@type\":\"ListItem\",\"position\":2,\"name\":\"Lo m\u00e1s destacado de la segunda Cumbre Mundial de Escalada en Pista Cubierta 2019\"}]},{\"@type\":\"WebSite\",\"@id\":\"https:\\\/\\\/walltopia.com\\\/es\\\/#website\",\"url\":\"https:\\\/\\\/walltopia.com\\\/es\\\/\",\"name\":\"Walltopia\",\"description\":\"World leader in the design and production of climbing walls and active entertainment attractions\",\"publisher\":{\"@id\":\"https:\\\/\\\/walltopia.com\\\/es\\\/#organization\"},\"potentialAction\":[{\"@type\":\"SearchAction\",\"target\":{\"@type\":\"EntryPoint\",\"urlTemplate\":\"https:\\\/\\\/walltopia.com\\\/es\\\/?s={search_term_string}\"},\"query-input\":{\"@type\":\"PropertyValueSpecification\",\"valueRequired\":true,\"valueName\":\"search_term_string\"}}],\"inLanguage\":\"es\"},{\"@type\":\"Organization\",\"@id\":\"https:\\\/\\\/walltopia.com\\\/es\\\/#organization\",\"name\":\"Walltopia\",\"url\":\"https:\\\/\\\/walltopia.com\\\/es\\\/\",\"logo\":{\"@type\":\"ImageObject\",\"inLanguage\":\"es\",\"@id\":\"https:\\\/\\\/walltopia.com\\\/es\\\/#\\\/schema\\\/logo\\\/image\\\/\",\"url\":\"\",\"contentUrl\":\"\",\"caption\":\"Walltopia\"},\"image\":{\"@id\":\"https:\\\/\\\/walltopia.com\\\/es\\\/#\\\/schema\\\/logo\\\/image\\\/\"},\"sameAs\":[\"https:\\\/\\\/www.facebook.com\\\/walltopiaclimbing\\\/\",\"https:\\\/\\\/x.com\\\/walltopiabg\",\"https:\\\/\\\/www.instagram.com\\\/walltopia.active\\\/\",\"https:\\\/\\\/www.linkedin.com\\\/company\\\/walltopia-ltd.\",\"https:\\\/\\\/www.youtube.com\\\/user\\\/WALLTOPIA\"]},{\"@type\":\"Person\",\"@id\":\"https:\\\/\\\/walltopia.com\\\/es\\\/#\\\/schema\\\/person\\\/b30506c6570e8fcee537c66f40da51ff\",\"name\":\"the_id\"}]}<\/script>\n<!-- \/ Yoast SEO Premium plugin. -->","yoast_head_json":{"title":"Lo m\u00e1s destacado de la segunda Cumbre Mundial de Escalada en Pista Cubierta 2019 | Walltopia","description":"La segunda Cumbre Mundial de Escalada en Pista Cubierta se celebr\u00f3 en Sof\u00eda (Bulgaria), conectando a los expertos de nivel C del negocio de la escalada.","robots":{"index":"index","follow":"follow","max-snippet":"max-snippet:-1","max-image-preview":"max-image-preview:large","max-video-preview":"max-video-preview:-1"},"canonical":"https:\/\/walltopia.com\/es\/lo-mas-destacado-de-la-segunda-cumbre-mundial-de-escalada-en-pista-cubierta-2019\/","og_locale":"es_ES","og_type":"article","og_title":"Lo m\u00e1s destacado de la segunda Cumbre Mundial de Escalada en Pista Cubierta 2019","og_description":"La segunda Cumbre Mundial de Escalada en Pista Cubierta se celebr\u00f3 en Sof\u00eda (Bulgaria), conectando a los expertos de nivel C del negocio de la escalada.","og_url":"https:\/\/walltopia.com\/es\/lo-mas-destacado-de-la-segunda-cumbre-mundial-de-escalada-en-pista-cubierta-2019\/","og_site_name":"Walltopia","article_publisher":"https:\/\/www.facebook.com\/walltopiaclimbing\/","article_published_time":"2021-06-21T12:05:35+00:00","article_modified_time":"2026-01-15T14:35:28+00:00","og_image":[{"width":900,"height":491,"url":"https:\/\/cdn.walltopia.com\/wp-content\/uploads\/20231026085339\/wics-2019-panel.jpg","type":"image\/jpeg"}],"author":"the_id","twitter_card":"summary_large_image","twitter_creator":"@walltopiabg","twitter_site":"@walltopiabg","schema":{"@context":"https:\/\/schema.org","@graph":[{"@type":"Article","@id":"https:\/\/walltopia.com\/es\/lo-mas-destacado-de-la-segunda-cumbre-mundial-de-escalada-en-pista-cubierta-2019\/#article","isPartOf":{"@id":"https:\/\/walltopia.com\/es\/lo-mas-destacado-de-la-segunda-cumbre-mundial-de-escalada-en-pista-cubierta-2019\/"},"author":{"name":"the_id","@id":"https:\/\/walltopia.com\/es\/#\/schema\/person\/b30506c6570e8fcee537c66f40da51ff"},"headline":"Lo m\u00e1s destacado de la segunda Cumbre Mundial de Escalada en Pista Cubierta 2019","datePublished":"2021-06-21T12:05:35+00:00","dateModified":"2026-01-15T14:35:28+00:00","mainEntityOfPage":{"@id":"https:\/\/walltopia.com\/es\/lo-mas-destacado-de-la-segunda-cumbre-mundial-de-escalada-en-pista-cubierta-2019\/"},"wordCount":629,"publisher":{"@id":"https:\/\/walltopia.com\/es\/#organization"},"image":{"@id":"https:\/\/walltopia.com\/es\/lo-mas-destacado-de-la-segunda-cumbre-mundial-de-escalada-en-pista-cubierta-2019\/#primaryimage"},"thumbnailUrl":"https:\/\/cdn.walltopia.com\/wp-content\/uploads\/20231026085339\/wics-2019-panel.jpg","keywords":["wics","WICS2019"],"articleSection":["Redacci\u00f3n"],"inLanguage":"es"},{"@type":"WebPage","@id":"https:\/\/walltopia.com\/es\/lo-mas-destacado-de-la-segunda-cumbre-mundial-de-escalada-en-pista-cubierta-2019\/","url":"https:\/\/walltopia.com\/es\/lo-mas-destacado-de-la-segunda-cumbre-mundial-de-escalada-en-pista-cubierta-2019\/","name":"Lo m\u00e1s destacado de la segunda Cumbre Mundial de Escalada en Pista Cubierta 2019 | Walltopia","isPartOf":{"@id":"https:\/\/walltopia.com\/es\/#website"},"primaryImageOfPage":{"@id":"https:\/\/walltopia.com\/es\/lo-mas-destacado-de-la-segunda-cumbre-mundial-de-escalada-en-pista-cubierta-2019\/#primaryimage"},"image":{"@id":"https:\/\/walltopia.com\/es\/lo-mas-destacado-de-la-segunda-cumbre-mundial-de-escalada-en-pista-cubierta-2019\/#primaryimage"},"thumbnailUrl":"https:\/\/cdn.walltopia.com\/wp-content\/uploads\/20231026085339\/wics-2019-panel.jpg","datePublished":"2021-06-21T12:05:35+00:00","dateModified":"2026-01-15T14:35:28+00:00","description":"La segunda Cumbre Mundial de Escalada en Pista Cubierta se celebr\u00f3 en Sof\u00eda (Bulgaria), conectando a los expertos de nivel C del negocio de la escalada.","breadcrumb":{"@id":"https:\/\/walltopia.com\/es\/lo-mas-destacado-de-la-segunda-cumbre-mundial-de-escalada-en-pista-cubierta-2019\/#breadcrumb"},"inLanguage":"es","potentialAction":[{"@type":"ReadAction","target":["https:\/\/walltopia.com\/es\/lo-mas-destacado-de-la-segunda-cumbre-mundial-de-escalada-en-pista-cubierta-2019\/"]}]},{"@type":"ImageObject","inLanguage":"es","@id":"https:\/\/walltopia.com\/es\/lo-mas-destacado-de-la-segunda-cumbre-mundial-de-escalada-en-pista-cubierta-2019\/#primaryimage","url":"https:\/\/cdn.walltopia.com\/wp-content\/uploads\/20231026085339\/wics-2019-panel.jpg","contentUrl":"https:\/\/cdn.walltopia.com\/wp-content\/uploads\/20231026085339\/wics-2019-panel.jpg","width":900,"height":491},{"@type":"BreadcrumbList","@id":"https:\/\/walltopia.com\/es\/lo-mas-destacado-de-la-segunda-cumbre-mundial-de-escalada-en-pista-cubierta-2019\/#breadcrumb","itemListElement":[{"@type":"ListItem","position":1,"name":"Home","item":"https:\/\/walltopia.com\/es\/inicio-es\/"},{"@type":"ListItem","position":2,"name":"Lo m\u00e1s destacado de la segunda Cumbre Mundial de Escalada en Pista Cubierta 2019"}]},{"@type":"WebSite","@id":"https:\/\/walltopia.com\/es\/#website","url":"https:\/\/walltopia.com\/es\/","name":"Walltopia","description":"World leader in the design and production of climbing walls and active entertainment attractions","publisher":{"@id":"https:\/\/walltopia.com\/es\/#organization"},"potentialAction":[{"@type":"SearchAction","target":{"@type":"EntryPoint","urlTemplate":"https:\/\/walltopia.com\/es\/?s={search_term_string}"},"query-input":{"@type":"PropertyValueSpecification","valueRequired":true,"valueName":"search_term_string"}}],"inLanguage":"es"},{"@type":"Organization","@id":"https:\/\/walltopia.com\/es\/#organization","name":"Walltopia","url":"https:\/\/walltopia.com\/es\/","logo":{"@type":"ImageObject","inLanguage":"es","@id":"https:\/\/walltopia.com\/es\/#\/schema\/logo\/image\/","url":"","contentUrl":"","caption":"Walltopia"},"image":{"@id":"https:\/\/walltopia.com\/es\/#\/schema\/logo\/image\/"},"sameAs":["https:\/\/www.facebook.com\/walltopiaclimbing\/","https:\/\/x.com\/walltopiabg","https:\/\/www.instagram.com\/walltopia.active\/","https:\/\/www.linkedin.com\/company\/walltopia-ltd.","https:\/\/www.youtube.com\/user\/WALLTOPIA"]},{"@type":"Person","@id":"https:\/\/walltopia.com\/es\/#\/schema\/person\/b30506c6570e8fcee537c66f40da51ff","name":"the_id"}]}},"_links":{"self":[{"href":"https:\/\/walltopia.com\/es\/wp-json\/wp\/v2\/posts\/187348","targetHints":{"allow":["GET"]}}],"collection":[{"href":"https:\/\/walltopia.com\/es\/wp-json\/wp\/v2\/posts"}],"about":[{"href":"https:\/\/walltopia.com\/es\/wp-json\/wp\/v2\/types\/post"}],"author":[{"embeddable":true,"href":"https:\/\/walltopia.com\/es\/wp-json\/wp\/v2\/users\/10"}],"replies":[{"embeddable":true,"href":"https:\/\/walltopia.com\/es\/wp-json\/wp\/v2\/comments?post=187348"}],"version-history":[{"count":0,"href":"https:\/\/walltopia.com\/es\/wp-json\/wp\/v2\/posts\/187348\/revisions"}],"wp:featuredmedia":[{"embeddable":true,"href":"https:\/\/walltopia.com\/es\/wp-json\/wp\/v2\/media\/22367"}],"wp:attachment":[{"href":"https:\/\/walltopia.com\/es\/wp-json\/wp\/v2\/media?parent=187348"}],"wp:term":[{"taxonomy":"category","embeddable":true,"href":"https:\/\/walltopia.com\/es\/wp-json\/wp\/v2\/categories?post=187348"},{"taxonomy":"post_tag","embeddable":true,"href":"https:\/\/walltopia.com\/es\/wp-json\/wp\/v2\/tags?post=187348"}],"curies":[{"name":"wp","href":"https:\/\/api.w.org\/{rel}","templated":true}]}}