{"id":187457,"date":"2021-06-21T14:45:16","date_gmt":"2021-06-21T11:45:16","guid":{"rendered":"https:\/\/walltopia.com\/la-wics-reunira-por-segundo-ano-a-la-comunidad-mundial-de-escaladores\/"},"modified":"2026-01-15T17:35:40","modified_gmt":"2026-01-15T14:35:40","slug":"la-wics-reunira-por-segundo-ano-a-la-comunidad-mundial-de-escaladores","status":"publish","type":"post","link":"https:\/\/walltopia.com\/es\/la-wics-reunira-por-segundo-ano-a-la-comunidad-mundial-de-escaladores\/","title":{"rendered":"La WICS reunir\u00e1 por segundo a\u00f1o a la comunidad mundial de escaladores"},"content":{"rendered":"<div class=\"wpb-content-wrapper\">[vc_row][vc_column][vc_custom_heading text=\u00bb\u00bfRecuerdas nuestra valiente idea de reunir a toda la comunidad de escaladores en un solo lugar durante la primera Cumbre Mundial de Escalada Indoor (WICS)? Bueno, la idea result\u00f3 genial y \u00a1vamos a repetirla! \u00bb font_container=\u00bbtag:h2|font_size:18|text_align:left|color:%23000000|line_height:1.5&#8243; use_theme_fonts=\u00bbyes\u00bb css_animation=\u00bbfadeInUp\u00bb link=\u00bburl:https%3A%2F%2Fclimbingsummit.com%2F|title:WICS|target:_blank|\u00bb][vc_column_text css_animation=\u00bbfadeInUp\u00bb css=\u00bb\u00bb]\n<p style=\"font-size: 18px; line-height: 1.8em;\">Reunir a algunos de los mejores expertos en escalada indoor de todo el mundo fue todo un reto, pero a medida que el sector crece r\u00e1pidamente, ha llegado el momento de entablar un di\u00e1logo m\u00e1s amplio y estrat\u00e9gico sobre el estado de la escalada indoor y las tendencias emergentes. La WICS 2018 atrajo a 300 especialistas y 17 empresas expositoras de 38 pa\u00edses, y prevemos que la WICS 2019 ser\u00e1 a\u00fan mayor, fomentando m\u00e1s la colaboraci\u00f3n global y la innovaci\u00f3n en la comunidad de la escalada. <\/p>\n[\/vc_column_text][vc_column_text css_animation=\u00bbfadeInUp\u00bb css=\u00bb\u00bb]\n<p style=\"font-size: 18px; line-height: 1.8em;\">Aunque nos hemos centrado en el contenido y en proporcionar un espacio para la colaboraci\u00f3n, los comentarios del a\u00f1o pasado destacaron el valor de establecer contactos con pioneros del sector. Adem\u00e1s, el hecho de que la mayor\u00eda de los asistentes fueran fundadores o directores ejecutivos influy\u00f3 positivamente en el di\u00e1logo. Los participantes apreciaron los debates abiertos e inclusivos de los paneles, que permitieron diversas perspectivas y mantuvieron el inter\u00e9s de la audiencia. Como resultado, este a\u00f1o seguimos utilizando las mesas redondas como formato preferido, garantizando un entorno interactivo y atractivo para todos los asistentes.   <\/p>\n[\/vc_column_text][vc_row_inner][vc_column_inner width=\u00bb1\/2&#8243;][vc_column_text css_animation=\u00bbfadeInUp\u00bb]\n<p style=\"font-size: 18px; line-height: 1.8em;\">Desde el punto de vista de los expositores, las empresas participantes compartieron que por fin pod\u00edan poner cara a un nombre, conociendo a algunos de sus clientes por primera vez en la WICS. Consideran que la WICS es un evento m\u00e1s peque\u00f1o pero con una gran audiencia, en su mayor\u00eda responsables de la toma de decisiones, lo que acorta la distancia entre el minorista y el director del gimnasio. <\/p>\n[\/vc_column_text][\/vc_column_inner][vc_column_inner width=\u00bb1\/2&#8243;][vc_custom_heading text=\u00bbLo m\u00e1s destacado de WICS 2018&#8243; font_container=\u00bbtag:h2|font_size:18|text_align:left|color:%23ed2020|line_height:1.5&#8243; use_theme_fonts=\u00bbyes\u00bb css_animation=\u00bbfadeInUp\u00bb css=\u00bb.vc_custom_1624274887589{padding-top: 2% !important;}\u00bb][vc_video link=\u00bbhttps:\/\/www.youtube.com\/watch?v=SVUWNcvE3Pk\u00bb css_animation=\u00bbfadeInUp\u00bb][\/vc_column_inner][\/vc_row_inner][vc_row_inner][vc_column_inner][vc_column_text css_animation=\u00bbfadeInUp\u00bb css=\u00bb\u00bb]\n<p style=\"font-size: 18px; line-height: 1.8em;\">La segunda edici\u00f3n <strong>del WICS<\/strong> tendr\u00e1 lugar este verano, del <strong>19 al 21 de junio, de nuevo en Sof\u00eda, Bulgaria<\/strong>.<\/p>\n<p style=\"font-size: 18px; line-height: 1.8em;\">Incluiremos algunos de los temas m\u00e1s candentes del a\u00f1o pasado, como \u00abDe la A a la Z: \u00bfQu\u00e9 tener en cuenta al abrir un nuevo gimnasio de escalada?\u00bb. (con nuevos ponentes en el escenario). Tambi\u00e9n presentaremos algunos nuevos, como el capital privado y el \u00abEstado Global del Mercado\u00bb, en el que tendremos un debate sobre hacia d\u00f3nde se dirige la industria de la escalada en los pa\u00edses en los que la escalada ya es un gran hype. La zona de exposici\u00f3n ser\u00e1 a\u00fan mayor este a\u00f1o, por lo que se invita a participar a m\u00e1s empresas.  <\/p>\n[\/vc_column_text][vc_column_text css_animation=\u00bbfadeInUp\u00bb]\n<p style=\"font-size: 18px; line-height: 1.8em;\">Invitamos a todos los propietarios de gimnasios, directores, gerentes, operadores, creadores de rutas, as\u00ed como a posibles inversores, personas influyentes en la escalada, escaladores y todo aquel que desee vivir la experiencia WICS para dar forma juntos al futuro de la escalada de nuevo este verano.<\/p>\n<p style=\"font-size: 18px; line-height: 1.8em;\">Detalles sobre: <a href=\"https:\/\/climbingsummit.com\/exhibitor-registraton\/\">Inscripciones de Expositores<\/a> y <a href=\"https:\/\/climbingsummit.com\/overview\/floorplan\/\">Plano<\/a>.<\/p>\n<p style=\"font-size: 18px; line-height: 1.8em;\">Sigue el evento en <a href=\"https:\/\/www.facebook.com\/worldindoorclimbingsummit\">Facebook<\/a> y en la p\u00e1gina <a href=\"https:\/\/climbingsummit.com\/\">web<\/a> para estar al d\u00eda de las \u00faltimas novedades.<\/p>\n<p style=\"font-size: 18px; line-height: 1.8em;\"><strong>\u00a1Nos vemos en el WICS 2019!<\/strong><\/p>\n[\/vc_column_text][\/vc_column_inner][\/vc_row_inner][vc_row_inner][vc_column_inner width=\u00bb1\/3&#8243; css=\u00bb.vc_custom_1624275572610{padding-right: 2% !important;}\u00bb]<div class=\"link-button-container block width-100  text-align-left\"><a class=\"wt-link \" href=\"https:\/\/climbingsummit.com\/wics-schedule\/\" target=\"_blank\">SCHEDULE<\/a><\/div>[\/vc_column_inner][vc_column_inner width=\u00bb1\/3&#8243;]<div class=\"link-button-container block width-100  text-align-left\"><a class=\"wt-link \" href=\"http:\/\/tickets.climbingsummit.com\/ticket\" target=\"_blank\">TICKETS<\/a><\/div>[\/vc_column_inner][vc_column_inner width=\u00bb1\/3&#8243;][\/vc_column_inner][\/vc_row_inner][\/vc_column][\/vc_row]\n<\/div>","protected":false},"excerpt":{"rendered":"[vc_row][vc_column][vc_custom_heading text=\u00bb\u00bfRecuerdas nuestra valiente idea de reunir a toda la comunidad de escaladores en un solo lugar durante la primera&#8230;","protected":false},"author":10,"featured_media":22361,"comment_status":"closed","ping_status":"closed","sticky":false,"template":"","format":"standard","meta":{"_acf_changed":false,"inline_featured_image":false,"footnotes":""},"categories":[935],"tags":[2829,2830],"class_list":["post-187457","post","type-post","status-publish","format-standard","has-post-thumbnail","hentry","category-redaccion","tag-wics","tag-wics2019"],"acf":[],"yoast_head":"<!-- This site is optimized with the Yoast SEO Premium plugin v28.3 (Yoast SEO v28.3) - https:\/\/yoast.com\/product\/yoast-seo-premium-wordpress\/ -->\n<title>La WICS reunir\u00e1 por segundo a\u00f1o a la comunidad mundial de escaladores | Walltopia<\/title>\n<meta name=\"description\" content=\"La Cumbre Mundial de Escalada en Pista Cubierta organizada por Walltopia fue m\u00e1s que genial el a\u00f1o pasado, as\u00ed que volvemos a repetirla. M\u00e1s informaci\u00f3n sobre el evento aqu\u00ed.\" \/>\n<meta name=\"robots\" content=\"index, follow, max-snippet:-1, max-image-preview:large, max-video-preview:-1\" \/>\n<link rel=\"canonical\" href=\"https:\/\/walltopia.com\/es\/la-wics-reunira-por-segundo-ano-a-la-comunidad-mundial-de-escaladores\/\" \/>\n<meta property=\"og:locale\" content=\"es_ES\" \/>\n<meta property=\"og:type\" content=\"article\" \/>\n<meta property=\"og:title\" content=\"La WICS reunir\u00e1 por segundo a\u00f1o a la comunidad mundial de escaladores\" \/>\n<meta property=\"og:description\" content=\"La Cumbre Mundial de Escalada en Pista Cubierta organizada por Walltopia fue m\u00e1s que genial el a\u00f1o pasado, as\u00ed que volvemos a repetirla. M\u00e1s informaci\u00f3n sobre el evento aqu\u00ed.\" \/>\n<meta property=\"og:url\" content=\"https:\/\/walltopia.com\/es\/la-wics-reunira-por-segundo-ano-a-la-comunidad-mundial-de-escaladores\/\" \/>\n<meta property=\"og:site_name\" content=\"Walltopia\" \/>\n<meta property=\"article:publisher\" content=\"https:\/\/www.facebook.com\/walltopiaclimbing\/\" \/>\n<meta property=\"article:published_time\" content=\"2021-06-21T11:45:16+00:00\" \/>\n<meta property=\"article:modified_time\" content=\"2026-01-15T14:35:40+00:00\" \/>\n<meta property=\"og:image\" content=\"https:\/\/cdn.walltopia.com\/wp-content\/uploads\/20231026085341\/WICS-2019.jpg\" \/>\n\t<meta property=\"og:image:width\" content=\"900\" \/>\n\t<meta property=\"og:image:height\" content=\"506\" \/>\n\t<meta property=\"og:image:type\" content=\"image\/jpeg\" \/>\n<meta name=\"author\" content=\"the_id\" \/>\n<meta name=\"twitter:card\" content=\"summary_large_image\" \/>\n<meta name=\"twitter:creator\" content=\"@walltopiabg\" \/>\n<meta name=\"twitter:site\" content=\"@walltopiabg\" \/>\n<script type=\"application\/ld+json\" class=\"yoast-schema-graph\">{\"@context\":\"https:\\\/\\\/schema.org\",\"@graph\":[{\"@type\":\"Article\",\"@id\":\"https:\\\/\\\/walltopia.com\\\/es\\\/la-wics-reunira-por-segundo-ano-a-la-comunidad-mundial-de-escaladores\\\/#article\",\"isPartOf\":{\"@id\":\"https:\\\/\\\/walltopia.com\\\/es\\\/la-wics-reunira-por-segundo-ano-a-la-comunidad-mundial-de-escaladores\\\/\"},\"author\":{\"name\":\"the_id\",\"@id\":\"https:\\\/\\\/walltopia.com\\\/es\\\/#\\\/schema\\\/person\\\/b30506c6570e8fcee537c66f40da51ff\"},\"headline\":\"La WICS reunir\u00e1 por segundo a\u00f1o a la comunidad mundial de escaladores\",\"datePublished\":\"2021-06-21T11:45:16+00:00\",\"dateModified\":\"2026-01-15T14:35:40+00:00\",\"mainEntityOfPage\":{\"@id\":\"https:\\\/\\\/walltopia.com\\\/es\\\/la-wics-reunira-por-segundo-ano-a-la-comunidad-mundial-de-escaladores\\\/\"},\"wordCount\":771,\"publisher\":{\"@id\":\"https:\\\/\\\/walltopia.com\\\/es\\\/#organization\"},\"image\":{\"@id\":\"https:\\\/\\\/walltopia.com\\\/es\\\/la-wics-reunira-por-segundo-ano-a-la-comunidad-mundial-de-escaladores\\\/#primaryimage\"},\"thumbnailUrl\":\"https:\\\/\\\/cdn.walltopia.com\\\/wp-content\\\/uploads\\\/20231026085341\\\/WICS-2019.jpg\",\"keywords\":[\"wics\",\"WICS2019\"],\"articleSection\":[\"Redacci\u00f3n\"],\"inLanguage\":\"es\"},{\"@type\":\"WebPage\",\"@id\":\"https:\\\/\\\/walltopia.com\\\/es\\\/la-wics-reunira-por-segundo-ano-a-la-comunidad-mundial-de-escaladores\\\/\",\"url\":\"https:\\\/\\\/walltopia.com\\\/es\\\/la-wics-reunira-por-segundo-ano-a-la-comunidad-mundial-de-escaladores\\\/\",\"name\":\"La WICS reunir\u00e1 por segundo a\u00f1o a la comunidad mundial de escaladores | Walltopia\",\"isPartOf\":{\"@id\":\"https:\\\/\\\/walltopia.com\\\/es\\\/#website\"},\"primaryImageOfPage\":{\"@id\":\"https:\\\/\\\/walltopia.com\\\/es\\\/la-wics-reunira-por-segundo-ano-a-la-comunidad-mundial-de-escaladores\\\/#primaryimage\"},\"image\":{\"@id\":\"https:\\\/\\\/walltopia.com\\\/es\\\/la-wics-reunira-por-segundo-ano-a-la-comunidad-mundial-de-escaladores\\\/#primaryimage\"},\"thumbnailUrl\":\"https:\\\/\\\/cdn.walltopia.com\\\/wp-content\\\/uploads\\\/20231026085341\\\/WICS-2019.jpg\",\"datePublished\":\"2021-06-21T11:45:16+00:00\",\"dateModified\":\"2026-01-15T14:35:40+00:00\",\"description\":\"La Cumbre Mundial de Escalada en Pista Cubierta organizada por Walltopia fue m\u00e1s que genial el a\u00f1o pasado, as\u00ed que volvemos a repetirla. M\u00e1s informaci\u00f3n sobre el evento aqu\u00ed.\",\"breadcrumb\":{\"@id\":\"https:\\\/\\\/walltopia.com\\\/es\\\/la-wics-reunira-por-segundo-ano-a-la-comunidad-mundial-de-escaladores\\\/#breadcrumb\"},\"inLanguage\":\"es\",\"potentialAction\":[{\"@type\":\"ReadAction\",\"target\":[\"https:\\\/\\\/walltopia.com\\\/es\\\/la-wics-reunira-por-segundo-ano-a-la-comunidad-mundial-de-escaladores\\\/\"]}]},{\"@type\":\"ImageObject\",\"inLanguage\":\"es\",\"@id\":\"https:\\\/\\\/walltopia.com\\\/es\\\/la-wics-reunira-por-segundo-ano-a-la-comunidad-mundial-de-escaladores\\\/#primaryimage\",\"url\":\"https:\\\/\\\/cdn.walltopia.com\\\/wp-content\\\/uploads\\\/20231026085341\\\/WICS-2019.jpg\",\"contentUrl\":\"https:\\\/\\\/cdn.walltopia.com\\\/wp-content\\\/uploads\\\/20231026085341\\\/WICS-2019.jpg\",\"width\":900,\"height\":506},{\"@type\":\"BreadcrumbList\",\"@id\":\"https:\\\/\\\/walltopia.com\\\/es\\\/la-wics-reunira-por-segundo-ano-a-la-comunidad-mundial-de-escaladores\\\/#breadcrumb\",\"itemListElement\":[{\"@type\":\"ListItem\",\"position\":1,\"name\":\"Home\",\"item\":\"https:\\\/\\\/walltopia.com\\\/es\\\/inicio-es\\\/\"},{\"@type\":\"ListItem\",\"position\":2,\"name\":\"La WICS reunir\u00e1 por segundo a\u00f1o a la comunidad mundial de escaladores\"}]},{\"@type\":\"WebSite\",\"@id\":\"https:\\\/\\\/walltopia.com\\\/es\\\/#website\",\"url\":\"https:\\\/\\\/walltopia.com\\\/es\\\/\",\"name\":\"Walltopia\",\"description\":\"World leader in the design and production of climbing walls and active entertainment attractions\",\"publisher\":{\"@id\":\"https:\\\/\\\/walltopia.com\\\/es\\\/#organization\"},\"potentialAction\":[{\"@type\":\"SearchAction\",\"target\":{\"@type\":\"EntryPoint\",\"urlTemplate\":\"https:\\\/\\\/walltopia.com\\\/es\\\/?s={search_term_string}\"},\"query-input\":{\"@type\":\"PropertyValueSpecification\",\"valueRequired\":true,\"valueName\":\"search_term_string\"}}],\"inLanguage\":\"es\"},{\"@type\":\"Organization\",\"@id\":\"https:\\\/\\\/walltopia.com\\\/es\\\/#organization\",\"name\":\"Walltopia\",\"url\":\"https:\\\/\\\/walltopia.com\\\/es\\\/\",\"logo\":{\"@type\":\"ImageObject\",\"inLanguage\":\"es\",\"@id\":\"https:\\\/\\\/walltopia.com\\\/es\\\/#\\\/schema\\\/logo\\\/image\\\/\",\"url\":\"\",\"contentUrl\":\"\",\"caption\":\"Walltopia\"},\"image\":{\"@id\":\"https:\\\/\\\/walltopia.com\\\/es\\\/#\\\/schema\\\/logo\\\/image\\\/\"},\"sameAs\":[\"https:\\\/\\\/www.facebook.com\\\/walltopiaclimbing\\\/\",\"https:\\\/\\\/x.com\\\/walltopiabg\",\"https:\\\/\\\/www.instagram.com\\\/walltopia.active\\\/\",\"https:\\\/\\\/www.linkedin.com\\\/company\\\/walltopia-ltd.\",\"https:\\\/\\\/www.youtube.com\\\/user\\\/WALLTOPIA\"]},{\"@type\":\"Person\",\"@id\":\"https:\\\/\\\/walltopia.com\\\/es\\\/#\\\/schema\\\/person\\\/b30506c6570e8fcee537c66f40da51ff\",\"name\":\"the_id\"}]}<\/script>\n<!-- \/ Yoast SEO Premium plugin. -->","yoast_head_json":{"title":"La WICS reunir\u00e1 por segundo a\u00f1o a la comunidad mundial de escaladores | Walltopia","description":"La Cumbre Mundial de Escalada en Pista Cubierta organizada por Walltopia fue m\u00e1s que genial el a\u00f1o pasado, as\u00ed que volvemos a repetirla. M\u00e1s informaci\u00f3n sobre el evento aqu\u00ed.","robots":{"index":"index","follow":"follow","max-snippet":"max-snippet:-1","max-image-preview":"max-image-preview:large","max-video-preview":"max-video-preview:-1"},"canonical":"https:\/\/walltopia.com\/es\/la-wics-reunira-por-segundo-ano-a-la-comunidad-mundial-de-escaladores\/","og_locale":"es_ES","og_type":"article","og_title":"La WICS reunir\u00e1 por segundo a\u00f1o a la comunidad mundial de escaladores","og_description":"La Cumbre Mundial de Escalada en Pista Cubierta organizada por Walltopia fue m\u00e1s que genial el a\u00f1o pasado, as\u00ed que volvemos a repetirla. M\u00e1s informaci\u00f3n sobre el evento aqu\u00ed.","og_url":"https:\/\/walltopia.com\/es\/la-wics-reunira-por-segundo-ano-a-la-comunidad-mundial-de-escaladores\/","og_site_name":"Walltopia","article_publisher":"https:\/\/www.facebook.com\/walltopiaclimbing\/","article_published_time":"2021-06-21T11:45:16+00:00","article_modified_time":"2026-01-15T14:35:40+00:00","og_image":[{"width":900,"height":506,"url":"https:\/\/cdn.walltopia.com\/wp-content\/uploads\/20231026085341\/WICS-2019.jpg","type":"image\/jpeg"}],"author":"the_id","twitter_card":"summary_large_image","twitter_creator":"@walltopiabg","twitter_site":"@walltopiabg","schema":{"@context":"https:\/\/schema.org","@graph":[{"@type":"Article","@id":"https:\/\/walltopia.com\/es\/la-wics-reunira-por-segundo-ano-a-la-comunidad-mundial-de-escaladores\/#article","isPartOf":{"@id":"https:\/\/walltopia.com\/es\/la-wics-reunira-por-segundo-ano-a-la-comunidad-mundial-de-escaladores\/"},"author":{"name":"the_id","@id":"https:\/\/walltopia.com\/es\/#\/schema\/person\/b30506c6570e8fcee537c66f40da51ff"},"headline":"La WICS reunir\u00e1 por segundo a\u00f1o a la comunidad mundial de escaladores","datePublished":"2021-06-21T11:45:16+00:00","dateModified":"2026-01-15T14:35:40+00:00","mainEntityOfPage":{"@id":"https:\/\/walltopia.com\/es\/la-wics-reunira-por-segundo-ano-a-la-comunidad-mundial-de-escaladores\/"},"wordCount":771,"publisher":{"@id":"https:\/\/walltopia.com\/es\/#organization"},"image":{"@id":"https:\/\/walltopia.com\/es\/la-wics-reunira-por-segundo-ano-a-la-comunidad-mundial-de-escaladores\/#primaryimage"},"thumbnailUrl":"https:\/\/cdn.walltopia.com\/wp-content\/uploads\/20231026085341\/WICS-2019.jpg","keywords":["wics","WICS2019"],"articleSection":["Redacci\u00f3n"],"inLanguage":"es"},{"@type":"WebPage","@id":"https:\/\/walltopia.com\/es\/la-wics-reunira-por-segundo-ano-a-la-comunidad-mundial-de-escaladores\/","url":"https:\/\/walltopia.com\/es\/la-wics-reunira-por-segundo-ano-a-la-comunidad-mundial-de-escaladores\/","name":"La WICS reunir\u00e1 por segundo a\u00f1o a la comunidad mundial de escaladores | Walltopia","isPartOf":{"@id":"https:\/\/walltopia.com\/es\/#website"},"primaryImageOfPage":{"@id":"https:\/\/walltopia.com\/es\/la-wics-reunira-por-segundo-ano-a-la-comunidad-mundial-de-escaladores\/#primaryimage"},"image":{"@id":"https:\/\/walltopia.com\/es\/la-wics-reunira-por-segundo-ano-a-la-comunidad-mundial-de-escaladores\/#primaryimage"},"thumbnailUrl":"https:\/\/cdn.walltopia.com\/wp-content\/uploads\/20231026085341\/WICS-2019.jpg","datePublished":"2021-06-21T11:45:16+00:00","dateModified":"2026-01-15T14:35:40+00:00","description":"La Cumbre Mundial de Escalada en Pista Cubierta organizada por Walltopia fue m\u00e1s que genial el a\u00f1o pasado, as\u00ed que volvemos a repetirla. M\u00e1s informaci\u00f3n sobre el evento aqu\u00ed.","breadcrumb":{"@id":"https:\/\/walltopia.com\/es\/la-wics-reunira-por-segundo-ano-a-la-comunidad-mundial-de-escaladores\/#breadcrumb"},"inLanguage":"es","potentialAction":[{"@type":"ReadAction","target":["https:\/\/walltopia.com\/es\/la-wics-reunira-por-segundo-ano-a-la-comunidad-mundial-de-escaladores\/"]}]},{"@type":"ImageObject","inLanguage":"es","@id":"https:\/\/walltopia.com\/es\/la-wics-reunira-por-segundo-ano-a-la-comunidad-mundial-de-escaladores\/#primaryimage","url":"https:\/\/cdn.walltopia.com\/wp-content\/uploads\/20231026085341\/WICS-2019.jpg","contentUrl":"https:\/\/cdn.walltopia.com\/wp-content\/uploads\/20231026085341\/WICS-2019.jpg","width":900,"height":506},{"@type":"BreadcrumbList","@id":"https:\/\/walltopia.com\/es\/la-wics-reunira-por-segundo-ano-a-la-comunidad-mundial-de-escaladores\/#breadcrumb","itemListElement":[{"@type":"ListItem","position":1,"name":"Home","item":"https:\/\/walltopia.com\/es\/inicio-es\/"},{"@type":"ListItem","position":2,"name":"La WICS reunir\u00e1 por segundo a\u00f1o a la comunidad mundial de escaladores"}]},{"@type":"WebSite","@id":"https:\/\/walltopia.com\/es\/#website","url":"https:\/\/walltopia.com\/es\/","name":"Walltopia","description":"World leader in the design and production of climbing walls and active entertainment attractions","publisher":{"@id":"https:\/\/walltopia.com\/es\/#organization"},"potentialAction":[{"@type":"SearchAction","target":{"@type":"EntryPoint","urlTemplate":"https:\/\/walltopia.com\/es\/?s={search_term_string}"},"query-input":{"@type":"PropertyValueSpecification","valueRequired":true,"valueName":"search_term_string"}}],"inLanguage":"es"},{"@type":"Organization","@id":"https:\/\/walltopia.com\/es\/#organization","name":"Walltopia","url":"https:\/\/walltopia.com\/es\/","logo":{"@type":"ImageObject","inLanguage":"es","@id":"https:\/\/walltopia.com\/es\/#\/schema\/logo\/image\/","url":"","contentUrl":"","caption":"Walltopia"},"image":{"@id":"https:\/\/walltopia.com\/es\/#\/schema\/logo\/image\/"},"sameAs":["https:\/\/www.facebook.com\/walltopiaclimbing\/","https:\/\/x.com\/walltopiabg","https:\/\/www.instagram.com\/walltopia.active\/","https:\/\/www.linkedin.com\/company\/walltopia-ltd.","https:\/\/www.youtube.com\/user\/WALLTOPIA"]},{"@type":"Person","@id":"https:\/\/walltopia.com\/es\/#\/schema\/person\/b30506c6570e8fcee537c66f40da51ff","name":"the_id"}]}},"_links":{"self":[{"href":"https:\/\/walltopia.com\/es\/wp-json\/wp\/v2\/posts\/187457","targetHints":{"allow":["GET"]}}],"collection":[{"href":"https:\/\/walltopia.com\/es\/wp-json\/wp\/v2\/posts"}],"about":[{"href":"https:\/\/walltopia.com\/es\/wp-json\/wp\/v2\/types\/post"}],"author":[{"embeddable":true,"href":"https:\/\/walltopia.com\/es\/wp-json\/wp\/v2\/users\/10"}],"replies":[{"embeddable":true,"href":"https:\/\/walltopia.com\/es\/wp-json\/wp\/v2\/comments?post=187457"}],"version-history":[{"count":0,"href":"https:\/\/walltopia.com\/es\/wp-json\/wp\/v2\/posts\/187457\/revisions"}],"wp:featuredmedia":[{"embeddable":true,"href":"https:\/\/walltopia.com\/es\/wp-json\/wp\/v2\/media\/22361"}],"wp:attachment":[{"href":"https:\/\/walltopia.com\/es\/wp-json\/wp\/v2\/media?parent=187457"}],"wp:term":[{"taxonomy":"category","embeddable":true,"href":"https:\/\/walltopia.com\/es\/wp-json\/wp\/v2\/categories?post=187457"},{"taxonomy":"post_tag","embeddable":true,"href":"https:\/\/walltopia.com\/es\/wp-json\/wp\/v2\/tags?post=187457"}],"curies":[{"name":"wp","href":"https:\/\/api.w.org\/{rel}","templated":true}]}}