{"id":188208,"date":"2021-06-21T12:11:19","date_gmt":"2021-06-21T09:11:19","guid":{"rendered":"https:\/\/walltopia.com\/walltopia-quiere-verte-en-la-primera-cumbre-mundial-de-escalada-en-pista-cubierta-wics\/"},"modified":"2026-01-15T17:37:31","modified_gmt":"2026-01-15T14:37:31","slug":"walltopia-quiere-verte-en-la-primera-cumbre-mundial-de-escalada-en-pista-cubierta-wics","status":"publish","type":"post","link":"https:\/\/walltopia.com\/es\/walltopia-quiere-verte-en-la-primera-cumbre-mundial-de-escalada-en-pista-cubierta-wics\/","title":{"rendered":"Walltopia quiere verte en la primera Cumbre Mundial de Escalada en Pista Cubierta (WICS)"},"content":{"rendered":"<div class=\"wpb-content-wrapper\">[vc_row][vc_column][vc_custom_heading text=\u00bbEste verano se celebrar\u00e1 la primera edici\u00f3n de un importante encuentro mundial del sector de los gimnasios de escalada: la Cumbre Mundial de Escalada en Sala (WICS).\u00bb font_container=\u00bbtag:h2|font_size:18|text_align:left|color:%23000000|line_height:1.5&#8243; use_theme_fonts=\u00bbyes\u00bb css_animation=\u00bbfadeInUp\u00bb link=\u00bburl:https%3A%2F%2Fclimbingsummit.com%2F|title:WICS|target:_blank|\u00bb][vc_column_text css_animation=\u00bbfadeInUp\u00bb]\n<p style=\"font-size: 18px; line-height: 1.8em;\">El evento est\u00e1 organizado exclusivamente por Walltopia y ser\u00e1 la primera conferencia y exposici\u00f3n internacional totalmente centrada en el aspecto empresarial de la escalada en interiores.<\/p>\n<p style=\"font-size: 18px; line-height: 1.8em;\">La idea de la WICS surgi\u00f3 el verano pasado durante un peque\u00f1o evento para clientes en la sede de Walltopia, donde se reunieron expertos en gimnasios de escalada de EE.UU., Reino Unido, EAU y Francia para debatir el futuro del sector. La ocasi\u00f3n desencaden\u00f3 interesantes debates sobre los problemas actuales, las tendencias y los modelos de negocio de la escalada en interior, as\u00ed como sobre la direcci\u00f3n que est\u00e1 tomando el sector y lo que cabe esperar en los pr\u00f3ximos a\u00f1os. <\/p>\n[\/vc_column_text][vc_row_inner equal_height=\u00bbyes\u00bb][vc_column_inner width=\u00bb1\/2&#8243;][vc_column_text css_animation=\u00bbfadeInUp\u00bb]\n<p style=\"font-size: 18px; line-height: 1.8em;\">Tras considerar que el evento fue un \u00e9xito y recibir grandes comentarios de los propietarios de gimnasios que asistieron, nuestro equipo lleg\u00f3 a la conclusi\u00f3n de que ya era hora de que el sector de la escalada en interior celebrara un evento mayor a escala mundial. Decidimos reunir a profesionales de distintos continentes para intercambiar ideas, experiencias y visiones sobre el presente y el futuro de la escalada indoor. <\/p>\n[\/vc_column_text][\/vc_column_inner][vc_column_inner width=\u00bb1\/2&#8243;][vc_single_image image=\u00bb22289&#8243; img_size=\u00bbfull\u00bb onclick=\u00bblink_image\u00bb css_animation=\u00bbfadeInUp\u00bb css=\u00bb.vc_custom_1624266964758{padding-top: 2% !important;}\u00bb][\/vc_column_inner][\/vc_row_inner][vc_column_text css_animation=\u00bbfadeInUp\u00bb css=\u00bb.vc_custom_1627547214153{padding-top: 2% !important;}\u00bb]\n<p style=\"font-size: 18px; line-height: 1.8em;\">La WICS constar\u00e1 de dos partes principales: una conferencia y una zona de exposici\u00f3n. La conferencia contar\u00e1 con una serie de paneles en los que participar\u00e1n propietarios de gimnasios de escalada y profesionales de todo el mundo que compartir\u00e1n sus opiniones e ideas sobre los temas m\u00e1s candentes relacionados con nuestra comunidad, en forma de debate abierto. Prep\u00e1rate para escuchar y hacer preguntas sobre todo, desde la obtenci\u00f3n de pr\u00e9stamos hasta las \u00faltimas tendencias en dise\u00f1o de gimnasios de escalada. Puedes consultar el <a href=\"https:\/\/climbingsummit.com\/wics-schedule\/\">programa completo de<\/a> la conferencia y la lista de <a href=\"https:\/\/climbingsummit.com\/speakers-2\/\">ponentes confirmados<\/a> en el <a href=\"https:\/\/climbingsummit.com\/\">sitio web<\/a> oficial del evento.   <\/p>\n[\/vc_column_text][vc_column_text css_animation=\u00bbfadeInUp\u00bb]\n<p style=\"font-size: 18px; line-height: 1.8em;\">Adem\u00e1s de la conferencia, la WICS acoger\u00e1 una peque\u00f1a zona de exposici\u00f3n en la que fabricantes y proveedores del sector podr\u00e1n mostrar sus \u00faltimos productos y reunirse con posibles clientes y socios. Los asistentes tambi\u00e9n tendr\u00e1n la oportunidad de <a href=\"https:\/\/climbingsummit.com\/presentations\/\">organizar una presentaci\u00f3n<\/a> y presentar directamente sus productos a clientes potenciales. El evento tendr\u00e1 franjas horarias separadas cada d\u00eda, tanto para las mesas redondas como para la sala de exposiciones.  <\/p>\n[\/vc_column_text][vc_row_inner equal_height=\u00bbyes\u00bb][vc_column_inner][vc_column_text css_animation=\u00bbfadeInUp\u00bb]\n<p style=\"font-size: 18px; line-height: 1.8em;\">Propietarios de gimnasios y expertos del sector de pa\u00edses como EE.UU., Australia, Reino Unido, Alemania, Austria, Suiza, Francia, B\u00e9lgica, Finlandia, Suecia, Letonia, Eslovenia, EAU, Asia-Pac\u00edfico y otros ya se han asegurado su plaza en la conferencia.<\/p>\n[\/vc_column_text][\/vc_column_inner][\/vc_row_inner][vc_column_text css_animation=\u00bbfadeInUp\u00bb css=\u00bb.vc_custom_1624267285070{padding-top: 2% !important;}\u00bb]\n<p style=\"font-size: 18px; line-height: 1.8em;\">El WICS tendr\u00e1 lugar <strong>del 7 al 9 de junio en Sof\u00eda (Bulgaria)<\/strong>, donde los visitantes tendr\u00e1n la oportunidad de escalar en el nuevo centro de escalada de Walltopia, as\u00ed como de visitar nuestra f\u00e1brica y ver d\u00f3nde se produce toda la \u00abmagia\u00bb. <a href=\"http:\/\/tickets.climbingsummit.com\/ticket\">Las entradas para el evento<\/a> est\u00e1n disponibles en l\u00ednea &#8211; los precios anticipados son v\u00e1lidos hasta el 15 de marzo. El espacio de exposici\u00f3n puede solicitarse <a href=\"https:\/\/climbingsummit.com\/exhibitor-registraton\/\">aqu\u00ed<\/a>. <\/p>\n[\/vc_column_text][vc_row_inner][vc_column_inner width=\u00bb1\/3&#8243;]<div class=\"link-button-container block width-100  text-align-left\"><a class=\"wt-link \" href=\"https:\/\/climbingsummit.com\/\" target=\"_blank\">WICS<\/a><\/div>[\/vc_column_inner][vc_column_inner width=\u00bb1\/3&#8243;]<div class=\"link-button-container block width-100  text-align-left\"><a class=\"wt-link \" href=\"http:\/\/tickets.climbingsummit.com\/ticket\" target=\"_blank\">TICKETS<\/a><\/div>[\/vc_column_inner][vc_column_inner width=\u00bb1\/3&#8243;]<div class=\"link-button-container block width-100  text-align-left\"><a class=\"wt-link \" href=\"https:\/\/climbingsummit.com\/wics-schedule\/\" target=\"_blank\">SCHEDULE<\/a><\/div>[\/vc_column_inner][\/vc_row_inner][\/vc_column][\/vc_row]\n<\/div>","protected":false},"excerpt":{"rendered":"[vc_row][vc_column][vc_custom_heading text=\u00bbEste verano se celebrar\u00e1 la primera edici\u00f3n de un importante encuentro mundial del sector de los gimnasios de escalada:&#8230;","protected":false},"author":10,"featured_media":22283,"comment_status":"closed","ping_status":"closed","sticky":false,"template":"","format":"standard","meta":{"_acf_changed":false,"inline_featured_image":false,"footnotes":""},"categories":[935],"tags":[2829],"class_list":["post-188208","post","type-post","status-publish","format-standard","has-post-thumbnail","hentry","category-redaccion","tag-wics"],"acf":[],"yoast_head":"<!-- This site is optimized with the Yoast SEO Premium plugin v28.3 (Yoast SEO v28.3) - https:\/\/yoast.com\/product\/yoast-seo-premium-wordpress\/ -->\n<title>Walltopia quiere verte en la primera Cumbre Mundial de Escalada en Pista Cubierta (WICS) | Walltopia<\/title>\n<meta name=\"description\" content=\"Walltopia organiza la primera conferencia y exposici\u00f3n internacional totalmente centrada en el aspecto empresarial de la escalada en interiores.\" \/>\n<meta name=\"robots\" content=\"index, follow, max-snippet:-1, max-image-preview:large, max-video-preview:-1\" \/>\n<link rel=\"canonical\" href=\"https:\/\/walltopia.com\/es\/walltopia-quiere-verte-en-la-primera-cumbre-mundial-de-escalada-en-pista-cubierta-wics\/\" \/>\n<meta property=\"og:locale\" content=\"es_ES\" \/>\n<meta property=\"og:type\" content=\"article\" \/>\n<meta property=\"og:title\" content=\"Walltopia quiere verte en la primera Cumbre Mundial de Escalada en Pista Cubierta (WICS)\" \/>\n<meta property=\"og:description\" content=\"Walltopia organiza la primera conferencia y exposici\u00f3n internacional totalmente centrada en el aspecto empresarial de la escalada en interiores.\" \/>\n<meta property=\"og:url\" content=\"https:\/\/walltopia.com\/es\/walltopia-quiere-verte-en-la-primera-cumbre-mundial-de-escalada-en-pista-cubierta-wics\/\" \/>\n<meta property=\"og:site_name\" content=\"Walltopia\" \/>\n<meta property=\"article:publisher\" content=\"https:\/\/www.facebook.com\/walltopiaclimbing\/\" \/>\n<meta property=\"article:published_time\" content=\"2021-06-21T09:11:19+00:00\" \/>\n<meta property=\"article:modified_time\" content=\"2026-01-15T14:37:31+00:00\" \/>\n<meta property=\"og:image\" content=\"https:\/\/cdn.walltopia.com\/wp-content\/uploads\/20231026085440\/f5dbf2c2ce8ec21ce67ae22c254e0091_XL.jpg\" \/>\n\t<meta property=\"og:image:width\" content=\"900\" \/>\n\t<meta property=\"og:image:height\" content=\"478\" \/>\n\t<meta property=\"og:image:type\" content=\"image\/jpeg\" \/>\n<meta name=\"author\" content=\"the_id\" \/>\n<meta name=\"twitter:card\" content=\"summary_large_image\" \/>\n<meta name=\"twitter:creator\" content=\"@walltopiabg\" \/>\n<meta name=\"twitter:site\" content=\"@walltopiabg\" \/>\n<script type=\"application\/ld+json\" class=\"yoast-schema-graph\">{\"@context\":\"https:\\\/\\\/schema.org\",\"@graph\":[{\"@type\":\"Article\",\"@id\":\"https:\\\/\\\/walltopia.com\\\/es\\\/walltopia-quiere-verte-en-la-primera-cumbre-mundial-de-escalada-en-pista-cubierta-wics\\\/#article\",\"isPartOf\":{\"@id\":\"https:\\\/\\\/walltopia.com\\\/es\\\/walltopia-quiere-verte-en-la-primera-cumbre-mundial-de-escalada-en-pista-cubierta-wics\\\/\"},\"author\":{\"name\":\"the_id\",\"@id\":\"https:\\\/\\\/walltopia.com\\\/es\\\/#\\\/schema\\\/person\\\/b30506c6570e8fcee537c66f40da51ff\"},\"headline\":\"Walltopia quiere verte en la primera Cumbre Mundial de Escalada en Pista Cubierta (WICS)\",\"datePublished\":\"2021-06-21T09:11:19+00:00\",\"dateModified\":\"2026-01-15T14:37:31+00:00\",\"mainEntityOfPage\":{\"@id\":\"https:\\\/\\\/walltopia.com\\\/es\\\/walltopia-quiere-verte-en-la-primera-cumbre-mundial-de-escalada-en-pista-cubierta-wics\\\/\"},\"wordCount\":794,\"publisher\":{\"@id\":\"https:\\\/\\\/walltopia.com\\\/es\\\/#organization\"},\"image\":{\"@id\":\"https:\\\/\\\/walltopia.com\\\/es\\\/walltopia-quiere-verte-en-la-primera-cumbre-mundial-de-escalada-en-pista-cubierta-wics\\\/#primaryimage\"},\"thumbnailUrl\":\"https:\\\/\\\/cdn.walltopia.com\\\/wp-content\\\/uploads\\\/20231026085440\\\/f5dbf2c2ce8ec21ce67ae22c254e0091_XL.jpg\",\"keywords\":[\"wics\"],\"articleSection\":[\"Redacci\u00f3n\"],\"inLanguage\":\"es\"},{\"@type\":\"WebPage\",\"@id\":\"https:\\\/\\\/walltopia.com\\\/es\\\/walltopia-quiere-verte-en-la-primera-cumbre-mundial-de-escalada-en-pista-cubierta-wics\\\/\",\"url\":\"https:\\\/\\\/walltopia.com\\\/es\\\/walltopia-quiere-verte-en-la-primera-cumbre-mundial-de-escalada-en-pista-cubierta-wics\\\/\",\"name\":\"Walltopia quiere verte en la primera Cumbre Mundial de Escalada en Pista Cubierta (WICS) | Walltopia\",\"isPartOf\":{\"@id\":\"https:\\\/\\\/walltopia.com\\\/es\\\/#website\"},\"primaryImageOfPage\":{\"@id\":\"https:\\\/\\\/walltopia.com\\\/es\\\/walltopia-quiere-verte-en-la-primera-cumbre-mundial-de-escalada-en-pista-cubierta-wics\\\/#primaryimage\"},\"image\":{\"@id\":\"https:\\\/\\\/walltopia.com\\\/es\\\/walltopia-quiere-verte-en-la-primera-cumbre-mundial-de-escalada-en-pista-cubierta-wics\\\/#primaryimage\"},\"thumbnailUrl\":\"https:\\\/\\\/cdn.walltopia.com\\\/wp-content\\\/uploads\\\/20231026085440\\\/f5dbf2c2ce8ec21ce67ae22c254e0091_XL.jpg\",\"datePublished\":\"2021-06-21T09:11:19+00:00\",\"dateModified\":\"2026-01-15T14:37:31+00:00\",\"description\":\"Walltopia organiza la primera conferencia y exposici\u00f3n internacional totalmente centrada en el aspecto empresarial de la escalada en interiores.\",\"breadcrumb\":{\"@id\":\"https:\\\/\\\/walltopia.com\\\/es\\\/walltopia-quiere-verte-en-la-primera-cumbre-mundial-de-escalada-en-pista-cubierta-wics\\\/#breadcrumb\"},\"inLanguage\":\"es\",\"potentialAction\":[{\"@type\":\"ReadAction\",\"target\":[\"https:\\\/\\\/walltopia.com\\\/es\\\/walltopia-quiere-verte-en-la-primera-cumbre-mundial-de-escalada-en-pista-cubierta-wics\\\/\"]}]},{\"@type\":\"ImageObject\",\"inLanguage\":\"es\",\"@id\":\"https:\\\/\\\/walltopia.com\\\/es\\\/walltopia-quiere-verte-en-la-primera-cumbre-mundial-de-escalada-en-pista-cubierta-wics\\\/#primaryimage\",\"url\":\"https:\\\/\\\/cdn.walltopia.com\\\/wp-content\\\/uploads\\\/20231026085440\\\/f5dbf2c2ce8ec21ce67ae22c254e0091_XL.jpg\",\"contentUrl\":\"https:\\\/\\\/cdn.walltopia.com\\\/wp-content\\\/uploads\\\/20231026085440\\\/f5dbf2c2ce8ec21ce67ae22c254e0091_XL.jpg\",\"width\":900,\"height\":478},{\"@type\":\"BreadcrumbList\",\"@id\":\"https:\\\/\\\/walltopia.com\\\/es\\\/walltopia-quiere-verte-en-la-primera-cumbre-mundial-de-escalada-en-pista-cubierta-wics\\\/#breadcrumb\",\"itemListElement\":[{\"@type\":\"ListItem\",\"position\":1,\"name\":\"Home\",\"item\":\"https:\\\/\\\/walltopia.com\\\/es\\\/inicio-es\\\/\"},{\"@type\":\"ListItem\",\"position\":2,\"name\":\"Walltopia quiere verte en la primera Cumbre Mundial de Escalada en Pista Cubierta (WICS)\"}]},{\"@type\":\"WebSite\",\"@id\":\"https:\\\/\\\/walltopia.com\\\/es\\\/#website\",\"url\":\"https:\\\/\\\/walltopia.com\\\/es\\\/\",\"name\":\"Walltopia\",\"description\":\"World leader in the design and production of climbing walls and active entertainment attractions\",\"publisher\":{\"@id\":\"https:\\\/\\\/walltopia.com\\\/es\\\/#organization\"},\"potentialAction\":[{\"@type\":\"SearchAction\",\"target\":{\"@type\":\"EntryPoint\",\"urlTemplate\":\"https:\\\/\\\/walltopia.com\\\/es\\\/?s={search_term_string}\"},\"query-input\":{\"@type\":\"PropertyValueSpecification\",\"valueRequired\":true,\"valueName\":\"search_term_string\"}}],\"inLanguage\":\"es\"},{\"@type\":\"Organization\",\"@id\":\"https:\\\/\\\/walltopia.com\\\/es\\\/#organization\",\"name\":\"Walltopia\",\"url\":\"https:\\\/\\\/walltopia.com\\\/es\\\/\",\"logo\":{\"@type\":\"ImageObject\",\"inLanguage\":\"es\",\"@id\":\"https:\\\/\\\/walltopia.com\\\/es\\\/#\\\/schema\\\/logo\\\/image\\\/\",\"url\":\"\",\"contentUrl\":\"\",\"caption\":\"Walltopia\"},\"image\":{\"@id\":\"https:\\\/\\\/walltopia.com\\\/es\\\/#\\\/schema\\\/logo\\\/image\\\/\"},\"sameAs\":[\"https:\\\/\\\/www.facebook.com\\\/walltopiaclimbing\\\/\",\"https:\\\/\\\/x.com\\\/walltopiabg\",\"https:\\\/\\\/www.instagram.com\\\/walltopia.active\\\/\",\"https:\\\/\\\/www.linkedin.com\\\/company\\\/walltopia-ltd.\",\"https:\\\/\\\/www.youtube.com\\\/user\\\/WALLTOPIA\"]},{\"@type\":\"Person\",\"@id\":\"https:\\\/\\\/walltopia.com\\\/es\\\/#\\\/schema\\\/person\\\/b30506c6570e8fcee537c66f40da51ff\",\"name\":\"the_id\"}]}<\/script>\n<!-- \/ Yoast SEO Premium plugin. -->","yoast_head_json":{"title":"Walltopia quiere verte en la primera Cumbre Mundial de Escalada en Pista Cubierta (WICS) | Walltopia","description":"Walltopia organiza la primera conferencia y exposici\u00f3n internacional totalmente centrada en el aspecto empresarial de la escalada en interiores.","robots":{"index":"index","follow":"follow","max-snippet":"max-snippet:-1","max-image-preview":"max-image-preview:large","max-video-preview":"max-video-preview:-1"},"canonical":"https:\/\/walltopia.com\/es\/walltopia-quiere-verte-en-la-primera-cumbre-mundial-de-escalada-en-pista-cubierta-wics\/","og_locale":"es_ES","og_type":"article","og_title":"Walltopia quiere verte en la primera Cumbre Mundial de Escalada en Pista Cubierta (WICS)","og_description":"Walltopia organiza la primera conferencia y exposici\u00f3n internacional totalmente centrada en el aspecto empresarial de la escalada en interiores.","og_url":"https:\/\/walltopia.com\/es\/walltopia-quiere-verte-en-la-primera-cumbre-mundial-de-escalada-en-pista-cubierta-wics\/","og_site_name":"Walltopia","article_publisher":"https:\/\/www.facebook.com\/walltopiaclimbing\/","article_published_time":"2021-06-21T09:11:19+00:00","article_modified_time":"2026-01-15T14:37:31+00:00","og_image":[{"width":900,"height":478,"url":"https:\/\/cdn.walltopia.com\/wp-content\/uploads\/20231026085440\/f5dbf2c2ce8ec21ce67ae22c254e0091_XL.jpg","type":"image\/jpeg"}],"author":"the_id","twitter_card":"summary_large_image","twitter_creator":"@walltopiabg","twitter_site":"@walltopiabg","schema":{"@context":"https:\/\/schema.org","@graph":[{"@type":"Article","@id":"https:\/\/walltopia.com\/es\/walltopia-quiere-verte-en-la-primera-cumbre-mundial-de-escalada-en-pista-cubierta-wics\/#article","isPartOf":{"@id":"https:\/\/walltopia.com\/es\/walltopia-quiere-verte-en-la-primera-cumbre-mundial-de-escalada-en-pista-cubierta-wics\/"},"author":{"name":"the_id","@id":"https:\/\/walltopia.com\/es\/#\/schema\/person\/b30506c6570e8fcee537c66f40da51ff"},"headline":"Walltopia quiere verte en la primera Cumbre Mundial de Escalada en Pista Cubierta (WICS)","datePublished":"2021-06-21T09:11:19+00:00","dateModified":"2026-01-15T14:37:31+00:00","mainEntityOfPage":{"@id":"https:\/\/walltopia.com\/es\/walltopia-quiere-verte-en-la-primera-cumbre-mundial-de-escalada-en-pista-cubierta-wics\/"},"wordCount":794,"publisher":{"@id":"https:\/\/walltopia.com\/es\/#organization"},"image":{"@id":"https:\/\/walltopia.com\/es\/walltopia-quiere-verte-en-la-primera-cumbre-mundial-de-escalada-en-pista-cubierta-wics\/#primaryimage"},"thumbnailUrl":"https:\/\/cdn.walltopia.com\/wp-content\/uploads\/20231026085440\/f5dbf2c2ce8ec21ce67ae22c254e0091_XL.jpg","keywords":["wics"],"articleSection":["Redacci\u00f3n"],"inLanguage":"es"},{"@type":"WebPage","@id":"https:\/\/walltopia.com\/es\/walltopia-quiere-verte-en-la-primera-cumbre-mundial-de-escalada-en-pista-cubierta-wics\/","url":"https:\/\/walltopia.com\/es\/walltopia-quiere-verte-en-la-primera-cumbre-mundial-de-escalada-en-pista-cubierta-wics\/","name":"Walltopia quiere verte en la primera Cumbre Mundial de Escalada en Pista Cubierta (WICS) | Walltopia","isPartOf":{"@id":"https:\/\/walltopia.com\/es\/#website"},"primaryImageOfPage":{"@id":"https:\/\/walltopia.com\/es\/walltopia-quiere-verte-en-la-primera-cumbre-mundial-de-escalada-en-pista-cubierta-wics\/#primaryimage"},"image":{"@id":"https:\/\/walltopia.com\/es\/walltopia-quiere-verte-en-la-primera-cumbre-mundial-de-escalada-en-pista-cubierta-wics\/#primaryimage"},"thumbnailUrl":"https:\/\/cdn.walltopia.com\/wp-content\/uploads\/20231026085440\/f5dbf2c2ce8ec21ce67ae22c254e0091_XL.jpg","datePublished":"2021-06-21T09:11:19+00:00","dateModified":"2026-01-15T14:37:31+00:00","description":"Walltopia organiza la primera conferencia y exposici\u00f3n internacional totalmente centrada en el aspecto empresarial de la escalada en interiores.","breadcrumb":{"@id":"https:\/\/walltopia.com\/es\/walltopia-quiere-verte-en-la-primera-cumbre-mundial-de-escalada-en-pista-cubierta-wics\/#breadcrumb"},"inLanguage":"es","potentialAction":[{"@type":"ReadAction","target":["https:\/\/walltopia.com\/es\/walltopia-quiere-verte-en-la-primera-cumbre-mundial-de-escalada-en-pista-cubierta-wics\/"]}]},{"@type":"ImageObject","inLanguage":"es","@id":"https:\/\/walltopia.com\/es\/walltopia-quiere-verte-en-la-primera-cumbre-mundial-de-escalada-en-pista-cubierta-wics\/#primaryimage","url":"https:\/\/cdn.walltopia.com\/wp-content\/uploads\/20231026085440\/f5dbf2c2ce8ec21ce67ae22c254e0091_XL.jpg","contentUrl":"https:\/\/cdn.walltopia.com\/wp-content\/uploads\/20231026085440\/f5dbf2c2ce8ec21ce67ae22c254e0091_XL.jpg","width":900,"height":478},{"@type":"BreadcrumbList","@id":"https:\/\/walltopia.com\/es\/walltopia-quiere-verte-en-la-primera-cumbre-mundial-de-escalada-en-pista-cubierta-wics\/#breadcrumb","itemListElement":[{"@type":"ListItem","position":1,"name":"Home","item":"https:\/\/walltopia.com\/es\/inicio-es\/"},{"@type":"ListItem","position":2,"name":"Walltopia quiere verte en la primera Cumbre Mundial de Escalada en Pista Cubierta (WICS)"}]},{"@type":"WebSite","@id":"https:\/\/walltopia.com\/es\/#website","url":"https:\/\/walltopia.com\/es\/","name":"Walltopia","description":"World leader in the design and production of climbing walls and active entertainment attractions","publisher":{"@id":"https:\/\/walltopia.com\/es\/#organization"},"potentialAction":[{"@type":"SearchAction","target":{"@type":"EntryPoint","urlTemplate":"https:\/\/walltopia.com\/es\/?s={search_term_string}"},"query-input":{"@type":"PropertyValueSpecification","valueRequired":true,"valueName":"search_term_string"}}],"inLanguage":"es"},{"@type":"Organization","@id":"https:\/\/walltopia.com\/es\/#organization","name":"Walltopia","url":"https:\/\/walltopia.com\/es\/","logo":{"@type":"ImageObject","inLanguage":"es","@id":"https:\/\/walltopia.com\/es\/#\/schema\/logo\/image\/","url":"","contentUrl":"","caption":"Walltopia"},"image":{"@id":"https:\/\/walltopia.com\/es\/#\/schema\/logo\/image\/"},"sameAs":["https:\/\/www.facebook.com\/walltopiaclimbing\/","https:\/\/x.com\/walltopiabg","https:\/\/www.instagram.com\/walltopia.active\/","https:\/\/www.linkedin.com\/company\/walltopia-ltd.","https:\/\/www.youtube.com\/user\/WALLTOPIA"]},{"@type":"Person","@id":"https:\/\/walltopia.com\/es\/#\/schema\/person\/b30506c6570e8fcee537c66f40da51ff","name":"the_id"}]}},"_links":{"self":[{"href":"https:\/\/walltopia.com\/es\/wp-json\/wp\/v2\/posts\/188208","targetHints":{"allow":["GET"]}}],"collection":[{"href":"https:\/\/walltopia.com\/es\/wp-json\/wp\/v2\/posts"}],"about":[{"href":"https:\/\/walltopia.com\/es\/wp-json\/wp\/v2\/types\/post"}],"author":[{"embeddable":true,"href":"https:\/\/walltopia.com\/es\/wp-json\/wp\/v2\/users\/10"}],"replies":[{"embeddable":true,"href":"https:\/\/walltopia.com\/es\/wp-json\/wp\/v2\/comments?post=188208"}],"version-history":[{"count":0,"href":"https:\/\/walltopia.com\/es\/wp-json\/wp\/v2\/posts\/188208\/revisions"}],"wp:featuredmedia":[{"embeddable":true,"href":"https:\/\/walltopia.com\/es\/wp-json\/wp\/v2\/media\/22283"}],"wp:attachment":[{"href":"https:\/\/walltopia.com\/es\/wp-json\/wp\/v2\/media?parent=188208"}],"wp:term":[{"taxonomy":"category","embeddable":true,"href":"https:\/\/walltopia.com\/es\/wp-json\/wp\/v2\/categories?post=188208"},{"taxonomy":"post_tag","embeddable":true,"href":"https:\/\/walltopia.com\/es\/wp-json\/wp\/v2\/tags?post=188208"}],"curies":[{"name":"wp","href":"https:\/\/api.w.org\/{rel}","templated":true}]}}