{"id":198763,"date":"2023-07-26T17:56:13","date_gmt":"2023-07-26T14:56:13","guid":{"rendered":"https:\/\/walltopia.com\/eventos-de-la-division-de-escalada-en-otono-de-2023\/"},"modified":"2026-01-15T18:05:06","modified_gmt":"2026-01-15T15:05:06","slug":"eventos-de-la-division-de-escalada-en-otono-de-2023","status":"publish","type":"post","link":"https:\/\/walltopia.com\/es\/eventos-de-la-division-de-escalada-en-otono-de-2023\/","title":{"rendered":"Eventos de la Divisi\u00f3n de Escalada en oto\u00f1o de 2023"},"content":{"rendered":"<div class=\"wpb-content-wrapper\">[vc_row][vc_column][vc_column_text]<strong>El oto\u00f1o de 2023 va a ser muy ajetreado para la divisi\u00f3n de escalada de Walltopia, \u00a1asistiendo a eventos por toda Europa!<\/strong>  Empezando a mediados de septiembre en Sheffield (Reino Unido) para la conferencia anual de ABC walls, siguiendo con el Salon de l&#8217;Escalade en Grenoble (Francia) y, por \u00faltimo, Vertical Pro a finales de noviembre, justo antes de que empecemos a prepararnos para las fiestas navide\u00f1as.[\/vc_column_text][vc_separator css=\u00bb.vc_custom_1690383205560{margin-top: 30px !important;}\u00bb][vc_row_inner css=\u00bb.vc_custom_1690382728011{margin-top: 50px !important;}\u00bb][vc_column_inner width=\u00bb1\/3&#8243;][vc_single_image image=\u00bb101164&#8243; img_size=\u00bbfull\u00bb][\/vc_column_inner][vc_column_inner width=\u00bb2\/3&#8243;][vc_custom_heading text=\u00bbConferencia ABC\u00bb font_container=\u00bbtag:h3|text_align:left\u00bb use_theme_fonts=\u00bbyes\u00bb][vc_custom_heading text=\u00bb14-15 de septiembre de 2023<br \/>\nSheffield, Reino Unido\u00bb font_container=\u00bbtag:h5|text_align:left\u00bb use_theme_fonts=\u00bbyes\u00bb][\/vc_column_inner][\/vc_row_inner][\/vc_column][\/vc_row][vc_row css=\u00bb.vc_custom_1690381712057{border-bottom-width: 50px !important;}\u00bb][vc_column][vc_column_text]\n<p>En septiembre, antes incluso de que se nos vaya el bronceado de las vacaciones de verano, vamos a ir a refrescarnos a Sheffield, Reino Unido, para la <a href=\"https:\/\/www.abcwalls.co.uk\/about\/conference-2023\/\">Conferencia anual de la Asociaci\u00f3n de Roc\u00f3dromos Brit\u00e1nicos<\/a>. Estamos encantados de ser patrocinadores principales este a\u00f1o. Llevamos asistiendo al evento desde que a\u00fan era una peque\u00f1a sala con una mesa y una silla para cada vendedor y lo hemos visto crecer y profesionalizarse junto con la industria de la escalada hasta convertirse en una conferencia empresarial bien establecida. Como fabricante l\u00edder, nos sentimos responsables y honrados de poder apoyar el crecimiento de la industria a trav\u00e9s de este tipo de eventos.<\/p>\n[\/vc_column_text][vc_separator css=\u00bb.vc_custom_1690383212544{margin-top: 30px !important;}\u00bb][\/vc_column][\/vc_row][vc_row css=\u00bb.vc_custom_1690382975046{margin-top: 50px !important;}\u00bb][vc_column width=\u00bb1\/3&#8243;][vc_single_image image=\u00bb101171&#8243; img_size=\u00bbfull\u00bb][\/vc_column][vc_column width=\u00bb2\/3&#8243;][vc_custom_heading text=\u00bbSal\u00f3n de l&apos;Escalade\u00bb font_container=\u00bbtag:h3|text_align:left\u00bb use_theme_fonts=\u00bbyes\u00bb][vc_custom_heading text=\u00bb29-30 de septiembre de 2023<br \/>\nGrenoble, Francia\u00bb font_container=\u00bbtag:h5|text_align:left\u00bb use_theme_fonts=\u00bbyes\u00bb][\/vc_column][\/vc_row][vc_row css=\u00bb.vc_custom_1690381731689{border-bottom-width: 50px !important;}\u00bb][vc_column][vc_column_text]\n<p>Justo despu\u00e9s de la Conferencia ABC en el Reino Unido, nos dirigimos al coraz\u00f3n de los Alpes franceses: Grenoble, para un poco de escalada dura y buen vino. Es broma, vamos all\u00ed para la 4\u00aa edici\u00f3n <a href=\"https:\/\/www.salon-escalade.com\/\">del Salon de l&#8217;Escalade<\/a>. Nos hace mucha ilusi\u00f3n reunirnos con todos nuestros amigos, clientes y socios de Francia y los pa\u00edses vecinos, y nos encantar\u00eda conocer a gente nueva del sector profesional de la escalada con la que colaborar.<\/p>\n[\/vc_column_text][vc_separator css=\u00bb.vc_custom_1690383219723{margin-top: 30px !important;}\u00bb][\/vc_column][\/vc_row][vc_row css=\u00bb.vc_custom_1690382922003{margin-top: 50px !important;}\u00bb][vc_column width=\u00bb1\/3&#8243;][vc_single_image image=\u00bb101178&#8243; img_size=\u00bbfull\u00bb][\/vc_column][vc_column width=\u00bb2\/3&#8243;][vc_custom_heading text=\u00bbVertical Pro\u00bb font_container=\u00bbtag:h3|text_align:left\u00bb use_theme_fonts=\u00bbyes\u00bb][vc_custom_heading text=\u00bb24-25 de noviembre de 2023<br \/>\nFriedrichshafen, Alemania\u00bb font_container=\u00bbtag:h5|text_align:left\u00bb use_theme_fonts=\u00bbyes\u00bb][\/vc_column][\/vc_row][vc_row][vc_column][vc_column_text css=\u00bb.vc_custom_1690382646255{border-bottom-width: 50px !important;}\u00bb]\n<p>Durante la \u00e9poca oscura y gris del a\u00f1o, a finales de noviembre, hay un evento que alegra el \u00e1nimo y mantiene motivados a los profesionales de la industria de la escalada: <a href=\"https:\/\/www.vertical-pro.com\/\">Vertical Pro<\/a>. Al igual que en los dos eventos anteriores, hemos formado parte de Halls&#8217;n&#8217;Walls desde sus comienzos como un peque\u00f1o encuentro para profesionales de la escalada en interior y hemos visto c\u00f3mo se transformaba enormemente en el enorme centro profesional para todos los Vertical Pro que es ahora.<\/p>\n[\/vc_column_text][vc_separator css=\u00bb.vc_custom_1690383225629{margin-top: 30px !important;}\u00bb][vc_custom_heading text=\u00bbNos vemos all\u00ed\u00bb use_theme_fonts=\u00bbyes\u00bb css=\u00bb.vc_custom_1690382875580{margin-top: 50px !important;}\u00bb][vc_column_text css=\u00bb.vc_custom_1691079110851{border-bottom-width: 50px !important;}\u00bb]\n<p>\u00danete a nosotros en nuestros stands durante estos eventos, explora nuestra gama de productos para roc\u00f3dromos y habla de posibles proyectos y colaboraciones. En nuestro stand expondremos:<\/p>\n<ul>\n<li><strong>Paneles de Muro de Escalada Utilizables y Paneles de Doble Textura:<\/strong> Comprueba el aspecto y siente la fricci\u00f3n de las distintas opciones de acabado para roc\u00f3dromos<\/li>\n<li><strong>Madera natural, paneles de bamb\u00fa y chapas:<\/strong> Explora la variedad de dise\u00f1os de los paneles para roc\u00f3dromos Walltopia inspirados en la naturaleza y mira diferentes combinaciones con colores s\u00f3lidos<\/li>\n<li><strong>Vol\u00famenes de madera de doble textura:<\/strong> Descubre c\u00f3mo nuestros \u00faltimos dise\u00f1os de vol\u00famenes pueden mejorar las experiencias de escalada.<\/li>\n<li><strong>Muestras de suelos Climbmat:<\/strong> Prueba la seguridad y el rendimiento de las opciones de suelo Climbmat, perfectas para gimnasios de escalada y centros de aventura.<\/li>\n<\/ul>\n[\/vc_column_text][vc_column_text css=\u00bb.vc_custom_1690382913921{margin-top: 30px !important;border-bottom-width: 50px !important;}\u00bb]\n<p>Nuestro equipo de entusiastas de la escalada y expertos del sector estar\u00e1 a tu disposici\u00f3n para hablar contigo, responder a tus preguntas y explorar posibles proyectos o colaboraciones. Tanto si representas a un gimnasio de escalada, como a un centro de aventura al aire libre o a cualquier otro negocio relacionado con la escalada, estamos deseando hablar contigo sobre c\u00f3mo nuestros productos pueden elevar tu oferta y crear experiencias de escalada inolvidables para tus clientes.<\/p>\n[\/vc_column_text][vc_column_text css=\u00bb.vc_custom_1690383134324{margin-top: 30px !important;border-bottom-width: 50px !important;}\u00bb]\n<p>Si quieres reservar una reuni\u00f3n, rellena el formulario de la derecha, sigue el enlace que aparece a continuaci\u00f3n o simplemente env\u00eda un correo electr\u00f3nico a <strong>sales [at] walltopia.com<\/strong><\/p>\n[\/vc_column_text][vc_btn title=\u00bbConcierte una reuni\u00f3n\u00bb style=\u00bbclassic\u00bb color=\u00bbdanger\u00bb link=\u00bburl:https%3A%2F%2Fwalltopia.com%2Fes%2Fcontactos%2F|title:Contact%20Us|\u00bb css=\u00bb.vc_custom_1690383119358{margin-top: 30px !important;}\u00bb][\/vc_column][\/vc_row]\n<\/div>","protected":false},"excerpt":{"rendered":"Encu\u00e9ntranos en estos eventos internacionales de la industria de la escalada en interiores.","protected":false},"author":6,"featured_media":0,"comment_status":"closed","ping_status":"closed","sticky":false,"template":"","format":"standard","meta":{"_acf_changed":false,"inline_featured_image":false,"footnotes":""},"categories":[945,935],"tags":[],"class_list":["post-198763","post","type-post","status-publish","format-standard","hentry","category-escalada","category-redaccion"],"acf":[],"yoast_head":"<!-- This site is optimized with the Yoast SEO Premium plugin v28.3 (Yoast SEO v28.3) - https:\/\/yoast.com\/product\/yoast-seo-premium-wordpress\/ -->\n<title>Eventos de la Divisi\u00f3n de Escalada en oto\u00f1o de 2023 | Walltopia<\/title>\n<meta name=\"description\" content=\"Encu\u00e9ntranos en estos eventos internacionales de la industria de la escalada en interiores.\" \/>\n<meta name=\"robots\" content=\"index, follow, max-snippet:-1, max-image-preview:large, max-video-preview:-1\" \/>\n<link rel=\"canonical\" href=\"https:\/\/walltopia.com\/es\/eventos-de-la-division-de-escalada-en-otono-de-2023\/\" \/>\n<meta property=\"og:locale\" content=\"es_ES\" \/>\n<meta property=\"og:type\" content=\"article\" \/>\n<meta property=\"og:title\" content=\"Eventos de la Divisi\u00f3n de Escalada en oto\u00f1o de 2023\" \/>\n<meta property=\"og:description\" content=\"Encu\u00e9ntranos en estos eventos internacionales de la industria de la escalada en interiores.\" \/>\n<meta property=\"og:url\" content=\"https:\/\/walltopia.com\/es\/eventos-de-la-division-de-escalada-en-otono-de-2023\/\" \/>\n<meta property=\"og:site_name\" content=\"Walltopia\" \/>\n<meta property=\"article:publisher\" content=\"https:\/\/www.facebook.com\/walltopiaclimbing\/\" \/>\n<meta property=\"article:published_time\" content=\"2023-07-26T14:56:13+00:00\" \/>\n<meta property=\"article:modified_time\" content=\"2026-01-15T15:05:06+00:00\" \/>\n<meta name=\"author\" content=\"Ani Manova\" \/>\n<meta name=\"twitter:card\" content=\"summary_large_image\" \/>\n<meta name=\"twitter:creator\" content=\"@walltopiabg\" \/>\n<meta name=\"twitter:site\" content=\"@walltopiabg\" \/>\n<script type=\"application\/ld+json\" class=\"yoast-schema-graph\">{\"@context\":\"https:\\\/\\\/schema.org\",\"@graph\":[{\"@type\":\"Article\",\"@id\":\"https:\\\/\\\/walltopia.com\\\/es\\\/eventos-de-la-division-de-escalada-en-otono-de-2023\\\/#article\",\"isPartOf\":{\"@id\":\"https:\\\/\\\/walltopia.com\\\/es\\\/eventos-de-la-division-de-escalada-en-otono-de-2023\\\/\"},\"author\":{\"name\":\"Ani Manova\",\"@id\":\"https:\\\/\\\/walltopia.com\\\/es\\\/#\\\/schema\\\/person\\\/12e3d2cc8853cc95d0f08065e0bc93f1\"},\"headline\":\"Eventos de la Divisi\u00f3n de Escalada en oto\u00f1o de 2023\",\"datePublished\":\"2023-07-26T14:56:13+00:00\",\"dateModified\":\"2026-01-15T15:05:06+00:00\",\"mainEntityOfPage\":{\"@id\":\"https:\\\/\\\/walltopia.com\\\/es\\\/eventos-de-la-division-de-escalada-en-otono-de-2023\\\/\"},\"wordCount\":1010,\"publisher\":{\"@id\":\"https:\\\/\\\/walltopia.com\\\/es\\\/#organization\"},\"articleSection\":[\"Escalada\",\"Redacci\u00f3n\"],\"inLanguage\":\"es\"},{\"@type\":\"WebPage\",\"@id\":\"https:\\\/\\\/walltopia.com\\\/es\\\/eventos-de-la-division-de-escalada-en-otono-de-2023\\\/\",\"url\":\"https:\\\/\\\/walltopia.com\\\/es\\\/eventos-de-la-division-de-escalada-en-otono-de-2023\\\/\",\"name\":\"Eventos de la Divisi\u00f3n de Escalada en oto\u00f1o de 2023 | Walltopia\",\"isPartOf\":{\"@id\":\"https:\\\/\\\/walltopia.com\\\/es\\\/#website\"},\"datePublished\":\"2023-07-26T14:56:13+00:00\",\"dateModified\":\"2026-01-15T15:05:06+00:00\",\"description\":\"Encu\u00e9ntranos en estos eventos internacionales de la industria de la escalada en interiores.\",\"breadcrumb\":{\"@id\":\"https:\\\/\\\/walltopia.com\\\/es\\\/eventos-de-la-division-de-escalada-en-otono-de-2023\\\/#breadcrumb\"},\"inLanguage\":\"es\",\"potentialAction\":[{\"@type\":\"ReadAction\",\"target\":[\"https:\\\/\\\/walltopia.com\\\/es\\\/eventos-de-la-division-de-escalada-en-otono-de-2023\\\/\"]}]},{\"@type\":\"BreadcrumbList\",\"@id\":\"https:\\\/\\\/walltopia.com\\\/es\\\/eventos-de-la-division-de-escalada-en-otono-de-2023\\\/#breadcrumb\",\"itemListElement\":[{\"@type\":\"ListItem\",\"position\":1,\"name\":\"Home\",\"item\":\"https:\\\/\\\/walltopia.com\\\/es\\\/inicio-es\\\/\"},{\"@type\":\"ListItem\",\"position\":2,\"name\":\"Eventos de la Divisi\u00f3n de Escalada en oto\u00f1o de 2023\"}]},{\"@type\":\"WebSite\",\"@id\":\"https:\\\/\\\/walltopia.com\\\/es\\\/#website\",\"url\":\"https:\\\/\\\/walltopia.com\\\/es\\\/\",\"name\":\"Walltopia\",\"description\":\"World leader in the design and production of climbing walls and active entertainment attractions\",\"publisher\":{\"@id\":\"https:\\\/\\\/walltopia.com\\\/es\\\/#organization\"},\"potentialAction\":[{\"@type\":\"SearchAction\",\"target\":{\"@type\":\"EntryPoint\",\"urlTemplate\":\"https:\\\/\\\/walltopia.com\\\/es\\\/?s={search_term_string}\"},\"query-input\":{\"@type\":\"PropertyValueSpecification\",\"valueRequired\":true,\"valueName\":\"search_term_string\"}}],\"inLanguage\":\"es\"},{\"@type\":\"Organization\",\"@id\":\"https:\\\/\\\/walltopia.com\\\/es\\\/#organization\",\"name\":\"Walltopia\",\"url\":\"https:\\\/\\\/walltopia.com\\\/es\\\/\",\"logo\":{\"@type\":\"ImageObject\",\"inLanguage\":\"es\",\"@id\":\"https:\\\/\\\/walltopia.com\\\/es\\\/#\\\/schema\\\/logo\\\/image\\\/\",\"url\":\"\",\"contentUrl\":\"\",\"caption\":\"Walltopia\"},\"image\":{\"@id\":\"https:\\\/\\\/walltopia.com\\\/es\\\/#\\\/schema\\\/logo\\\/image\\\/\"},\"sameAs\":[\"https:\\\/\\\/www.facebook.com\\\/walltopiaclimbing\\\/\",\"https:\\\/\\\/x.com\\\/walltopiabg\",\"https:\\\/\\\/www.instagram.com\\\/walltopia.active\\\/\",\"https:\\\/\\\/www.linkedin.com\\\/company\\\/walltopia-ltd.\",\"https:\\\/\\\/www.youtube.com\\\/user\\\/WALLTOPIA\"]},{\"@type\":\"Person\",\"@id\":\"https:\\\/\\\/walltopia.com\\\/es\\\/#\\\/schema\\\/person\\\/12e3d2cc8853cc95d0f08065e0bc93f1\",\"name\":\"Ani Manova\"}]}<\/script>\n<!-- \/ Yoast SEO Premium plugin. -->","yoast_head_json":{"title":"Eventos de la Divisi\u00f3n de Escalada en oto\u00f1o de 2023 | Walltopia","description":"Encu\u00e9ntranos en estos eventos internacionales de la industria de la escalada en interiores.","robots":{"index":"index","follow":"follow","max-snippet":"max-snippet:-1","max-image-preview":"max-image-preview:large","max-video-preview":"max-video-preview:-1"},"canonical":"https:\/\/walltopia.com\/es\/eventos-de-la-division-de-escalada-en-otono-de-2023\/","og_locale":"es_ES","og_type":"article","og_title":"Eventos de la Divisi\u00f3n de Escalada en oto\u00f1o de 2023","og_description":"Encu\u00e9ntranos en estos eventos internacionales de la industria de la escalada en interiores.","og_url":"https:\/\/walltopia.com\/es\/eventos-de-la-division-de-escalada-en-otono-de-2023\/","og_site_name":"Walltopia","article_publisher":"https:\/\/www.facebook.com\/walltopiaclimbing\/","article_published_time":"2023-07-26T14:56:13+00:00","article_modified_time":"2026-01-15T15:05:06+00:00","author":"Ani Manova","twitter_card":"summary_large_image","twitter_creator":"@walltopiabg","twitter_site":"@walltopiabg","schema":{"@context":"https:\/\/schema.org","@graph":[{"@type":"Article","@id":"https:\/\/walltopia.com\/es\/eventos-de-la-division-de-escalada-en-otono-de-2023\/#article","isPartOf":{"@id":"https:\/\/walltopia.com\/es\/eventos-de-la-division-de-escalada-en-otono-de-2023\/"},"author":{"name":"Ani Manova","@id":"https:\/\/walltopia.com\/es\/#\/schema\/person\/12e3d2cc8853cc95d0f08065e0bc93f1"},"headline":"Eventos de la Divisi\u00f3n de Escalada en oto\u00f1o de 2023","datePublished":"2023-07-26T14:56:13+00:00","dateModified":"2026-01-15T15:05:06+00:00","mainEntityOfPage":{"@id":"https:\/\/walltopia.com\/es\/eventos-de-la-division-de-escalada-en-otono-de-2023\/"},"wordCount":1010,"publisher":{"@id":"https:\/\/walltopia.com\/es\/#organization"},"articleSection":["Escalada","Redacci\u00f3n"],"inLanguage":"es"},{"@type":"WebPage","@id":"https:\/\/walltopia.com\/es\/eventos-de-la-division-de-escalada-en-otono-de-2023\/","url":"https:\/\/walltopia.com\/es\/eventos-de-la-division-de-escalada-en-otono-de-2023\/","name":"Eventos de la Divisi\u00f3n de Escalada en oto\u00f1o de 2023 | Walltopia","isPartOf":{"@id":"https:\/\/walltopia.com\/es\/#website"},"datePublished":"2023-07-26T14:56:13+00:00","dateModified":"2026-01-15T15:05:06+00:00","description":"Encu\u00e9ntranos en estos eventos internacionales de la industria de la escalada en interiores.","breadcrumb":{"@id":"https:\/\/walltopia.com\/es\/eventos-de-la-division-de-escalada-en-otono-de-2023\/#breadcrumb"},"inLanguage":"es","potentialAction":[{"@type":"ReadAction","target":["https:\/\/walltopia.com\/es\/eventos-de-la-division-de-escalada-en-otono-de-2023\/"]}]},{"@type":"BreadcrumbList","@id":"https:\/\/walltopia.com\/es\/eventos-de-la-division-de-escalada-en-otono-de-2023\/#breadcrumb","itemListElement":[{"@type":"ListItem","position":1,"name":"Home","item":"https:\/\/walltopia.com\/es\/inicio-es\/"},{"@type":"ListItem","position":2,"name":"Eventos de la Divisi\u00f3n de Escalada en oto\u00f1o de 2023"}]},{"@type":"WebSite","@id":"https:\/\/walltopia.com\/es\/#website","url":"https:\/\/walltopia.com\/es\/","name":"Walltopia","description":"World leader in the design and production of climbing walls and active entertainment attractions","publisher":{"@id":"https:\/\/walltopia.com\/es\/#organization"},"potentialAction":[{"@type":"SearchAction","target":{"@type":"EntryPoint","urlTemplate":"https:\/\/walltopia.com\/es\/?s={search_term_string}"},"query-input":{"@type":"PropertyValueSpecification","valueRequired":true,"valueName":"search_term_string"}}],"inLanguage":"es"},{"@type":"Organization","@id":"https:\/\/walltopia.com\/es\/#organization","name":"Walltopia","url":"https:\/\/walltopia.com\/es\/","logo":{"@type":"ImageObject","inLanguage":"es","@id":"https:\/\/walltopia.com\/es\/#\/schema\/logo\/image\/","url":"","contentUrl":"","caption":"Walltopia"},"image":{"@id":"https:\/\/walltopia.com\/es\/#\/schema\/logo\/image\/"},"sameAs":["https:\/\/www.facebook.com\/walltopiaclimbing\/","https:\/\/x.com\/walltopiabg","https:\/\/www.instagram.com\/walltopia.active\/","https:\/\/www.linkedin.com\/company\/walltopia-ltd.","https:\/\/www.youtube.com\/user\/WALLTOPIA"]},{"@type":"Person","@id":"https:\/\/walltopia.com\/es\/#\/schema\/person\/12e3d2cc8853cc95d0f08065e0bc93f1","name":"Ani Manova"}]}},"_links":{"self":[{"href":"https:\/\/walltopia.com\/es\/wp-json\/wp\/v2\/posts\/198763","targetHints":{"allow":["GET"]}}],"collection":[{"href":"https:\/\/walltopia.com\/es\/wp-json\/wp\/v2\/posts"}],"about":[{"href":"https:\/\/walltopia.com\/es\/wp-json\/wp\/v2\/types\/post"}],"author":[{"embeddable":true,"href":"https:\/\/walltopia.com\/es\/wp-json\/wp\/v2\/users\/6"}],"replies":[{"embeddable":true,"href":"https:\/\/walltopia.com\/es\/wp-json\/wp\/v2\/comments?post=198763"}],"version-history":[{"count":0,"href":"https:\/\/walltopia.com\/es\/wp-json\/wp\/v2\/posts\/198763\/revisions"}],"wp:attachment":[{"href":"https:\/\/walltopia.com\/es\/wp-json\/wp\/v2\/media?parent=198763"}],"wp:term":[{"taxonomy":"category","embeddable":true,"href":"https:\/\/walltopia.com\/es\/wp-json\/wp\/v2\/categories?post=198763"},{"taxonomy":"post_tag","embeddable":true,"href":"https:\/\/walltopia.com\/es\/wp-json\/wp\/v2\/tags?post=198763"}],"curies":[{"name":"wp","href":"https:\/\/api.w.org\/{rel}","templated":true}]}}