{"id":187396,"date":"2021-06-21T15:05:35","date_gmt":"2021-06-21T12:05:35","guid":{"rendered":"https:\/\/walltopia.com\/faits-marquants-du-deuxieme-sommet-mondial-de-lescalade-en-salle-2019\/"},"modified":"2026-01-15T17:35:27","modified_gmt":"2026-01-15T14:35:27","slug":"faits-marquants-du-deuxieme-sommet-mondial-de-lescalade-en-salle-2019","status":"publish","type":"post","link":"https:\/\/walltopia.com\/fr\/faits-marquants-du-deuxieme-sommet-mondial-de-lescalade-en-salle-2019\/","title":{"rendered":"Faits marquants du deuxi\u00e8me sommet mondial de l&rsquo;escalade en salle 2019"},"content":{"rendered":"<div class=\"wpb-content-wrapper\">[vc_row][vc_column][vc_custom_heading text=\u00a0\u00bbLa deuxi\u00e8me \u00e9dition du Sommet mondial de l&apos;escalade en salle a eu lieu du 19 au 21 juin 2019 \u00e0 Sofia, en Bulgarie, mettant en relation les experts de niveau C du secteur de l&apos;escalade.\u00a0\u00bb font_container=\u00a0\u00bbtag:h2|font_size:18|text_align:left|color:%23000000|line_height:1.5&Prime; use_theme_fonts=\u00a0\u00bbyes\u00a0\u00bb css_animation=\u00a0\u00bbfadeInUp\u00a0\u00bb][vc_column_text css_animation=\u00a0\u00bbfadeInUp\u00a0\u00bb css=\u00a0\u00bb\u00a0\u00bb]\n<p style=\"font-size: 18px; line-height: 1.8em;\">Nous avons r\u00e9uni 290 des principaux acteurs de l&rsquo;escalade en salle pour des discussions qui fa\u00e7onnent l&rsquo;avenir de notre industrie. Le sommet a pr\u00e9sent\u00e9 aux participants des conf\u00e9rences et des panels de discussion. Les sujets abord\u00e9s allaient du jour o\u00f9 l&rsquo;on d\u00e9cide d&rsquo;ouvrir une salle de sport jusqu&rsquo;aux op\u00e9rations quotidiennes, en passant par la planification et la construction. Un atelier s&rsquo;est concentr\u00e9 sur les meilleures pratiques en mati\u00e8re d&rsquo;\u00e9tablissement d&rsquo;itin\u00e9raires. Mais c&rsquo;est surtout l&rsquo;\u00e9change de connaissances et d&rsquo;exp\u00e9riences entre des experts du secteur venus de 29 pays qui a fait la valeur de la WICS. Nous avons apport\u00e9 de nouvelles perspectives sur l&rsquo;\u00e9tat de l&rsquo;industrie dans le monde entier &#8211; des march\u00e9s bien \u00e9tablis aux march\u00e9s en d\u00e9veloppement.     <\/p>\n<h4>Nouveaux th\u00e8mes<\/h4>\n[\/vc_column_text][vc_row_inner][vc_column_inner width=\u00a0\u00bb1\/2&Prime;][vc_gallery interval=\u00a0\u00bb3&Prime; images=\u00a0\u00bb22369,22375,22381,22387,22393,22399&Prime; img_size=\u00a0\u00bbfull\u00a0\u00bb css_animation=\u00a0\u00bbfadeInUp\u00a0\u00bb css=\u00a0\u00bb.vc_custom_1624276824920{padding-top: 2% !important;}\u00a0\u00bb][\/vc_column_inner][vc_column_inner width=\u00a0\u00bb1\/2&Prime;][vc_column_text css_animation=\u00a0\u00bbfadeInUp\u00a0\u00bb css=\u00a0\u00bb\u00a0\u00bb]\n<p style=\"font-size: 18px; line-height: 1.8em;\">L&rsquo;un des points forts de la deuxi\u00e8me \u00e9dition de la WICS a \u00e9t\u00e9 l&rsquo;introduction de nouveaux sujets. Nous avons parl\u00e9 du financement par le biais du capital-investissement et de la question de savoir si les restaurants ont leur place dans les salles d&rsquo;escalade. Nous nous sommes \u00e9galement tourn\u00e9s vers d&rsquo;autres secteurs, plus matures, afin d&rsquo;apprendre d&rsquo;eux. Des professionnels tr\u00e8s exp\u00e9riment\u00e9s du secteur de la remise en forme ont organis\u00e9 une table ronde. Ils ont pr\u00e9sent\u00e9 la mani\u00e8re dont ils ont g\u00e9r\u00e9 la vaste expansion du secteur. En outre, ils ont partag\u00e9 certaines pratiques qui pourraient \u00e9galement s&rsquo;appliquer aux salles d&rsquo;escalade.     <\/p>\n[\/vc_column_text][\/vc_column_inner][\/vc_row_inner][vc_row_inner][vc_column_inner width=\u00a0\u00bb1\/2&Prime;][vc_column_text css_animation=\u00a0\u00bbfadeInUp\u00a0\u00bb css=\u00a0\u00bb\u00a0\u00bb]\n<h4>L&rsquo;essor de l&rsquo;escalade<\/h4>\n<p style=\"font-size: 18px; line-height: 1.8em;\">Le discours de cl\u00f4ture \u00e9tait une grande discussion sur l&rsquo;avenir de l&rsquo;escalade qui a d\u00e9clench\u00e9 un d\u00e9bat sur la question de savoir si la croissance \u00e0 laquelle l&rsquo;escalade est confront\u00e9e entra\u00eenera ou non une perte de son caract\u00e8re. Les avis \u00e9taient partag\u00e9s. La plupart des participants \u00e9taient optimistes et pensaient que nous devrions non seulement trouver un moyen de conserver le caract\u00e8re unique de l&rsquo;escalade, mais aussi capitaliser sur celui-ci pour l&rsquo;introduire aupr\u00e8s d&rsquo;un public plus large. Il n&rsquo;y a pas eu de pr\u00e9visions claires sur ce que l&rsquo;on peut attendre dans un avenir lointain. Cependant, la plupart des participants ont d\u00e9clar\u00e9 qu&rsquo;ils voyaient de nouveaux horizons s&rsquo;ouvrir \u00e0 nous si nous sommes pr\u00eats \u00e0 nous adapter et \u00e0 r\u00e9pondre aux besoins des communaut\u00e9s d&rsquo;escalade qui ne cessent de cro\u00eetre. Le sommet s&rsquo;est achev\u00e9 par une f\u00eate \u00e9pique sur le toit, c\u00e9l\u00e9brant le succ\u00e8s de l&rsquo;\u00e9v\u00e9nement, les choses apprises et les liens \u00e9tablis autour d&rsquo;un verre et de danses nocturnes.     <\/p>\n[\/vc_column_text][\/vc_column_inner][vc_column_inner width=\u00a0\u00bb1\/2&Prime;][vc_gallery interval=\u00a0\u00bb3&Prime; images=\u00a0\u00bb22405,22411,22417,22423,22429&Prime; img_size=\u00a0\u00bbfull\u00a0\u00bb css_animation=\u00a0\u00bbfadeInUp\u00a0\u00bb][\/vc_column_inner][\/vc_row_inner][vc_column_text css_animation=\u00a0\u00bbfadeInUp\u00a0\u00bb]\n<p style=\"font-size: 18px; line-height: 1.8em;\">Ce fut un plaisir d&rsquo;accueillir \u00e0 nouveau des experts de l&rsquo;industrie de l&rsquo;escalade du monde entier pour la deuxi\u00e8me \u00e9dition de la WICS. Nous sommes inspir\u00e9s pour la d\u00e9velopper et l&rsquo;am\u00e9liorer encore davantage. Restez \u00e0 l&rsquo;\u00e9coute pour conna\u00eetre les dates de la prochaine \u00e9dition.  <\/p>\n<p style=\"font-size: 18px; line-height: 1.8em;\">Des photos de l&rsquo;\u00e9v\u00e9nement sont disponibles sur <a href=\"https:\/\/www.facebook.com\/pg\/worldindoorclimbingsummit\/photos\/?tab=album&amp;album_id=310536736491660\">la page FB de WICS<\/a>.<\/p>\n[\/vc_column_text][\/vc_column][\/vc_row]\n<\/div>","protected":false},"excerpt":{"rendered":"Le deuxi\u00e8me sommet mondial de l&rsquo;escalade en salle s&rsquo;est tenu \u00e0 Sofia, en Bulgarie, r\u00e9unissant les experts de niveau C du secteur de l&rsquo;escalade.","protected":false},"author":10,"featured_media":22363,"comment_status":"closed","ping_status":"closed","sticky":false,"template":"","format":"standard","meta":{"_acf_changed":false,"inline_featured_image":false,"footnotes":""},"categories":[844],"tags":[2842,2843],"class_list":["post-187396","post","type-post","status-publish","format-standard","has-post-thumbnail","hentry","category-actualites","tag-wics","tag-wics2019"],"acf":[],"yoast_head":"<!-- This site is optimized with the Yoast SEO Premium plugin v28.3 (Yoast SEO v28.3) - https:\/\/yoast.com\/product\/yoast-seo-premium-wordpress\/ -->\n<title>Faits marquants du deuxi\u00e8me sommet mondial de l&#039;escalade en salle 2019 | Walltopia<\/title>\n<meta name=\"description\" content=\"Le deuxi\u00e8me sommet mondial de l&#039;escalade en salle s&#039;est tenu \u00e0 Sofia, en Bulgarie, r\u00e9unissant les experts de niveau C du secteur de l&#039;escalade.\" \/>\n<meta name=\"robots\" content=\"index, follow, max-snippet:-1, max-image-preview:large, max-video-preview:-1\" \/>\n<link rel=\"canonical\" href=\"https:\/\/walltopia.com\/fr\/faits-marquants-du-deuxieme-sommet-mondial-de-lescalade-en-salle-2019\/\" \/>\n<meta property=\"og:locale\" content=\"fr_FR\" \/>\n<meta property=\"og:type\" content=\"article\" \/>\n<meta property=\"og:title\" content=\"Faits marquants du deuxi\u00e8me sommet mondial de l&#039;escalade en salle 2019\" \/>\n<meta property=\"og:description\" content=\"Le deuxi\u00e8me sommet mondial de l&#039;escalade en salle s&#039;est tenu \u00e0 Sofia, en Bulgarie, r\u00e9unissant les experts de niveau C du secteur de l&#039;escalade.\" \/>\n<meta property=\"og:url\" content=\"https:\/\/walltopia.com\/fr\/faits-marquants-du-deuxieme-sommet-mondial-de-lescalade-en-salle-2019\/\" \/>\n<meta property=\"og:site_name\" content=\"Walltopia\" \/>\n<meta property=\"article:publisher\" content=\"https:\/\/www.facebook.com\/walltopiaclimbing\/\" \/>\n<meta property=\"article:published_time\" content=\"2021-06-21T12:05:35+00:00\" \/>\n<meta property=\"article:modified_time\" content=\"2026-01-15T14:35:27+00:00\" \/>\n<meta property=\"og:image\" content=\"https:\/\/cdn.walltopia.com\/wp-content\/uploads\/20231026085339\/wics-2019-panel.jpg\" \/>\n\t<meta property=\"og:image:width\" content=\"900\" \/>\n\t<meta property=\"og:image:height\" content=\"491\" \/>\n\t<meta property=\"og:image:type\" content=\"image\/jpeg\" \/>\n<meta name=\"author\" content=\"the_id\" \/>\n<meta name=\"twitter:card\" content=\"summary_large_image\" \/>\n<meta name=\"twitter:creator\" content=\"@walltopiabg\" \/>\n<meta name=\"twitter:site\" content=\"@walltopiabg\" \/>\n<script type=\"application\/ld+json\" class=\"yoast-schema-graph\">{\"@context\":\"https:\\\/\\\/schema.org\",\"@graph\":[{\"@type\":\"Article\",\"@id\":\"https:\\\/\\\/walltopia.com\\\/fr\\\/faits-marquants-du-deuxieme-sommet-mondial-de-lescalade-en-salle-2019\\\/#article\",\"isPartOf\":{\"@id\":\"https:\\\/\\\/walltopia.com\\\/fr\\\/faits-marquants-du-deuxieme-sommet-mondial-de-lescalade-en-salle-2019\\\/\"},\"author\":{\"name\":\"the_id\",\"@id\":\"https:\\\/\\\/walltopia.com\\\/fr\\\/#\\\/schema\\\/person\\\/b30506c6570e8fcee537c66f40da51ff\"},\"headline\":\"Faits marquants du deuxi\u00e8me sommet mondial de l&rsquo;escalade en salle 2019\",\"datePublished\":\"2021-06-21T12:05:35+00:00\",\"dateModified\":\"2026-01-15T14:35:27+00:00\",\"mainEntityOfPage\":{\"@id\":\"https:\\\/\\\/walltopia.com\\\/fr\\\/faits-marquants-du-deuxieme-sommet-mondial-de-lescalade-en-salle-2019\\\/\"},\"wordCount\":705,\"publisher\":{\"@id\":\"https:\\\/\\\/walltopia.com\\\/fr\\\/#organization\"},\"image\":{\"@id\":\"https:\\\/\\\/walltopia.com\\\/fr\\\/faits-marquants-du-deuxieme-sommet-mondial-de-lescalade-en-salle-2019\\\/#primaryimage\"},\"thumbnailUrl\":\"https:\\\/\\\/cdn.walltopia.com\\\/wp-content\\\/uploads\\\/20231026085339\\\/wics-2019-panel.jpg\",\"keywords\":[\"wics\",\"WICS2019\"],\"articleSection\":[\"Actualit\u00e9s\"],\"inLanguage\":\"fr-FR\"},{\"@type\":\"WebPage\",\"@id\":\"https:\\\/\\\/walltopia.com\\\/fr\\\/faits-marquants-du-deuxieme-sommet-mondial-de-lescalade-en-salle-2019\\\/\",\"url\":\"https:\\\/\\\/walltopia.com\\\/fr\\\/faits-marquants-du-deuxieme-sommet-mondial-de-lescalade-en-salle-2019\\\/\",\"name\":\"Faits marquants du deuxi\u00e8me sommet mondial de l'escalade en salle 2019 | Walltopia\",\"isPartOf\":{\"@id\":\"https:\\\/\\\/walltopia.com\\\/fr\\\/#website\"},\"primaryImageOfPage\":{\"@id\":\"https:\\\/\\\/walltopia.com\\\/fr\\\/faits-marquants-du-deuxieme-sommet-mondial-de-lescalade-en-salle-2019\\\/#primaryimage\"},\"image\":{\"@id\":\"https:\\\/\\\/walltopia.com\\\/fr\\\/faits-marquants-du-deuxieme-sommet-mondial-de-lescalade-en-salle-2019\\\/#primaryimage\"},\"thumbnailUrl\":\"https:\\\/\\\/cdn.walltopia.com\\\/wp-content\\\/uploads\\\/20231026085339\\\/wics-2019-panel.jpg\",\"datePublished\":\"2021-06-21T12:05:35+00:00\",\"dateModified\":\"2026-01-15T14:35:27+00:00\",\"description\":\"Le deuxi\u00e8me sommet mondial de l'escalade en salle s'est tenu \u00e0 Sofia, en Bulgarie, r\u00e9unissant les experts de niveau C du secteur de l'escalade.\",\"breadcrumb\":{\"@id\":\"https:\\\/\\\/walltopia.com\\\/fr\\\/faits-marquants-du-deuxieme-sommet-mondial-de-lescalade-en-salle-2019\\\/#breadcrumb\"},\"inLanguage\":\"fr-FR\",\"potentialAction\":[{\"@type\":\"ReadAction\",\"target\":[\"https:\\\/\\\/walltopia.com\\\/fr\\\/faits-marquants-du-deuxieme-sommet-mondial-de-lescalade-en-salle-2019\\\/\"]}]},{\"@type\":\"ImageObject\",\"inLanguage\":\"fr-FR\",\"@id\":\"https:\\\/\\\/walltopia.com\\\/fr\\\/faits-marquants-du-deuxieme-sommet-mondial-de-lescalade-en-salle-2019\\\/#primaryimage\",\"url\":\"https:\\\/\\\/cdn.walltopia.com\\\/wp-content\\\/uploads\\\/20231026085339\\\/wics-2019-panel.jpg\",\"contentUrl\":\"https:\\\/\\\/cdn.walltopia.com\\\/wp-content\\\/uploads\\\/20231026085339\\\/wics-2019-panel.jpg\",\"width\":900,\"height\":491},{\"@type\":\"BreadcrumbList\",\"@id\":\"https:\\\/\\\/walltopia.com\\\/fr\\\/faits-marquants-du-deuxieme-sommet-mondial-de-lescalade-en-salle-2019\\\/#breadcrumb\",\"itemListElement\":[{\"@type\":\"ListItem\",\"position\":1,\"name\":\"Home\",\"item\":\"https:\\\/\\\/walltopia.com\\\/fr\\\/accueil-fr\\\/\"},{\"@type\":\"ListItem\",\"position\":2,\"name\":\"Faits marquants du deuxi\u00e8me sommet mondial de l&#8217;escalade en salle 2019\"}]},{\"@type\":\"WebSite\",\"@id\":\"https:\\\/\\\/walltopia.com\\\/fr\\\/#website\",\"url\":\"https:\\\/\\\/walltopia.com\\\/fr\\\/\",\"name\":\"Walltopia\",\"description\":\"World leader in the design and production of climbing walls and active entertainment attractions\",\"publisher\":{\"@id\":\"https:\\\/\\\/walltopia.com\\\/fr\\\/#organization\"},\"potentialAction\":[{\"@type\":\"SearchAction\",\"target\":{\"@type\":\"EntryPoint\",\"urlTemplate\":\"https:\\\/\\\/walltopia.com\\\/fr\\\/?s={search_term_string}\"},\"query-input\":{\"@type\":\"PropertyValueSpecification\",\"valueRequired\":true,\"valueName\":\"search_term_string\"}}],\"inLanguage\":\"fr-FR\"},{\"@type\":\"Organization\",\"@id\":\"https:\\\/\\\/walltopia.com\\\/fr\\\/#organization\",\"name\":\"Walltopia\",\"url\":\"https:\\\/\\\/walltopia.com\\\/fr\\\/\",\"logo\":{\"@type\":\"ImageObject\",\"inLanguage\":\"fr-FR\",\"@id\":\"https:\\\/\\\/walltopia.com\\\/fr\\\/#\\\/schema\\\/logo\\\/image\\\/\",\"url\":\"\",\"contentUrl\":\"\",\"caption\":\"Walltopia\"},\"image\":{\"@id\":\"https:\\\/\\\/walltopia.com\\\/fr\\\/#\\\/schema\\\/logo\\\/image\\\/\"},\"sameAs\":[\"https:\\\/\\\/www.facebook.com\\\/walltopiaclimbing\\\/\",\"https:\\\/\\\/x.com\\\/walltopiabg\",\"https:\\\/\\\/www.instagram.com\\\/walltopia.active\\\/\",\"https:\\\/\\\/www.linkedin.com\\\/company\\\/walltopia-ltd.\",\"https:\\\/\\\/www.youtube.com\\\/user\\\/WALLTOPIA\"]},{\"@type\":\"Person\",\"@id\":\"https:\\\/\\\/walltopia.com\\\/fr\\\/#\\\/schema\\\/person\\\/b30506c6570e8fcee537c66f40da51ff\",\"name\":\"the_id\"}]}<\/script>\n<!-- \/ Yoast SEO Premium plugin. -->","yoast_head_json":{"title":"Faits marquants du deuxi\u00e8me sommet mondial de l'escalade en salle 2019 | Walltopia","description":"Le deuxi\u00e8me sommet mondial de l'escalade en salle s'est tenu \u00e0 Sofia, en Bulgarie, r\u00e9unissant les experts de niveau C du secteur de l'escalade.","robots":{"index":"index","follow":"follow","max-snippet":"max-snippet:-1","max-image-preview":"max-image-preview:large","max-video-preview":"max-video-preview:-1"},"canonical":"https:\/\/walltopia.com\/fr\/faits-marquants-du-deuxieme-sommet-mondial-de-lescalade-en-salle-2019\/","og_locale":"fr_FR","og_type":"article","og_title":"Faits marquants du deuxi\u00e8me sommet mondial de l'escalade en salle 2019","og_description":"Le deuxi\u00e8me sommet mondial de l'escalade en salle s'est tenu \u00e0 Sofia, en Bulgarie, r\u00e9unissant les experts de niveau C du secteur de l'escalade.","og_url":"https:\/\/walltopia.com\/fr\/faits-marquants-du-deuxieme-sommet-mondial-de-lescalade-en-salle-2019\/","og_site_name":"Walltopia","article_publisher":"https:\/\/www.facebook.com\/walltopiaclimbing\/","article_published_time":"2021-06-21T12:05:35+00:00","article_modified_time":"2026-01-15T14:35:27+00:00","og_image":[{"width":900,"height":491,"url":"https:\/\/cdn.walltopia.com\/wp-content\/uploads\/20231026085339\/wics-2019-panel.jpg","type":"image\/jpeg"}],"author":"the_id","twitter_card":"summary_large_image","twitter_creator":"@walltopiabg","twitter_site":"@walltopiabg","schema":{"@context":"https:\/\/schema.org","@graph":[{"@type":"Article","@id":"https:\/\/walltopia.com\/fr\/faits-marquants-du-deuxieme-sommet-mondial-de-lescalade-en-salle-2019\/#article","isPartOf":{"@id":"https:\/\/walltopia.com\/fr\/faits-marquants-du-deuxieme-sommet-mondial-de-lescalade-en-salle-2019\/"},"author":{"name":"the_id","@id":"https:\/\/walltopia.com\/fr\/#\/schema\/person\/b30506c6570e8fcee537c66f40da51ff"},"headline":"Faits marquants du deuxi\u00e8me sommet mondial de l&rsquo;escalade en salle 2019","datePublished":"2021-06-21T12:05:35+00:00","dateModified":"2026-01-15T14:35:27+00:00","mainEntityOfPage":{"@id":"https:\/\/walltopia.com\/fr\/faits-marquants-du-deuxieme-sommet-mondial-de-lescalade-en-salle-2019\/"},"wordCount":705,"publisher":{"@id":"https:\/\/walltopia.com\/fr\/#organization"},"image":{"@id":"https:\/\/walltopia.com\/fr\/faits-marquants-du-deuxieme-sommet-mondial-de-lescalade-en-salle-2019\/#primaryimage"},"thumbnailUrl":"https:\/\/cdn.walltopia.com\/wp-content\/uploads\/20231026085339\/wics-2019-panel.jpg","keywords":["wics","WICS2019"],"articleSection":["Actualit\u00e9s"],"inLanguage":"fr-FR"},{"@type":"WebPage","@id":"https:\/\/walltopia.com\/fr\/faits-marquants-du-deuxieme-sommet-mondial-de-lescalade-en-salle-2019\/","url":"https:\/\/walltopia.com\/fr\/faits-marquants-du-deuxieme-sommet-mondial-de-lescalade-en-salle-2019\/","name":"Faits marquants du deuxi\u00e8me sommet mondial de l'escalade en salle 2019 | Walltopia","isPartOf":{"@id":"https:\/\/walltopia.com\/fr\/#website"},"primaryImageOfPage":{"@id":"https:\/\/walltopia.com\/fr\/faits-marquants-du-deuxieme-sommet-mondial-de-lescalade-en-salle-2019\/#primaryimage"},"image":{"@id":"https:\/\/walltopia.com\/fr\/faits-marquants-du-deuxieme-sommet-mondial-de-lescalade-en-salle-2019\/#primaryimage"},"thumbnailUrl":"https:\/\/cdn.walltopia.com\/wp-content\/uploads\/20231026085339\/wics-2019-panel.jpg","datePublished":"2021-06-21T12:05:35+00:00","dateModified":"2026-01-15T14:35:27+00:00","description":"Le deuxi\u00e8me sommet mondial de l'escalade en salle s'est tenu \u00e0 Sofia, en Bulgarie, r\u00e9unissant les experts de niveau C du secteur de l'escalade.","breadcrumb":{"@id":"https:\/\/walltopia.com\/fr\/faits-marquants-du-deuxieme-sommet-mondial-de-lescalade-en-salle-2019\/#breadcrumb"},"inLanguage":"fr-FR","potentialAction":[{"@type":"ReadAction","target":["https:\/\/walltopia.com\/fr\/faits-marquants-du-deuxieme-sommet-mondial-de-lescalade-en-salle-2019\/"]}]},{"@type":"ImageObject","inLanguage":"fr-FR","@id":"https:\/\/walltopia.com\/fr\/faits-marquants-du-deuxieme-sommet-mondial-de-lescalade-en-salle-2019\/#primaryimage","url":"https:\/\/cdn.walltopia.com\/wp-content\/uploads\/20231026085339\/wics-2019-panel.jpg","contentUrl":"https:\/\/cdn.walltopia.com\/wp-content\/uploads\/20231026085339\/wics-2019-panel.jpg","width":900,"height":491},{"@type":"BreadcrumbList","@id":"https:\/\/walltopia.com\/fr\/faits-marquants-du-deuxieme-sommet-mondial-de-lescalade-en-salle-2019\/#breadcrumb","itemListElement":[{"@type":"ListItem","position":1,"name":"Home","item":"https:\/\/walltopia.com\/fr\/accueil-fr\/"},{"@type":"ListItem","position":2,"name":"Faits marquants du deuxi\u00e8me sommet mondial de l&#8217;escalade en salle 2019"}]},{"@type":"WebSite","@id":"https:\/\/walltopia.com\/fr\/#website","url":"https:\/\/walltopia.com\/fr\/","name":"Walltopia","description":"World leader in the design and production of climbing walls and active entertainment attractions","publisher":{"@id":"https:\/\/walltopia.com\/fr\/#organization"},"potentialAction":[{"@type":"SearchAction","target":{"@type":"EntryPoint","urlTemplate":"https:\/\/walltopia.com\/fr\/?s={search_term_string}"},"query-input":{"@type":"PropertyValueSpecification","valueRequired":true,"valueName":"search_term_string"}}],"inLanguage":"fr-FR"},{"@type":"Organization","@id":"https:\/\/walltopia.com\/fr\/#organization","name":"Walltopia","url":"https:\/\/walltopia.com\/fr\/","logo":{"@type":"ImageObject","inLanguage":"fr-FR","@id":"https:\/\/walltopia.com\/fr\/#\/schema\/logo\/image\/","url":"","contentUrl":"","caption":"Walltopia"},"image":{"@id":"https:\/\/walltopia.com\/fr\/#\/schema\/logo\/image\/"},"sameAs":["https:\/\/www.facebook.com\/walltopiaclimbing\/","https:\/\/x.com\/walltopiabg","https:\/\/www.instagram.com\/walltopia.active\/","https:\/\/www.linkedin.com\/company\/walltopia-ltd.","https:\/\/www.youtube.com\/user\/WALLTOPIA"]},{"@type":"Person","@id":"https:\/\/walltopia.com\/fr\/#\/schema\/person\/b30506c6570e8fcee537c66f40da51ff","name":"the_id"}]}},"_links":{"self":[{"href":"https:\/\/walltopia.com\/fr\/wp-json\/wp\/v2\/posts\/187396","targetHints":{"allow":["GET"]}}],"collection":[{"href":"https:\/\/walltopia.com\/fr\/wp-json\/wp\/v2\/posts"}],"about":[{"href":"https:\/\/walltopia.com\/fr\/wp-json\/wp\/v2\/types\/post"}],"author":[{"embeddable":true,"href":"https:\/\/walltopia.com\/fr\/wp-json\/wp\/v2\/users\/10"}],"replies":[{"embeddable":true,"href":"https:\/\/walltopia.com\/fr\/wp-json\/wp\/v2\/comments?post=187396"}],"version-history":[{"count":0,"href":"https:\/\/walltopia.com\/fr\/wp-json\/wp\/v2\/posts\/187396\/revisions"}],"wp:featuredmedia":[{"embeddable":true,"href":"https:\/\/walltopia.com\/fr\/wp-json\/wp\/v2\/media\/22363"}],"wp:attachment":[{"href":"https:\/\/walltopia.com\/fr\/wp-json\/wp\/v2\/media?parent=187396"}],"wp:term":[{"taxonomy":"category","embeddable":true,"href":"https:\/\/walltopia.com\/fr\/wp-json\/wp\/v2\/categories?post=187396"},{"taxonomy":"post_tag","embeddable":true,"href":"https:\/\/walltopia.com\/fr\/wp-json\/wp\/v2\/tags?post=187396"}],"curies":[{"name":"wp","href":"https:\/\/api.w.org\/{rel}","templated":true}]}}