{"id":187442,"date":"2021-06-21T14:45:16","date_gmt":"2021-06-21T11:45:16","guid":{"rendered":"https:\/\/walltopia.com\/le-wics-reunira-la-communaute-mondiale-de-lescalade-pour-la-deuxieme-annee-consecutive\/"},"modified":"2026-01-15T17:35:40","modified_gmt":"2026-01-15T14:35:40","slug":"le-wics-reunira-la-communaute-mondiale-de-lescalade-pour-la-deuxieme-annee-consecutive","status":"publish","type":"post","link":"https:\/\/walltopia.com\/fr\/le-wics-reunira-la-communaute-mondiale-de-lescalade-pour-la-deuxieme-annee-consecutive\/","title":{"rendered":"Le WICS r\u00e9unira la communaut\u00e9 mondiale de l&rsquo;escalade pour la deuxi\u00e8me ann\u00e9e cons\u00e9cutive"},"content":{"rendered":"<div class=\"wpb-content-wrapper\">[vc_row][vc_column][vc_custom_heading text=\u00a0\u00bbVous souvenez-vous de notre id\u00e9e audacieuse de rassembler toute la communaut\u00e9 de l&apos;escalade en un seul lieu lors du premier Sommet mondial de l&apos;escalade en salle (WICS) ? L&apos;id\u00e9e s&apos;est av\u00e9r\u00e9e excellente et nous la r\u00e9it\u00e9rons ! \u00a0\u00bb font_container=\u00a0\u00bbtag:h2|font_size:18|text_align:left|color:%23000000|line_height:1.5&Prime; use_theme_fonts=\u00a0\u00bbyes\u00a0\u00bb css_animation=\u00a0\u00bbfadeInUp\u00a0\u00bb link=\u00a0\u00bburl:https%3A%2F%2Fclimbingsummit.com%2F|title:WICS|target:_blank|\u00a0\u00bb][vc_column_text css_animation=\u00a0\u00bbfadeInUp\u00a0\u00bb css=\u00a0\u00bb\u00a0\u00bb]\n<p style=\"font-size: 18px; line-height: 1.8em;\">R\u00e9unir certains des meilleurs experts de l&rsquo;escalade en salle du monde entier \u00e9tait un d\u00e9fi, mais comme l&rsquo;industrie se d\u00e9veloppe rapidement, il est temps d&rsquo;avoir un dialogue plus large et plus strat\u00e9gique sur l&rsquo;\u00e9tat de l&rsquo;escalade en salle et les tendances \u00e9mergentes. Le WICS 2018 a attir\u00e9 300 sp\u00e9cialistes et 17 soci\u00e9t\u00e9s exposantes de 38 pays, et nous pr\u00e9voyons que le WICS 2019 sera encore plus important, favorisant une collaboration mondiale accrue et l&rsquo;innovation dans la communaut\u00e9 de l&rsquo;escalade. <\/p>\n[\/vc_column_text][vc_column_text css_animation=\u00a0\u00bbfadeInUp\u00a0\u00bb css=\u00a0\u00bb\u00a0\u00bb]\n<p style=\"font-size: 18px; line-height: 1.8em;\">Bien que nous ayons mis l&rsquo;accent sur le contenu et la cr\u00e9ation d&rsquo;un espace de collaboration, les commentaires de l&rsquo;ann\u00e9e derni\u00e8re ont mis en \u00e9vidence la valeur du r\u00e9seautage avec les pionniers de l&rsquo;industrie. En outre, le fait que la plupart des participants soient des fondateurs ou des PDG a eu une influence positive sur le dialogue. Les participants ont appr\u00e9ci\u00e9 les tables rondes ouvertes et inclusives, qui ont permis de recueillir des points de vue divers et de maintenir l&rsquo;attention du public. C&rsquo;est pourquoi, cette ann\u00e9e, nous continuerons \u00e0 privil\u00e9gier les tables rondes, afin de garantir un environnement interactif et engageant pour tous les participants.   <\/p>\n[\/vc_column_text][vc_row_inner][vc_column_inner width=\u00a0\u00bb1\/2&Prime;][vc_column_text css_animation=\u00a0\u00bbfadeInUp\u00a0\u00bb]\n<p style=\"font-size: 18px; line-height: 1.8em;\">Du point de vue des exposants, les soci\u00e9t\u00e9s exposantes ont d\u00e9clar\u00e9 qu&rsquo;elles pouvaient enfin mettre un visage sur un nom, en rencontrant certains de leurs clients pour la premi\u00e8re fois \u00e0 la WICS. Ils consid\u00e8rent la WICS comme un \u00e9v\u00e9nement plus petit, mais avec une audience importante compos\u00e9e principalement de d\u00e9cideurs, ce qui r\u00e9duit la distance entre le d\u00e9taillant et le g\u00e9rant de la salle de sport. <\/p>\n[\/vc_column_text][\/vc_column_inner][vc_column_inner width=\u00a0\u00bb1\/2&Prime;][vc_custom_heading text=\u00a0\u00bbFaits marquants du WICS 2018&Prime; font_container=\u00a0\u00bbtag:h2|font_size:18|text_align:left|color:%23ed2020|line_height:1.5&Prime; use_theme_fonts=\u00a0\u00bbyes\u00a0\u00bb css_animation=\u00a0\u00bbfadeInUp\u00a0\u00bb css=\u00a0\u00bb.vc_custom_1624274887589{padding-top: 2% !important;}\u00a0\u00bb][vc_video link=\u00a0\u00bbhttps:\/\/www.youtube.com\/watch?v=SVUWNcvE3Pk\u00a0\u00bb css_animation=\u00a0\u00bbfadeInUp\u00a0\u00bb][\/vc_column_inner][\/vc_row_inner][vc_row_inner][vc_column_inner][vc_column_text css_animation=\u00a0\u00bbfadeInUp\u00a0\u00bb css=\u00a0\u00bb\u00a0\u00bb]\n<p style=\"font-size: 18px; line-height: 1.8em;\">La deuxi\u00e8me \u00e9dition de la <strong>WICS<\/strong> aura lieu cet \u00e9t\u00e9 du <strong>19 au 21 juin \u00e0 Sofia, en Bulgarie.<\/strong><\/p>\n<p style=\"font-size: 18px; line-height: 1.8em;\">Nous inclurons certains des sujets les plus br\u00fblants de l&rsquo;ann\u00e9e derni\u00e8re, tels que \u00ab\u00a0De A \u00e0 Z &#8211; Que faut-il prendre en compte lors de l&rsquo;ouverture d&rsquo;une nouvelle salle d&rsquo;escalade ? (avec de nouveaux intervenants sur sc\u00e8ne). Nous pr\u00e9senterons \u00e9galement de nouveaux sujets tels que le capital-investissement et \u00ab\u00a0L&rsquo;\u00e9tat global du march\u00e9\u00a0\u00bb, o\u00f9 nous discuterons de la direction que prend l&rsquo;industrie de l&rsquo;escalade dans les pays o\u00f9 l&rsquo;escalade fait d\u00e9j\u00e0 l&rsquo;objet d&rsquo;un grand engouement. La zone d&rsquo;exposition sera encore plus grande cette ann\u00e9e, de sorte que davantage d&rsquo;entreprises sont invit\u00e9es \u00e0 participer.  <\/p>\n[\/vc_column_text][vc_column_text css_animation=\u00a0\u00bbfadeInUp\u00a0\u00bb]\n<p style=\"font-size: 18px; line-height: 1.8em;\">Nous invitons tous les propri\u00e9taires de salles de sport, directeurs, g\u00e9rants, op\u00e9rateurs, ouvreurs de voies, investisseurs potentiels, influenceurs de l&rsquo;escalade, grimpeurs et toute autre personne souhaitant vivre l&rsquo;exp\u00e9rience WICS pour fa\u00e7onner ensemble l&rsquo;avenir de l&rsquo;escalade une fois de plus cet \u00e9t\u00e9.<\/p>\n<p style=\"font-size: 18px; line-height: 1.8em;\">D\u00e9tails concernant : <a href=\"https:\/\/climbingsummit.com\/exhibitor-registraton\/\">Inscriptions des exposants<\/a> et <a href=\"https:\/\/climbingsummit.com\/overview\/floorplan\/\">plan d&rsquo;occupation des sols<\/a>.<\/p>\n<p style=\"font-size: 18px; line-height: 1.8em;\">Suivez la page <a href=\"https:\/\/www.facebook.com\/worldindoorclimbingsummit\">Facebook<\/a> et la page <a href=\"https:\/\/climbingsummit.com\/\">web<\/a> de l&rsquo;\u00e9v\u00e9nement pour les derni\u00e8res mises \u00e0 jour !<\/p>\n<p style=\"font-size: 18px; line-height: 1.8em;\"><strong>Rendez-vous au WICS 2019 !<\/strong><\/p>\n[\/vc_column_text][\/vc_column_inner][\/vc_row_inner][vc_row_inner][vc_column_inner width=\u00a0\u00bb1\/3&Prime; css=\u00a0\u00bb.vc_custom_1624275572610{padding-right: 2% !important;}\u00a0\u00bb]<div class=\"link-button-container block width-100  text-align-left\"><a class=\"wt-link \" href=\"https:\/\/climbingsummit.com\/wics-schedule\/\" target=\"_blank\">SCHEDULE<\/a><\/div>[\/vc_column_inner][vc_column_inner width=\u00a0\u00bb1\/3&Prime;]<div class=\"link-button-container block width-100  text-align-left\"><a class=\"wt-link \" href=\"http:\/\/tickets.climbingsummit.com\/ticket\" target=\"_blank\">TICKETS<\/a><\/div>[\/vc_column_inner][vc_column_inner width=\u00a0\u00bb1\/3&Prime;][\/vc_column_inner][\/vc_row_inner][\/vc_column][\/vc_row]\n<\/div>","protected":false},"excerpt":{"rendered":"[vc_row][vc_column][vc_custom_heading text=\u00a0\u00bbVous souvenez-vous de notre id\u00e9e audacieuse de rassembler toute la communaut\u00e9 de l&apos;escalade en un seul lieu lors du&#8230;","protected":false},"author":10,"featured_media":22357,"comment_status":"closed","ping_status":"closed","sticky":false,"template":"","format":"standard","meta":{"_acf_changed":false,"inline_featured_image":false,"footnotes":""},"categories":[844],"tags":[2842,2843],"class_list":["post-187442","post","type-post","status-publish","format-standard","has-post-thumbnail","hentry","category-actualites","tag-wics","tag-wics2019"],"acf":[],"yoast_head":"<!-- This site is optimized with the Yoast SEO Premium plugin v28.3 (Yoast SEO v28.3) - https:\/\/yoast.com\/product\/yoast-seo-premium-wordpress\/ -->\n<title>Le WICS r\u00e9unira la communaut\u00e9 mondiale de l&#039;escalade pour la deuxi\u00e8me ann\u00e9e cons\u00e9cutive | Walltopia<\/title>\n<meta name=\"description\" content=\"Le Sommet mondial de l&#039;escalade en salle organis\u00e9 par Walltopia s&#039;est d\u00e9roul\u00e9 \u00e0 merveille l&#039;ann\u00e9e derni\u00e8re. Pour en savoir plus sur l&#039;\u00e9v\u00e9nement, cliquez ici.\" \/>\n<meta name=\"robots\" content=\"index, follow, max-snippet:-1, max-image-preview:large, max-video-preview:-1\" \/>\n<link rel=\"canonical\" href=\"https:\/\/walltopia.com\/fr\/le-wics-reunira-la-communaute-mondiale-de-lescalade-pour-la-deuxieme-annee-consecutive\/\" \/>\n<meta property=\"og:locale\" content=\"fr_FR\" \/>\n<meta property=\"og:type\" content=\"article\" \/>\n<meta property=\"og:title\" content=\"Le WICS r\u00e9unira la communaut\u00e9 mondiale de l&#039;escalade pour la deuxi\u00e8me ann\u00e9e cons\u00e9cutive\" \/>\n<meta property=\"og:description\" content=\"Le Sommet mondial de l&#039;escalade en salle organis\u00e9 par Walltopia s&#039;est d\u00e9roul\u00e9 \u00e0 merveille l&#039;ann\u00e9e derni\u00e8re. Pour en savoir plus sur l&#039;\u00e9v\u00e9nement, cliquez ici.\" \/>\n<meta property=\"og:url\" content=\"https:\/\/walltopia.com\/fr\/le-wics-reunira-la-communaute-mondiale-de-lescalade-pour-la-deuxieme-annee-consecutive\/\" \/>\n<meta property=\"og:site_name\" content=\"Walltopia\" \/>\n<meta property=\"article:publisher\" content=\"https:\/\/www.facebook.com\/walltopiaclimbing\/\" \/>\n<meta property=\"article:published_time\" content=\"2021-06-21T11:45:16+00:00\" \/>\n<meta property=\"article:modified_time\" content=\"2026-01-15T14:35:40+00:00\" \/>\n<meta property=\"og:image\" content=\"https:\/\/cdn.walltopia.com\/wp-content\/uploads\/20231026085341\/WICS-2019.jpg\" \/>\n\t<meta property=\"og:image:width\" content=\"900\" \/>\n\t<meta property=\"og:image:height\" content=\"506\" \/>\n\t<meta property=\"og:image:type\" content=\"image\/jpeg\" \/>\n<meta name=\"author\" content=\"the_id\" \/>\n<meta name=\"twitter:card\" content=\"summary_large_image\" \/>\n<meta name=\"twitter:creator\" content=\"@walltopiabg\" \/>\n<meta name=\"twitter:site\" content=\"@walltopiabg\" \/>\n<script type=\"application\/ld+json\" class=\"yoast-schema-graph\">{\"@context\":\"https:\\\/\\\/schema.org\",\"@graph\":[{\"@type\":\"Article\",\"@id\":\"https:\\\/\\\/walltopia.com\\\/fr\\\/le-wics-reunira-la-communaute-mondiale-de-lescalade-pour-la-deuxieme-annee-consecutive\\\/#article\",\"isPartOf\":{\"@id\":\"https:\\\/\\\/walltopia.com\\\/fr\\\/le-wics-reunira-la-communaute-mondiale-de-lescalade-pour-la-deuxieme-annee-consecutive\\\/\"},\"author\":{\"name\":\"the_id\",\"@id\":\"https:\\\/\\\/walltopia.com\\\/fr\\\/#\\\/schema\\\/person\\\/b30506c6570e8fcee537c66f40da51ff\"},\"headline\":\"Le WICS r\u00e9unira la communaut\u00e9 mondiale de l&rsquo;escalade pour la deuxi\u00e8me ann\u00e9e cons\u00e9cutive\",\"datePublished\":\"2021-06-21T11:45:16+00:00\",\"dateModified\":\"2026-01-15T14:35:40+00:00\",\"mainEntityOfPage\":{\"@id\":\"https:\\\/\\\/walltopia.com\\\/fr\\\/le-wics-reunira-la-communaute-mondiale-de-lescalade-pour-la-deuxieme-annee-consecutive\\\/\"},\"wordCount\":816,\"publisher\":{\"@id\":\"https:\\\/\\\/walltopia.com\\\/fr\\\/#organization\"},\"image\":{\"@id\":\"https:\\\/\\\/walltopia.com\\\/fr\\\/le-wics-reunira-la-communaute-mondiale-de-lescalade-pour-la-deuxieme-annee-consecutive\\\/#primaryimage\"},\"thumbnailUrl\":\"https:\\\/\\\/cdn.walltopia.com\\\/wp-content\\\/uploads\\\/20231026085341\\\/WICS-2019.jpg\",\"keywords\":[\"wics\",\"WICS2019\"],\"articleSection\":[\"Actualit\u00e9s\"],\"inLanguage\":\"fr-FR\"},{\"@type\":\"WebPage\",\"@id\":\"https:\\\/\\\/walltopia.com\\\/fr\\\/le-wics-reunira-la-communaute-mondiale-de-lescalade-pour-la-deuxieme-annee-consecutive\\\/\",\"url\":\"https:\\\/\\\/walltopia.com\\\/fr\\\/le-wics-reunira-la-communaute-mondiale-de-lescalade-pour-la-deuxieme-annee-consecutive\\\/\",\"name\":\"Le WICS r\u00e9unira la communaut\u00e9 mondiale de l'escalade pour la deuxi\u00e8me ann\u00e9e cons\u00e9cutive | Walltopia\",\"isPartOf\":{\"@id\":\"https:\\\/\\\/walltopia.com\\\/fr\\\/#website\"},\"primaryImageOfPage\":{\"@id\":\"https:\\\/\\\/walltopia.com\\\/fr\\\/le-wics-reunira-la-communaute-mondiale-de-lescalade-pour-la-deuxieme-annee-consecutive\\\/#primaryimage\"},\"image\":{\"@id\":\"https:\\\/\\\/walltopia.com\\\/fr\\\/le-wics-reunira-la-communaute-mondiale-de-lescalade-pour-la-deuxieme-annee-consecutive\\\/#primaryimage\"},\"thumbnailUrl\":\"https:\\\/\\\/cdn.walltopia.com\\\/wp-content\\\/uploads\\\/20231026085341\\\/WICS-2019.jpg\",\"datePublished\":\"2021-06-21T11:45:16+00:00\",\"dateModified\":\"2026-01-15T14:35:40+00:00\",\"description\":\"Le Sommet mondial de l'escalade en salle organis\u00e9 par Walltopia s'est d\u00e9roul\u00e9 \u00e0 merveille l'ann\u00e9e derni\u00e8re. Pour en savoir plus sur l'\u00e9v\u00e9nement, cliquez ici.\",\"breadcrumb\":{\"@id\":\"https:\\\/\\\/walltopia.com\\\/fr\\\/le-wics-reunira-la-communaute-mondiale-de-lescalade-pour-la-deuxieme-annee-consecutive\\\/#breadcrumb\"},\"inLanguage\":\"fr-FR\",\"potentialAction\":[{\"@type\":\"ReadAction\",\"target\":[\"https:\\\/\\\/walltopia.com\\\/fr\\\/le-wics-reunira-la-communaute-mondiale-de-lescalade-pour-la-deuxieme-annee-consecutive\\\/\"]}]},{\"@type\":\"ImageObject\",\"inLanguage\":\"fr-FR\",\"@id\":\"https:\\\/\\\/walltopia.com\\\/fr\\\/le-wics-reunira-la-communaute-mondiale-de-lescalade-pour-la-deuxieme-annee-consecutive\\\/#primaryimage\",\"url\":\"https:\\\/\\\/cdn.walltopia.com\\\/wp-content\\\/uploads\\\/20231026085341\\\/WICS-2019.jpg\",\"contentUrl\":\"https:\\\/\\\/cdn.walltopia.com\\\/wp-content\\\/uploads\\\/20231026085341\\\/WICS-2019.jpg\",\"width\":900,\"height\":506},{\"@type\":\"BreadcrumbList\",\"@id\":\"https:\\\/\\\/walltopia.com\\\/fr\\\/le-wics-reunira-la-communaute-mondiale-de-lescalade-pour-la-deuxieme-annee-consecutive\\\/#breadcrumb\",\"itemListElement\":[{\"@type\":\"ListItem\",\"position\":1,\"name\":\"Home\",\"item\":\"https:\\\/\\\/walltopia.com\\\/fr\\\/accueil-fr\\\/\"},{\"@type\":\"ListItem\",\"position\":2,\"name\":\"Le WICS r\u00e9unira la communaut\u00e9 mondiale de l&#8217;escalade pour la deuxi\u00e8me ann\u00e9e cons\u00e9cutive\"}]},{\"@type\":\"WebSite\",\"@id\":\"https:\\\/\\\/walltopia.com\\\/fr\\\/#website\",\"url\":\"https:\\\/\\\/walltopia.com\\\/fr\\\/\",\"name\":\"Walltopia\",\"description\":\"World leader in the design and production of climbing walls and active entertainment attractions\",\"publisher\":{\"@id\":\"https:\\\/\\\/walltopia.com\\\/fr\\\/#organization\"},\"potentialAction\":[{\"@type\":\"SearchAction\",\"target\":{\"@type\":\"EntryPoint\",\"urlTemplate\":\"https:\\\/\\\/walltopia.com\\\/fr\\\/?s={search_term_string}\"},\"query-input\":{\"@type\":\"PropertyValueSpecification\",\"valueRequired\":true,\"valueName\":\"search_term_string\"}}],\"inLanguage\":\"fr-FR\"},{\"@type\":\"Organization\",\"@id\":\"https:\\\/\\\/walltopia.com\\\/fr\\\/#organization\",\"name\":\"Walltopia\",\"url\":\"https:\\\/\\\/walltopia.com\\\/fr\\\/\",\"logo\":{\"@type\":\"ImageObject\",\"inLanguage\":\"fr-FR\",\"@id\":\"https:\\\/\\\/walltopia.com\\\/fr\\\/#\\\/schema\\\/logo\\\/image\\\/\",\"url\":\"\",\"contentUrl\":\"\",\"caption\":\"Walltopia\"},\"image\":{\"@id\":\"https:\\\/\\\/walltopia.com\\\/fr\\\/#\\\/schema\\\/logo\\\/image\\\/\"},\"sameAs\":[\"https:\\\/\\\/www.facebook.com\\\/walltopiaclimbing\\\/\",\"https:\\\/\\\/x.com\\\/walltopiabg\",\"https:\\\/\\\/www.instagram.com\\\/walltopia.active\\\/\",\"https:\\\/\\\/www.linkedin.com\\\/company\\\/walltopia-ltd.\",\"https:\\\/\\\/www.youtube.com\\\/user\\\/WALLTOPIA\"]},{\"@type\":\"Person\",\"@id\":\"https:\\\/\\\/walltopia.com\\\/fr\\\/#\\\/schema\\\/person\\\/b30506c6570e8fcee537c66f40da51ff\",\"name\":\"the_id\"}]}<\/script>\n<!-- \/ Yoast SEO Premium plugin. -->","yoast_head_json":{"title":"Le WICS r\u00e9unira la communaut\u00e9 mondiale de l'escalade pour la deuxi\u00e8me ann\u00e9e cons\u00e9cutive | Walltopia","description":"Le Sommet mondial de l'escalade en salle organis\u00e9 par Walltopia s'est d\u00e9roul\u00e9 \u00e0 merveille l'ann\u00e9e derni\u00e8re. Pour en savoir plus sur l'\u00e9v\u00e9nement, cliquez ici.","robots":{"index":"index","follow":"follow","max-snippet":"max-snippet:-1","max-image-preview":"max-image-preview:large","max-video-preview":"max-video-preview:-1"},"canonical":"https:\/\/walltopia.com\/fr\/le-wics-reunira-la-communaute-mondiale-de-lescalade-pour-la-deuxieme-annee-consecutive\/","og_locale":"fr_FR","og_type":"article","og_title":"Le WICS r\u00e9unira la communaut\u00e9 mondiale de l'escalade pour la deuxi\u00e8me ann\u00e9e cons\u00e9cutive","og_description":"Le Sommet mondial de l'escalade en salle organis\u00e9 par Walltopia s'est d\u00e9roul\u00e9 \u00e0 merveille l'ann\u00e9e derni\u00e8re. Pour en savoir plus sur l'\u00e9v\u00e9nement, cliquez ici.","og_url":"https:\/\/walltopia.com\/fr\/le-wics-reunira-la-communaute-mondiale-de-lescalade-pour-la-deuxieme-annee-consecutive\/","og_site_name":"Walltopia","article_publisher":"https:\/\/www.facebook.com\/walltopiaclimbing\/","article_published_time":"2021-06-21T11:45:16+00:00","article_modified_time":"2026-01-15T14:35:40+00:00","og_image":[{"width":900,"height":506,"url":"https:\/\/cdn.walltopia.com\/wp-content\/uploads\/20231026085341\/WICS-2019.jpg","type":"image\/jpeg"}],"author":"the_id","twitter_card":"summary_large_image","twitter_creator":"@walltopiabg","twitter_site":"@walltopiabg","schema":{"@context":"https:\/\/schema.org","@graph":[{"@type":"Article","@id":"https:\/\/walltopia.com\/fr\/le-wics-reunira-la-communaute-mondiale-de-lescalade-pour-la-deuxieme-annee-consecutive\/#article","isPartOf":{"@id":"https:\/\/walltopia.com\/fr\/le-wics-reunira-la-communaute-mondiale-de-lescalade-pour-la-deuxieme-annee-consecutive\/"},"author":{"name":"the_id","@id":"https:\/\/walltopia.com\/fr\/#\/schema\/person\/b30506c6570e8fcee537c66f40da51ff"},"headline":"Le WICS r\u00e9unira la communaut\u00e9 mondiale de l&rsquo;escalade pour la deuxi\u00e8me ann\u00e9e cons\u00e9cutive","datePublished":"2021-06-21T11:45:16+00:00","dateModified":"2026-01-15T14:35:40+00:00","mainEntityOfPage":{"@id":"https:\/\/walltopia.com\/fr\/le-wics-reunira-la-communaute-mondiale-de-lescalade-pour-la-deuxieme-annee-consecutive\/"},"wordCount":816,"publisher":{"@id":"https:\/\/walltopia.com\/fr\/#organization"},"image":{"@id":"https:\/\/walltopia.com\/fr\/le-wics-reunira-la-communaute-mondiale-de-lescalade-pour-la-deuxieme-annee-consecutive\/#primaryimage"},"thumbnailUrl":"https:\/\/cdn.walltopia.com\/wp-content\/uploads\/20231026085341\/WICS-2019.jpg","keywords":["wics","WICS2019"],"articleSection":["Actualit\u00e9s"],"inLanguage":"fr-FR"},{"@type":"WebPage","@id":"https:\/\/walltopia.com\/fr\/le-wics-reunira-la-communaute-mondiale-de-lescalade-pour-la-deuxieme-annee-consecutive\/","url":"https:\/\/walltopia.com\/fr\/le-wics-reunira-la-communaute-mondiale-de-lescalade-pour-la-deuxieme-annee-consecutive\/","name":"Le WICS r\u00e9unira la communaut\u00e9 mondiale de l'escalade pour la deuxi\u00e8me ann\u00e9e cons\u00e9cutive | Walltopia","isPartOf":{"@id":"https:\/\/walltopia.com\/fr\/#website"},"primaryImageOfPage":{"@id":"https:\/\/walltopia.com\/fr\/le-wics-reunira-la-communaute-mondiale-de-lescalade-pour-la-deuxieme-annee-consecutive\/#primaryimage"},"image":{"@id":"https:\/\/walltopia.com\/fr\/le-wics-reunira-la-communaute-mondiale-de-lescalade-pour-la-deuxieme-annee-consecutive\/#primaryimage"},"thumbnailUrl":"https:\/\/cdn.walltopia.com\/wp-content\/uploads\/20231026085341\/WICS-2019.jpg","datePublished":"2021-06-21T11:45:16+00:00","dateModified":"2026-01-15T14:35:40+00:00","description":"Le Sommet mondial de l'escalade en salle organis\u00e9 par Walltopia s'est d\u00e9roul\u00e9 \u00e0 merveille l'ann\u00e9e derni\u00e8re. Pour en savoir plus sur l'\u00e9v\u00e9nement, cliquez ici.","breadcrumb":{"@id":"https:\/\/walltopia.com\/fr\/le-wics-reunira-la-communaute-mondiale-de-lescalade-pour-la-deuxieme-annee-consecutive\/#breadcrumb"},"inLanguage":"fr-FR","potentialAction":[{"@type":"ReadAction","target":["https:\/\/walltopia.com\/fr\/le-wics-reunira-la-communaute-mondiale-de-lescalade-pour-la-deuxieme-annee-consecutive\/"]}]},{"@type":"ImageObject","inLanguage":"fr-FR","@id":"https:\/\/walltopia.com\/fr\/le-wics-reunira-la-communaute-mondiale-de-lescalade-pour-la-deuxieme-annee-consecutive\/#primaryimage","url":"https:\/\/cdn.walltopia.com\/wp-content\/uploads\/20231026085341\/WICS-2019.jpg","contentUrl":"https:\/\/cdn.walltopia.com\/wp-content\/uploads\/20231026085341\/WICS-2019.jpg","width":900,"height":506},{"@type":"BreadcrumbList","@id":"https:\/\/walltopia.com\/fr\/le-wics-reunira-la-communaute-mondiale-de-lescalade-pour-la-deuxieme-annee-consecutive\/#breadcrumb","itemListElement":[{"@type":"ListItem","position":1,"name":"Home","item":"https:\/\/walltopia.com\/fr\/accueil-fr\/"},{"@type":"ListItem","position":2,"name":"Le WICS r\u00e9unira la communaut\u00e9 mondiale de l&#8217;escalade pour la deuxi\u00e8me ann\u00e9e cons\u00e9cutive"}]},{"@type":"WebSite","@id":"https:\/\/walltopia.com\/fr\/#website","url":"https:\/\/walltopia.com\/fr\/","name":"Walltopia","description":"World leader in the design and production of climbing walls and active entertainment attractions","publisher":{"@id":"https:\/\/walltopia.com\/fr\/#organization"},"potentialAction":[{"@type":"SearchAction","target":{"@type":"EntryPoint","urlTemplate":"https:\/\/walltopia.com\/fr\/?s={search_term_string}"},"query-input":{"@type":"PropertyValueSpecification","valueRequired":true,"valueName":"search_term_string"}}],"inLanguage":"fr-FR"},{"@type":"Organization","@id":"https:\/\/walltopia.com\/fr\/#organization","name":"Walltopia","url":"https:\/\/walltopia.com\/fr\/","logo":{"@type":"ImageObject","inLanguage":"fr-FR","@id":"https:\/\/walltopia.com\/fr\/#\/schema\/logo\/image\/","url":"","contentUrl":"","caption":"Walltopia"},"image":{"@id":"https:\/\/walltopia.com\/fr\/#\/schema\/logo\/image\/"},"sameAs":["https:\/\/www.facebook.com\/walltopiaclimbing\/","https:\/\/x.com\/walltopiabg","https:\/\/www.instagram.com\/walltopia.active\/","https:\/\/www.linkedin.com\/company\/walltopia-ltd.","https:\/\/www.youtube.com\/user\/WALLTOPIA"]},{"@type":"Person","@id":"https:\/\/walltopia.com\/fr\/#\/schema\/person\/b30506c6570e8fcee537c66f40da51ff","name":"the_id"}]}},"_links":{"self":[{"href":"https:\/\/walltopia.com\/fr\/wp-json\/wp\/v2\/posts\/187442","targetHints":{"allow":["GET"]}}],"collection":[{"href":"https:\/\/walltopia.com\/fr\/wp-json\/wp\/v2\/posts"}],"about":[{"href":"https:\/\/walltopia.com\/fr\/wp-json\/wp\/v2\/types\/post"}],"author":[{"embeddable":true,"href":"https:\/\/walltopia.com\/fr\/wp-json\/wp\/v2\/users\/10"}],"replies":[{"embeddable":true,"href":"https:\/\/walltopia.com\/fr\/wp-json\/wp\/v2\/comments?post=187442"}],"version-history":[{"count":0,"href":"https:\/\/walltopia.com\/fr\/wp-json\/wp\/v2\/posts\/187442\/revisions"}],"wp:featuredmedia":[{"embeddable":true,"href":"https:\/\/walltopia.com\/fr\/wp-json\/wp\/v2\/media\/22357"}],"wp:attachment":[{"href":"https:\/\/walltopia.com\/fr\/wp-json\/wp\/v2\/media?parent=187442"}],"wp:term":[{"taxonomy":"category","embeddable":true,"href":"https:\/\/walltopia.com\/fr\/wp-json\/wp\/v2\/categories?post=187442"},{"taxonomy":"post_tag","embeddable":true,"href":"https:\/\/walltopia.com\/fr\/wp-json\/wp\/v2\/tags?post=187442"}],"curies":[{"name":"wp","href":"https:\/\/api.w.org\/{rel}","templated":true}]}}