{"id":198753,"date":"2023-07-26T17:56:13","date_gmt":"2023-07-26T14:56:13","guid":{"rendered":"https:\/\/walltopia.com\/evenements-de-la-division-escalade-a-lautomne-2023\/"},"modified":"2026-01-15T18:05:06","modified_gmt":"2026-01-15T15:05:06","slug":"evenements-de-la-division-escalade-a-lautomne-2023","status":"publish","type":"post","link":"https:\/\/walltopia.com\/fr\/evenements-de-la-division-escalade-a-lautomne-2023\/","title":{"rendered":"\u00c9v\u00e9nements de la division Escalade \u00e0 l&rsquo;automne 2023"},"content":{"rendered":"<div class=\"wpb-content-wrapper\">[vc_row][vc_column][vc_column_text]<strong>L&rsquo;automne 2023 sera charg\u00e9 pour la division escalade de Walltopia, qui participera \u00e0 des \u00e9v\u00e9nements dans toute l&rsquo;Europe !<\/strong>  Il y a d&rsquo;abord la conf\u00e9rence annuelle de l&rsquo;ABC \u00e0 Sheffield, au Royaume-Uni, puis le Salon de l&rsquo;Escalade \u00e0 Grenoble, en France, et enfin Vertical Pro \u00e0 la fin du mois de novembre, juste avant les pr\u00e9paratifs pour les festivit\u00e9s de No\u00ebl.[\/vc_column_text][vc_separator css=\u00a0\u00bb.vc_custom_1690383205560{margin-top: 30px !important;}\u00a0\u00bb][vc_row_inner css=\u00a0\u00bb.vc_custom_1690382728011{margin-top: 50px !important;}\u00a0\u00bb][vc_column_inner width=\u00a0\u00bb1\/3&Prime;][vc_single_image image=\u00a0\u00bb101160&Prime; img_size=\u00a0\u00bbfull\u00a0\u00bb][\/vc_column_inner][vc_column_inner width=\u00a0\u00bb2\/3&Prime;][vc_custom_heading text=\u00a0\u00bbConf\u00e9rence ABC\u00a0\u00bb font_container=\u00a0\u00bbtag:h3|text_align:left\u00a0\u00bb use_theme_fonts=\u00a0\u00bbyes\u00a0\u00bb][vc_custom_heading text=\u00a0\u00bb14-15 septembre 2023<br \/>\nSheffield, Royaume-Uni\u00a0\u00bb font_container=\u00a0\u00bbtag:h5|text_align:left\u00a0\u00bb use_theme_fonts=\u00a0\u00bbyes\u00a0\u00bb][\/vc_column_inner][\/vc_row_inner][\/vc_column][\/vc_row][vc_row css=\u00a0\u00bb.vc_custom_1690381712057{border-bottom-width: 50px !important;}\u00a0\u00bb][vc_column][vc_column_text]\n<p>En septembre, avant m\u00eame que notre bronzage ne disparaisse des vacances d&rsquo;\u00e9t\u00e9, nous irons nous rafra\u00eechir \u00e0 Sheffield, au Royaume-Uni, pour la <a href=\"https:\/\/www.abcwalls.co.uk\/about\/conference-2023\/\">conf\u00e9rence annuelle de l&rsquo;Association of British Climbing Walls (Association des murs d&rsquo;escalade britanniques)<\/a>. Nous sommes ravis d&rsquo;en \u00eatre le sponsor principal cette ann\u00e9e ! Nous assistons \u00e0 cet \u00e9v\u00e9nement depuis qu&rsquo;il s&rsquo;agit d&rsquo;une petite salle avec une table et une chaise pour chaque vendeur et nous l&rsquo;avons vu grandir et se professionnaliser en m\u00eame temps que l&rsquo;industrie de l&rsquo;escalade pour devenir une conf\u00e9rence d&rsquo;affaires bien \u00e9tablie. En tant que fabricant de premier plan, nous nous sentons responsables et honor\u00e9s de pouvoir soutenir la croissance de l&rsquo;industrie par le biais de tels \u00e9v\u00e9nements.<\/p>\n[\/vc_column_text][vc_separator css=\u00a0\u00bb.vc_custom_1690383212544{margin-top: 30px !important;}\u00a0\u00bb][\/vc_column][\/vc_row][vc_row css=\u00a0\u00bb.vc_custom_1690382975046{margin-top: 50px !important;}\u00a0\u00bb][vc_column width=\u00a0\u00bb1\/3&Prime;][vc_single_image image=\u00a0\u00bb101167&Prime; img_size=\u00a0\u00bbfull\u00a0\u00bb][\/vc_column][vc_column width=\u00a0\u00bb2\/3&Prime;][vc_custom_heading text=\u00a0\u00bbSalon de l&apos;Escalade\u00a0\u00bb font_container=\u00a0\u00bbtag:h3|text_align:left\u00a0\u00bb use_theme_fonts=\u00a0\u00bbyes\u00a0\u00bb][vc_custom_heading text=\u00a0\u00bb29-30 septembre 2023<br \/>\nGrenoble, France\u00a0\u00bb font_container=\u00a0\u00bbtag:h5|text_align:left\u00a0\u00bb use_theme_fonts=\u00a0\u00bbyes\u00a0\u00bb][\/vc_column][\/vc_row][vc_row css=\u00a0\u00bb.vc_custom_1690381731689{border-bottom-width: 50px !important;}\u00a0\u00bb][vc_column][vc_column_text]\n<p>Juste apr\u00e8s la conf\u00e9rence ABC au Royaume-Uni, nous nous rendons au c\u0153ur des Alpes fran\u00e7aises : Grenoble pour de l&rsquo;escalade et du bon vin. Je plaisante, nous y allons pour la 4\u00e8me \u00e9dition du <a href=\"https:\/\/www.salon-escalade.com\/\">Salon de l&rsquo;Escalade<\/a>. Nous sommes impatients de rencontrer tous nos amis, clients et partenaires de France et des pays environnants et serions ravis de rencontrer de nouvelles personnes de l&rsquo;industrie de l&rsquo;escalade professionnelle avec lesquelles collaborer.<\/p>\n[\/vc_column_text][vc_separator css=\u00a0\u00bb.vc_custom_1690383219723{margin-top: 30px !important;}\u00a0\u00bb][\/vc_column][\/vc_row][vc_row css=\u00a0\u00bb.vc_custom_1690382922003{margin-top: 50px !important;}\u00a0\u00bb][vc_column width=\u00a0\u00bb1\/3&Prime;][vc_single_image image=\u00a0\u00bb101174&Prime; img_size=\u00a0\u00bbfull\u00a0\u00bb][\/vc_column][vc_column width=\u00a0\u00bb2\/3&Prime;][vc_custom_heading text=\u00a0\u00bbVertical Pro\u00a0\u00bb font_container=\u00a0\u00bbtag:h3|text_align:left\u00a0\u00bb use_theme_fonts=\u00a0\u00bbyes\u00a0\u00bb][vc_custom_heading text=\u00a0\u00bb24-25 novembre 2023<br \/>\nFriedrichshafen, Allemagne\u00a0\u00bb font_container=\u00a0\u00bbtag:h5|text_align:left\u00a0\u00bb use_theme_fonts=\u00a0\u00bbyes\u00a0\u00bb][\/vc_column][\/vc_row][vc_row][vc_column][vc_column_text css=\u00a0\u00bb.vc_custom_1690382646255{border-bottom-width: 50px !important;}\u00a0\u00bb]\n<p>Pendant la p\u00e9riode sombre et grise de l&rsquo;ann\u00e9e, \u00e0 la fin du mois de novembre, il y a un \u00e9v\u00e9nement qui \u00e9gaye l&rsquo;humeur et garde les professionnels de l&rsquo;industrie de l&rsquo;escalade motiv\u00e9s : <a href=\"https:\/\/www.vertical-pro.com\/\">Vertical Pro.<\/a> Tout comme les deux \u00e9v\u00e9nements pr\u00e9c\u00e9dents, nous faisons partie de Halls&rsquo;n&rsquo;Walls depuis ses d\u00e9buts en tant que petite r\u00e9union pour les professionnels de l&rsquo;escalade en salle et nous l&rsquo;avons vu se transformer en un \u00e9norme centre professionnel pour tous les Vertical Pro&rsquo;s qu&rsquo;il est aujourd&rsquo;hui.<\/p>\n[\/vc_column_text][vc_separator css=\u00a0\u00bb.vc_custom_1690383225629{margin-top: 30px !important;}\u00a0\u00bb][vc_custom_heading text=\u00a0\u00bbRencontrez-nous sur place\u00a0\u00bb use_theme_fonts=\u00a0\u00bbyes\u00a0\u00bb css=\u00a0\u00bb.vc_custom_1690382875580{margin-top: 50px !important;}\u00a0\u00bb][vc_column_text css=\u00a0\u00bb.vc_custom_1691079110851{border-bottom-width: 50px !important;}\u00a0\u00bb]\n<p>Rejoignez-nous sur nos stands lors de ces \u00e9v\u00e9nements, d\u00e9couvrez notre gamme de produits pour murs d&rsquo;escalade et discutez de projets et de partenariats potentiels. Sur notre stand, nous vous pr\u00e9senterons :<\/p>\n<ul>\n<li><strong>Panneaux d&rsquo;escalade utilisables et panneaux \u00e0 double texture :<\/strong> D\u00e9couvrez l&rsquo;aspect et le frottement des diff\u00e9rentes options de finition des murs d&rsquo;escalade.<\/li>\n<li><strong>Bois naturel, panneaux en bambou et placages :<\/strong> Explorez la vari\u00e9t\u00e9 des designs des panneaux muraux d&rsquo;escalade Walltopia inspir\u00e9s par la nature et voyez les diff\u00e9rentes combinaisons avec les couleurs unies.<\/li>\n<li><strong>Volumes en bois \u00e0 double texture :<\/strong> D\u00e9couvrez comment nos derniers volumes peuvent am\u00e9liorer l&rsquo;exp\u00e9rience de l&rsquo;escalade.<\/li>\n<li><strong>\u00c9chantillons de rev\u00eatements de sol Climbmat :<\/strong> Testez la s\u00e9curit\u00e9 et la performance des rev\u00eatements de sol Climbmat, parfaits pour les salles d&rsquo;escalade et les centres d&rsquo;aventure.<\/li>\n<\/ul>\n[\/vc_column_text][vc_column_text css=\u00a0\u00bb.vc_custom_1690382913921{margin-top: 30px !important;border-bottom-width: 50px !important;}\u00a0\u00bb]\n<p>Notre \u00e9quipe de passionn\u00e9s d&rsquo;escalade et d&rsquo;experts du secteur sera \u00e0 votre disposition pour discuter avec vous, r\u00e9pondre \u00e0 vos questions et explorer des projets ou des partenariats potentiels. Que vous repr\u00e9sentiez une salle d&rsquo;escalade, un centre d&rsquo;aventure en plein air ou toute autre entreprise li\u00e9e \u00e0 l&rsquo;escalade, nous sommes impatients de discuter de la mani\u00e8re dont nos produits peuvent am\u00e9liorer vos offres et cr\u00e9er des exp\u00e9riences d&rsquo;escalade inoubliables pour vos clients.<\/p>\n[\/vc_column_text][vc_column_text css=\u00a0\u00bb.vc_custom_1690383134324{margin-top: 30px !important;border-bottom-width: 50px !important;}\u00a0\u00bb]\n<p>Si vous souhaitez organiser une r\u00e9union, remplissez le formulaire \u00e0 droite, suivez le lien ci-dessous ou envoyez un e-mail \u00e0 <strong>sales [at] walltopia.com.<\/strong><\/p>\n[\/vc_column_text][vc_btn title=\u00a0\u00bbR\u00e9server une r\u00e9union\u00a0\u00bb style=\u00a0\u00bbclassic\u00a0\u00bb color=\u00a0\u00bbdanger\u00a0\u00bb link=\u00a0\u00bburl:https%3A%2F%2Fwalltopia.com%2Ffr%2Fcontacts%2F|title:Contact%20Us|\u00a0\u00bb css=\u00a0\u00bb.vc_custom_1690383119358{margin-top: 30px !important;}\u00a0\u00bb][\/vc_column][\/vc_row]\n<\/div>","protected":false},"excerpt":{"rendered":"Rencontrez-nous lors de ces \u00e9v\u00e9nements internationaux de l&rsquo;industrie de l&rsquo;escalade en salle.","protected":false},"author":6,"featured_media":0,"comment_status":"closed","ping_status":"closed","sticky":false,"template":"","format":"standard","meta":{"_acf_changed":false,"inline_featured_image":false,"footnotes":""},"categories":[844,845],"tags":[],"class_list":["post-198753","post","type-post","status-publish","format-standard","hentry","category-actualites","category-escalade"],"acf":[],"yoast_head":"<!-- This site is optimized with the Yoast SEO Premium plugin v28.3 (Yoast SEO v28.3) - https:\/\/yoast.com\/product\/yoast-seo-premium-wordpress\/ -->\n<title>\u00c9v\u00e9nements de la division Escalade \u00e0 l&#039;automne 2023 | Walltopia<\/title>\n<meta name=\"description\" content=\"Rencontrez-nous lors de ces \u00e9v\u00e9nements internationaux de l&#039;industrie de l&#039;escalade en salle.\" \/>\n<meta name=\"robots\" content=\"index, follow, max-snippet:-1, max-image-preview:large, max-video-preview:-1\" \/>\n<link rel=\"canonical\" href=\"https:\/\/walltopia.com\/fr\/evenements-de-la-division-escalade-a-lautomne-2023\/\" \/>\n<meta property=\"og:locale\" content=\"fr_FR\" \/>\n<meta property=\"og:type\" content=\"article\" \/>\n<meta property=\"og:title\" content=\"\u00c9v\u00e9nements de la division Escalade \u00e0 l&#039;automne 2023\" \/>\n<meta property=\"og:description\" content=\"Rencontrez-nous lors de ces \u00e9v\u00e9nements internationaux de l&#039;industrie de l&#039;escalade en salle.\" \/>\n<meta property=\"og:url\" content=\"https:\/\/walltopia.com\/fr\/evenements-de-la-division-escalade-a-lautomne-2023\/\" \/>\n<meta property=\"og:site_name\" content=\"Walltopia\" \/>\n<meta property=\"article:publisher\" content=\"https:\/\/www.facebook.com\/walltopiaclimbing\/\" \/>\n<meta property=\"article:published_time\" content=\"2023-07-26T14:56:13+00:00\" \/>\n<meta property=\"article:modified_time\" content=\"2026-01-15T15:05:06+00:00\" \/>\n<meta name=\"author\" content=\"Ani Manova\" \/>\n<meta name=\"twitter:card\" content=\"summary_large_image\" \/>\n<meta name=\"twitter:creator\" content=\"@walltopiabg\" \/>\n<meta name=\"twitter:site\" content=\"@walltopiabg\" \/>\n<script type=\"application\/ld+json\" class=\"yoast-schema-graph\">{\"@context\":\"https:\\\/\\\/schema.org\",\"@graph\":[{\"@type\":\"Article\",\"@id\":\"https:\\\/\\\/walltopia.com\\\/fr\\\/evenements-de-la-division-escalade-a-lautomne-2023\\\/#article\",\"isPartOf\":{\"@id\":\"https:\\\/\\\/walltopia.com\\\/fr\\\/evenements-de-la-division-escalade-a-lautomne-2023\\\/\"},\"author\":{\"name\":\"Ani Manova\",\"@id\":\"https:\\\/\\\/walltopia.com\\\/fr\\\/#\\\/schema\\\/person\\\/12e3d2cc8853cc95d0f08065e0bc93f1\"},\"headline\":\"\u00c9v\u00e9nements de la division Escalade \u00e0 l&rsquo;automne 2023\",\"datePublished\":\"2023-07-26T14:56:13+00:00\",\"dateModified\":\"2026-01-15T15:05:06+00:00\",\"mainEntityOfPage\":{\"@id\":\"https:\\\/\\\/walltopia.com\\\/fr\\\/evenements-de-la-division-escalade-a-lautomne-2023\\\/\"},\"wordCount\":1025,\"publisher\":{\"@id\":\"https:\\\/\\\/walltopia.com\\\/fr\\\/#organization\"},\"articleSection\":[\"Actualit\u00e9s\",\"Escalade\"],\"inLanguage\":\"fr-FR\"},{\"@type\":\"WebPage\",\"@id\":\"https:\\\/\\\/walltopia.com\\\/fr\\\/evenements-de-la-division-escalade-a-lautomne-2023\\\/\",\"url\":\"https:\\\/\\\/walltopia.com\\\/fr\\\/evenements-de-la-division-escalade-a-lautomne-2023\\\/\",\"name\":\"\u00c9v\u00e9nements de la division Escalade \u00e0 l'automne 2023 | Walltopia\",\"isPartOf\":{\"@id\":\"https:\\\/\\\/walltopia.com\\\/fr\\\/#website\"},\"datePublished\":\"2023-07-26T14:56:13+00:00\",\"dateModified\":\"2026-01-15T15:05:06+00:00\",\"description\":\"Rencontrez-nous lors de ces \u00e9v\u00e9nements internationaux de l'industrie de l'escalade en salle.\",\"breadcrumb\":{\"@id\":\"https:\\\/\\\/walltopia.com\\\/fr\\\/evenements-de-la-division-escalade-a-lautomne-2023\\\/#breadcrumb\"},\"inLanguage\":\"fr-FR\",\"potentialAction\":[{\"@type\":\"ReadAction\",\"target\":[\"https:\\\/\\\/walltopia.com\\\/fr\\\/evenements-de-la-division-escalade-a-lautomne-2023\\\/\"]}]},{\"@type\":\"BreadcrumbList\",\"@id\":\"https:\\\/\\\/walltopia.com\\\/fr\\\/evenements-de-la-division-escalade-a-lautomne-2023\\\/#breadcrumb\",\"itemListElement\":[{\"@type\":\"ListItem\",\"position\":1,\"name\":\"Home\",\"item\":\"https:\\\/\\\/walltopia.com\\\/fr\\\/accueil-fr\\\/\"},{\"@type\":\"ListItem\",\"position\":2,\"name\":\"\u00c9v\u00e9nements de la division Escalade \u00e0 l&#8217;automne 2023\"}]},{\"@type\":\"WebSite\",\"@id\":\"https:\\\/\\\/walltopia.com\\\/fr\\\/#website\",\"url\":\"https:\\\/\\\/walltopia.com\\\/fr\\\/\",\"name\":\"Walltopia\",\"description\":\"World leader in the design and production of climbing walls and active entertainment attractions\",\"publisher\":{\"@id\":\"https:\\\/\\\/walltopia.com\\\/fr\\\/#organization\"},\"potentialAction\":[{\"@type\":\"SearchAction\",\"target\":{\"@type\":\"EntryPoint\",\"urlTemplate\":\"https:\\\/\\\/walltopia.com\\\/fr\\\/?s={search_term_string}\"},\"query-input\":{\"@type\":\"PropertyValueSpecification\",\"valueRequired\":true,\"valueName\":\"search_term_string\"}}],\"inLanguage\":\"fr-FR\"},{\"@type\":\"Organization\",\"@id\":\"https:\\\/\\\/walltopia.com\\\/fr\\\/#organization\",\"name\":\"Walltopia\",\"url\":\"https:\\\/\\\/walltopia.com\\\/fr\\\/\",\"logo\":{\"@type\":\"ImageObject\",\"inLanguage\":\"fr-FR\",\"@id\":\"https:\\\/\\\/walltopia.com\\\/fr\\\/#\\\/schema\\\/logo\\\/image\\\/\",\"url\":\"\",\"contentUrl\":\"\",\"caption\":\"Walltopia\"},\"image\":{\"@id\":\"https:\\\/\\\/walltopia.com\\\/fr\\\/#\\\/schema\\\/logo\\\/image\\\/\"},\"sameAs\":[\"https:\\\/\\\/www.facebook.com\\\/walltopiaclimbing\\\/\",\"https:\\\/\\\/x.com\\\/walltopiabg\",\"https:\\\/\\\/www.instagram.com\\\/walltopia.active\\\/\",\"https:\\\/\\\/www.linkedin.com\\\/company\\\/walltopia-ltd.\",\"https:\\\/\\\/www.youtube.com\\\/user\\\/WALLTOPIA\"]},{\"@type\":\"Person\",\"@id\":\"https:\\\/\\\/walltopia.com\\\/fr\\\/#\\\/schema\\\/person\\\/12e3d2cc8853cc95d0f08065e0bc93f1\",\"name\":\"Ani Manova\"}]}<\/script>\n<!-- \/ Yoast SEO Premium plugin. -->","yoast_head_json":{"title":"\u00c9v\u00e9nements de la division Escalade \u00e0 l'automne 2023 | Walltopia","description":"Rencontrez-nous lors de ces \u00e9v\u00e9nements internationaux de l'industrie de l'escalade en salle.","robots":{"index":"index","follow":"follow","max-snippet":"max-snippet:-1","max-image-preview":"max-image-preview:large","max-video-preview":"max-video-preview:-1"},"canonical":"https:\/\/walltopia.com\/fr\/evenements-de-la-division-escalade-a-lautomne-2023\/","og_locale":"fr_FR","og_type":"article","og_title":"\u00c9v\u00e9nements de la division Escalade \u00e0 l'automne 2023","og_description":"Rencontrez-nous lors de ces \u00e9v\u00e9nements internationaux de l'industrie de l'escalade en salle.","og_url":"https:\/\/walltopia.com\/fr\/evenements-de-la-division-escalade-a-lautomne-2023\/","og_site_name":"Walltopia","article_publisher":"https:\/\/www.facebook.com\/walltopiaclimbing\/","article_published_time":"2023-07-26T14:56:13+00:00","article_modified_time":"2026-01-15T15:05:06+00:00","author":"Ani Manova","twitter_card":"summary_large_image","twitter_creator":"@walltopiabg","twitter_site":"@walltopiabg","schema":{"@context":"https:\/\/schema.org","@graph":[{"@type":"Article","@id":"https:\/\/walltopia.com\/fr\/evenements-de-la-division-escalade-a-lautomne-2023\/#article","isPartOf":{"@id":"https:\/\/walltopia.com\/fr\/evenements-de-la-division-escalade-a-lautomne-2023\/"},"author":{"name":"Ani Manova","@id":"https:\/\/walltopia.com\/fr\/#\/schema\/person\/12e3d2cc8853cc95d0f08065e0bc93f1"},"headline":"\u00c9v\u00e9nements de la division Escalade \u00e0 l&rsquo;automne 2023","datePublished":"2023-07-26T14:56:13+00:00","dateModified":"2026-01-15T15:05:06+00:00","mainEntityOfPage":{"@id":"https:\/\/walltopia.com\/fr\/evenements-de-la-division-escalade-a-lautomne-2023\/"},"wordCount":1025,"publisher":{"@id":"https:\/\/walltopia.com\/fr\/#organization"},"articleSection":["Actualit\u00e9s","Escalade"],"inLanguage":"fr-FR"},{"@type":"WebPage","@id":"https:\/\/walltopia.com\/fr\/evenements-de-la-division-escalade-a-lautomne-2023\/","url":"https:\/\/walltopia.com\/fr\/evenements-de-la-division-escalade-a-lautomne-2023\/","name":"\u00c9v\u00e9nements de la division Escalade \u00e0 l'automne 2023 | Walltopia","isPartOf":{"@id":"https:\/\/walltopia.com\/fr\/#website"},"datePublished":"2023-07-26T14:56:13+00:00","dateModified":"2026-01-15T15:05:06+00:00","description":"Rencontrez-nous lors de ces \u00e9v\u00e9nements internationaux de l'industrie de l'escalade en salle.","breadcrumb":{"@id":"https:\/\/walltopia.com\/fr\/evenements-de-la-division-escalade-a-lautomne-2023\/#breadcrumb"},"inLanguage":"fr-FR","potentialAction":[{"@type":"ReadAction","target":["https:\/\/walltopia.com\/fr\/evenements-de-la-division-escalade-a-lautomne-2023\/"]}]},{"@type":"BreadcrumbList","@id":"https:\/\/walltopia.com\/fr\/evenements-de-la-division-escalade-a-lautomne-2023\/#breadcrumb","itemListElement":[{"@type":"ListItem","position":1,"name":"Home","item":"https:\/\/walltopia.com\/fr\/accueil-fr\/"},{"@type":"ListItem","position":2,"name":"\u00c9v\u00e9nements de la division Escalade \u00e0 l&#8217;automne 2023"}]},{"@type":"WebSite","@id":"https:\/\/walltopia.com\/fr\/#website","url":"https:\/\/walltopia.com\/fr\/","name":"Walltopia","description":"World leader in the design and production of climbing walls and active entertainment attractions","publisher":{"@id":"https:\/\/walltopia.com\/fr\/#organization"},"potentialAction":[{"@type":"SearchAction","target":{"@type":"EntryPoint","urlTemplate":"https:\/\/walltopia.com\/fr\/?s={search_term_string}"},"query-input":{"@type":"PropertyValueSpecification","valueRequired":true,"valueName":"search_term_string"}}],"inLanguage":"fr-FR"},{"@type":"Organization","@id":"https:\/\/walltopia.com\/fr\/#organization","name":"Walltopia","url":"https:\/\/walltopia.com\/fr\/","logo":{"@type":"ImageObject","inLanguage":"fr-FR","@id":"https:\/\/walltopia.com\/fr\/#\/schema\/logo\/image\/","url":"","contentUrl":"","caption":"Walltopia"},"image":{"@id":"https:\/\/walltopia.com\/fr\/#\/schema\/logo\/image\/"},"sameAs":["https:\/\/www.facebook.com\/walltopiaclimbing\/","https:\/\/x.com\/walltopiabg","https:\/\/www.instagram.com\/walltopia.active\/","https:\/\/www.linkedin.com\/company\/walltopia-ltd.","https:\/\/www.youtube.com\/user\/WALLTOPIA"]},{"@type":"Person","@id":"https:\/\/walltopia.com\/fr\/#\/schema\/person\/12e3d2cc8853cc95d0f08065e0bc93f1","name":"Ani Manova"}]}},"_links":{"self":[{"href":"https:\/\/walltopia.com\/fr\/wp-json\/wp\/v2\/posts\/198753","targetHints":{"allow":["GET"]}}],"collection":[{"href":"https:\/\/walltopia.com\/fr\/wp-json\/wp\/v2\/posts"}],"about":[{"href":"https:\/\/walltopia.com\/fr\/wp-json\/wp\/v2\/types\/post"}],"author":[{"embeddable":true,"href":"https:\/\/walltopia.com\/fr\/wp-json\/wp\/v2\/users\/6"}],"replies":[{"embeddable":true,"href":"https:\/\/walltopia.com\/fr\/wp-json\/wp\/v2\/comments?post=198753"}],"version-history":[{"count":0,"href":"https:\/\/walltopia.com\/fr\/wp-json\/wp\/v2\/posts\/198753\/revisions"}],"wp:attachment":[{"href":"https:\/\/walltopia.com\/fr\/wp-json\/wp\/v2\/media?parent=198753"}],"wp:term":[{"taxonomy":"category","embeddable":true,"href":"https:\/\/walltopia.com\/fr\/wp-json\/wp\/v2\/categories?post=198753"},{"taxonomy":"post_tag","embeddable":true,"href":"https:\/\/walltopia.com\/fr\/wp-json\/wp\/v2\/tags?post=198753"}],"curies":[{"name":"wp","href":"https:\/\/api.w.org\/{rel}","templated":true}]}}