{"id":200286,"date":"2024-08-23T11:46:29","date_gmt":"2024-08-23T08:46:29","guid":{"rendered":"https:\/\/walltopia.com\/evenements-de-la-division-escalade-automne-2024\/"},"modified":"2026-01-15T18:10:53","modified_gmt":"2026-01-15T15:10:53","slug":"evenements-de-la-division-escalade-automne-2024","status":"publish","type":"post","link":"https:\/\/walltopia.com\/fr\/evenements-de-la-division-escalade-automne-2024\/","title":{"rendered":"\u00c9v\u00e9nements de la division escalade &#8211; automne 2024"},"content":{"rendered":"<div class=\"wpb-content-wrapper\">[vc_row][vc_column][vc_column_text css=\u00a0\u00bb\u00a0\u00bb]<strong>L&rsquo;automne 2024 sera charg\u00e9 pour la division escalade de Walltopia, qui participera \u00e0 des \u00e9v\u00e9nements \u00e0 travers l&rsquo;Europe et les \u00c9tats-Unis !<\/strong>  Tout d&rsquo;abord \u00e0 la mi-septembre \u00e0 Sheffield, au Royaume-Uni, pour la conf\u00e9rence annuelle des murs ABC, puis au Athletic Business Show \u00e0 la Nouvelle-Orl\u00e9ans et, enfin, au Vertical Pro en novembre, juste avant que nous ne commencions \u00e0 nous pr\u00e9parer pour les festivit\u00e9s de No\u00ebl.[\/vc_column_text][vc_separator css=\u00a0\u00bb.vc_custom_1690383205560{margin-top: 30px !important;}\u00a0\u00bb][vc_row_inner css=\u00a0\u00bb.vc_custom_1690382728011{margin-top: 50px !important;}\u00a0\u00bb][vc_column_inner width=\u00a0\u00bb1\/3&Prime;][vc_single_image image=\u00a0\u00bb101160&Prime; img_size=\u00a0\u00bbfull\u00a0\u00bb][\/vc_column_inner][vc_column_inner width=\u00a0\u00bb2\/3&Prime;][vc_custom_heading text=\u00a0\u00bbConf\u00e9rence ABC\u00a0\u00bb font_container=\u00a0\u00bbtag:h3|text_align:left\u00a0\u00bb use_theme_fonts=\u00a0\u00bbyes\u00a0\u00bb][vc_custom_heading text=\u00a0\u00bb19-20 septembre 2024<br \/>Sheffield, Royaume-Uni\u00a0\u00bb font_container=\u00a0\u00bbtag:h5|text_align:left\u00a0\u00bb use_theme_fonts=\u00a0\u00bbyes\u00a0\u00bb css=\u00a0\u00bb\u00a0\u00bb][\/vc_column_inner][\/vc_row_inner][\/vc_column][\/vc_row][vc_row css=\u00a0\u00bb.vc_custom_1690381712057{border-bottom-width: 50px !important;}\u00a0\u00bb][vc_column][vc_column_text css=\u00a0\u00bb\u00a0\u00bb]En septembre, avant m\u00eame que notre bronzage ne disparaisse des vacances d&rsquo;\u00e9t\u00e9, nous irons nous rafra\u00eechir \u00e0 Sheffield, au Royaume-Uni, pour la <a href=\"https:\/\/www.abcwalls.co.uk\/about\/conference-2023\/\">conf\u00e9rence annuelle de l&rsquo;Association of British Climbing Walls (Association des murs d&rsquo;escalade britanniques<\/a>). Nous assistons \u00e0 cet \u00e9v\u00e9nement depuis qu&rsquo;il s&rsquo;agit d&rsquo;une petite salle avec une table et une chaise pour chaque vendeur et nous l&rsquo;avons vu grandir et se professionnaliser en m\u00eame temps que l&rsquo;industrie de l&rsquo;escalade pour devenir une conf\u00e9rence commerciale bien \u00e9tablie. En tant que fabricant de premier plan, nous nous sentons responsables et honor\u00e9s de pouvoir soutenir la croissance de l&rsquo;industrie par le biais de tels \u00e9v\u00e9nements.[\/vc_column_text][vc_separator css=\u00a0\u00bb.vc_custom_1690383212544{margin-top: 30px !important;}\u00a0\u00bb][\/vc_column][\/vc_row][vc_row css=\u00a0\u00bb.vc_custom_1690382975046{margin-top: 50px !important;}\u00a0\u00bb][vc_column width=\u00a0\u00bb1\/3&Prime;][vc_single_image image=\u00a0\u00bb138766&Prime; img_size=\u00a0\u00bbfull\u00a0\u00bb css=\u00a0\u00bb\u00a0\u00bb][\/vc_column][vc_column width=\u00a0\u00bb2\/3&Prime;][vc_custom_heading text=\u00a0\u00bbSalon de l&apos;entreprise Athleltic\u00a0\u00bb font_container=\u00a0\u00bbtag:h3|text_align:left\u00a0\u00bb use_theme_fonts=\u00a0\u00bbyes\u00a0\u00bb css=\u00a0\u00bb\u00a0\u00bb][vc_custom_heading text=\u00a0\u00bb19-22 novembre 2024<br \/>Nouvelle-Orl\u00e9ans, Louisiane, \u00c9tats-Unis\u00a0\u00bb font_container=\u00a0\u00bbtag:h5|text_align:left\u00a0\u00bb use_theme_fonts=\u00a0\u00bbyes\u00a0\u00bb css=\u00a0\u00bb\u00a0\u00bb][\/vc_column][\/vc_row][vc_row css=\u00a0\u00bb.vc_custom_1690381731689{border-bottom-width: 50px !important;}\u00a0\u00bb][vc_column][vc_column_text css=\u00a0\u00bb\u00a0\u00bb]<a href=\"https:\/\/www.abshow.com\/\">AB Show<\/a> est un \u00e9v\u00e9nement ax\u00e9 sur les solutions pour les professionnels de l&rsquo;athl\u00e9tisme, du fitness, des loisirs et de l&rsquo;arm\u00e9e. Il s&rsquo;agit d&rsquo;une conf\u00e9rence \u00e9ducative de premier plan qui vous fournira des informations exploitables, des solutions uniques et de nouvelles id\u00e9es que vous pourrez mettre en \u0153uvre imm\u00e9diatement. Nous sommes impatients de rencontrer tous nos amis et clients, ainsi que de nouveaux partenaires de l&rsquo;industrie de l&rsquo;escalade professionnelle avec lesquels nous pourrons collaborer.[\/vc_column_text][vc_separator css=\u00a0\u00bb.vc_custom_1690383219723{margin-top: 30px !important;}\u00a0\u00bb][\/vc_column][\/vc_row][vc_row css=\u00a0\u00bb.vc_custom_1690382922003{margin-top: 50px !important;}\u00a0\u00bb][vc_column width=\u00a0\u00bb1\/3&Prime;][vc_single_image image=\u00a0\u00bb138783&Prime; img_size=\u00a0\u00bbfull\u00a0\u00bb css=\u00a0\u00bb\u00a0\u00bb][\/vc_column][vc_column width=\u00a0\u00bb2\/3&Prime;][vc_custom_heading text=\u00a0\u00bbVertical Pro\u00a0\u00bb font_container=\u00a0\u00bbtag:h3|text_align:left\u00a0\u00bb use_theme_fonts=\u00a0\u00bbyes\u00a0\u00bb][vc_custom_heading text=\u00a0\u00bb22-23 novembre 2024<br \/>Friedrichshafen, Allemagne\u00a0\u00bb font_container=\u00a0\u00bbtag:h5|text_align:left\u00a0\u00bb use_theme_fonts=\u00a0\u00bbyes\u00a0\u00bb css=\u00a0\u00bb\u00a0\u00bb][\/vc_column][\/vc_row][vc_row][vc_column][vc_column_text css=\u00a0\u00bb.vc_custom_1690382646255{border-bottom-width: 50px !important;}\u00a0\u00bb]\n<p>Pendant la p\u00e9riode sombre et grise de l&rsquo;ann\u00e9e, \u00e0 la fin du mois de novembre, il y a un \u00e9v\u00e9nement qui \u00e9gaye l&rsquo;humeur et garde les professionnels de l&rsquo;industrie de l&rsquo;escalade motiv\u00e9s : <a href=\"https:\/\/www.vertical-pro.com\/\">Vertical Pro.<\/a> Tout comme les deux \u00e9v\u00e9nements pr\u00e9c\u00e9dents, nous faisons partie de Halls&rsquo;n&rsquo;Walls depuis ses d\u00e9buts en tant que petite r\u00e9union pour les professionnels de l&rsquo;escalade en salle et nous l&rsquo;avons vu se transformer en un \u00e9norme centre professionnel pour tous les Vertical Pro&rsquo;s qu&rsquo;il est aujourd&rsquo;hui. <\/p>\n[\/vc_column_text][vc_separator css=\u00a0\u00bb.vc_custom_1690383225629{margin-top: 30px !important;}\u00a0\u00bb][vc_custom_heading text=\u00a0\u00bbRencontrez-nous sur place\u00a0\u00bb use_theme_fonts=\u00a0\u00bbyes\u00a0\u00bb css=\u00a0\u00bb.vc_custom_1690382875580{margin-top: 50px !important;}\u00a0\u00bb][vc_column_text css=\u00a0\u00bb.vc_custom_1725893157852{border-bottom-width: 50px !important;}\u00a0\u00bb]\n<p>\nRejoignez-nous sur nos stands lors de ces \u00e9v\u00e9nements, d\u00e9couvrez notre gamme de produits pour murs d&rsquo;escalade et discutez de projets et de partenariats potentiels. Sur notre stand, nous vous pr\u00e9senterons :<\/p>\n<ul>\n<li><strong>Panneaux pour murs d&rsquo;escalade :<\/strong> D\u00e9couvrez l&rsquo;aspect et le frottement des diff\u00e9rentes options de finition des murs d&rsquo;escalade.<\/li>\n<li><strong>Bois naturel, panneaux en bambou, pierre naturelle :<\/strong> Explorez la vari\u00e9t\u00e9 des designs des panneaux muraux d&rsquo;escalade Walltopia inspir\u00e9s par la nature et voyez les diff\u00e9rentes combinaisons avec les couleurs unies.<\/li>\n<li><strong>Texture r\u00e9sistante \u00e0 la salet\u00e9 :<\/strong> Essayez notre finition r\u00e9sistante \u00e0 la salet\u00e9 &#8211; frottez une chaussure d&rsquo;escalade sur un panneau et brossez-la imm\u00e9diatement.<\/li>\n<li><strong>Rev\u00eatement tr\u00e8s r\u00e9sistant :<\/strong> Percez des vis sur nos panneaux et voyez comment notre rev\u00eatement r\u00e9siste au per\u00e7age. Laissez vos poseurs faire preuve de cr\u00e9ativit\u00e9 en utilisant des volumes et des macros sur les murs Walltopia et soyez \u00e0 l&rsquo;aise avec cela. <\/li>\n<li><strong>Des murs harmonis\u00e9s :<\/strong> D\u00e9couvrez les meilleures voies du monde. Apportez l&rsquo;excellence de l&rsquo;escalade mondiale dans votre salle de sport locale. <\/li>\n<li> <strong> Le kit Training Board :<\/strong> L&rsquo;ensemble complet livr\u00e9 par un seul fournisseur : planche \u00e0 angle r\u00e9glable, LED, contr\u00f4leur, set de prises et application. Plus besoin de jongler avec plusieurs canaux de communication et plusieurs commandes. <\/li>\n<li><strong>Les derniers volumes de Walltpia :<\/strong> D\u00e9couvrez notre derni\u00e8re gamme de macros thermoplastiques. D\u00e9couvrez le processus de production et leurs qualit\u00e9s supr\u00eames. <\/li>\n<li><strong><a href=\"https:\/\/www.hrt-holds.com\/hrt#HRT_by_Artist\">HRT par artiste :<\/a><\/strong> D\u00e9couvrez les derni\u00e8res formes de la s\u00e9rie \u00ab\u00a0by artist\u00a0\u00bb fa\u00e7onn\u00e9es par les professionnels de l&rsquo;industrie Julius Kerscher, Nikola Petrov et Simon Favrot. B\u00e9n\u00e9ficiez d&rsquo;une r\u00e9duction sp\u00e9ciale &#8211; demandez le code promo. <\/li>\n<li><strong>\u00c9chantillons de rev\u00eatements de sol Climbmat :<\/strong> D\u00e9couvrez la s\u00e9curit\u00e9 et les performances des rev\u00eatements de sol Climbmat, explorez la vari\u00e9t\u00e9 des mod\u00e8les con\u00e7us pour s&rsquo;adapter \u00e0 chaque salle de sport en termes de confort, de s\u00e9curit\u00e9, de budget et de fonctionnalit\u00e9.<\/li>\n<\/ul>\n<p>et bien plus encore<\/p>\n[\/vc_column_text][vc_column_text css=\u00a0\u00bb.vc_custom_1690382913921{margin-top: 30px !important;border-bottom-width: 50px !important;}\u00a0\u00bb]\n<p>Notre \u00e9quipe de passionn\u00e9s d&rsquo;escalade et d&rsquo;experts du secteur sera \u00e0 votre disposition pour discuter avec vous, r\u00e9pondre \u00e0 vos questions et explorer des projets ou des partenariats potentiels. Que vous repr\u00e9sentiez une salle d&rsquo;escalade, un centre d&rsquo;aventure en plein air ou toute autre entreprise li\u00e9e \u00e0 l&rsquo;escalade, nous sommes impatients de discuter de la mani\u00e8re dont nos produits peuvent am\u00e9liorer vos offres et cr\u00e9er des exp\u00e9riences d&rsquo;escalade inoubliables pour vos clients. <\/p>\n[\/vc_column_text][vc_column_text css=\u00a0\u00bb.vc_custom_1724403145427{margin-top: 30px !important;border-bottom-width: 50px !important;}\u00a0\u00bb]Si vous souhaitez organiser une r\u00e9union, remplissez le formulaire \u00e0 droite ou envoyez un courriel \u00e0 l&rsquo;adresse suivante <a href=\"mailto:sales@walltopia.com\"><strong>sales@walltopia.com<\/strong><\/a>[\/vc_column_text][\/vc_column][\/vc_row]\n<\/div>","protected":false},"excerpt":{"rendered":"Rejoignez-nous dans les principaux \u00e9v\u00e9nements de l&rsquo;industrie de l&rsquo;escalade cet automne 2024. Nous serons pr\u00e9sents \u00e0 ABC Conference, AB Show et Vertical Pro, o\u00f9 nous pr\u00e9senterons nos produits et solutions pour les murs d&rsquo;escalade. ","protected":false},"author":5,"featured_media":138817,"comment_status":"closed","ping_status":"closed","sticky":false,"template":"","format":"standard","meta":{"_acf_changed":false,"inline_featured_image":false,"footnotes":""},"categories":[844,845],"tags":[],"class_list":["post-200286","post","type-post","status-publish","format-standard","has-post-thumbnail","hentry","category-actualites","category-escalade"],"acf":[],"yoast_head":"<!-- This site is optimized with the Yoast SEO Premium plugin v28.3 (Yoast SEO v28.3) - https:\/\/yoast.com\/product\/yoast-seo-premium-wordpress\/ -->\n<title>\u00c9v\u00e9nements de la division escalade - automne 2024 | Walltopia<\/title>\n<meta name=\"description\" content=\"Rejoignez-nous dans les principaux \u00e9v\u00e9nements de l&#039;industrie de l&#039;escalade cet automne 2024. Nous serons pr\u00e9sents \u00e0 ABC Conference, AB Show et Vertical Pro, o\u00f9 nous pr\u00e9senterons nos produits et solutions pour les murs d&#039;escalade.\" \/>\n<meta name=\"robots\" content=\"index, follow, max-snippet:-1, max-image-preview:large, max-video-preview:-1\" \/>\n<link rel=\"canonical\" href=\"https:\/\/walltopia.com\/fr\/evenements-de-la-division-escalade-automne-2024\/\" \/>\n<meta property=\"og:locale\" content=\"fr_FR\" \/>\n<meta property=\"og:type\" content=\"article\" \/>\n<meta property=\"og:title\" content=\"\u00c9v\u00e9nements de la division escalade - automne 2024\" \/>\n<meta property=\"og:description\" content=\"Rejoignez-nous dans les principaux \u00e9v\u00e9nements de l&#039;industrie de l&#039;escalade cet automne 2024. Nous serons pr\u00e9sents \u00e0 ABC Conference, AB Show et Vertical Pro, o\u00f9 nous pr\u00e9senterons nos produits et solutions pour les murs d&#039;escalade.\" \/>\n<meta property=\"og:url\" content=\"https:\/\/walltopia.com\/fr\/evenements-de-la-division-escalade-automne-2024\/\" \/>\n<meta property=\"og:site_name\" content=\"Walltopia\" \/>\n<meta property=\"article:publisher\" content=\"https:\/\/www.facebook.com\/walltopiaclimbing\/\" \/>\n<meta property=\"article:published_time\" content=\"2024-08-23T08:46:29+00:00\" \/>\n<meta property=\"article:modified_time\" content=\"2026-01-15T15:10:53+00:00\" \/>\n<meta property=\"og:image\" content=\"https:\/\/cdn.walltopia.com\/wp-content\/uploads\/20240823111928\/walltopia_climbing_expos_2024.09_-scaled.jpg\" \/>\n\t<meta property=\"og:image:width\" content=\"1200\" \/>\n\t<meta property=\"og:image:height\" content=\"675\" \/>\n\t<meta property=\"og:image:type\" content=\"image\/jpeg\" \/>\n<meta name=\"author\" content=\"walltopia\" \/>\n<meta name=\"twitter:card\" content=\"summary_large_image\" \/>\n<meta name=\"twitter:creator\" content=\"@walltopiabg\" \/>\n<meta name=\"twitter:site\" content=\"@walltopiabg\" \/>\n<script type=\"application\/ld+json\" class=\"yoast-schema-graph\">{\"@context\":\"https:\\\/\\\/schema.org\",\"@graph\":[{\"@type\":\"Article\",\"@id\":\"https:\\\/\\\/walltopia.com\\\/fr\\\/evenements-de-la-division-escalade-automne-2024\\\/#article\",\"isPartOf\":{\"@id\":\"https:\\\/\\\/walltopia.com\\\/fr\\\/evenements-de-la-division-escalade-automne-2024\\\/\"},\"author\":{\"name\":\"walltopia\",\"@id\":\"https:\\\/\\\/walltopia.com\\\/fr\\\/#\\\/schema\\\/person\\\/59be8396ecd46ad663730305c2e802db\"},\"headline\":\"\u00c9v\u00e9nements de la division escalade &#8211; automne 2024\",\"datePublished\":\"2024-08-23T08:46:29+00:00\",\"dateModified\":\"2026-01-15T15:10:53+00:00\",\"mainEntityOfPage\":{\"@id\":\"https:\\\/\\\/walltopia.com\\\/fr\\\/evenements-de-la-division-escalade-automne-2024\\\/\"},\"wordCount\":1206,\"publisher\":{\"@id\":\"https:\\\/\\\/walltopia.com\\\/fr\\\/#organization\"},\"image\":{\"@id\":\"https:\\\/\\\/walltopia.com\\\/fr\\\/evenements-de-la-division-escalade-automne-2024\\\/#primaryimage\"},\"thumbnailUrl\":\"https:\\\/\\\/cdn.walltopia.com\\\/wp-content\\\/uploads\\\/20240823111928\\\/walltopia_climbing_expos_2024.09_-scaled.jpg\",\"articleSection\":[\"Actualit\u00e9s\",\"Escalade\"],\"inLanguage\":\"fr-FR\"},{\"@type\":\"WebPage\",\"@id\":\"https:\\\/\\\/walltopia.com\\\/fr\\\/evenements-de-la-division-escalade-automne-2024\\\/\",\"url\":\"https:\\\/\\\/walltopia.com\\\/fr\\\/evenements-de-la-division-escalade-automne-2024\\\/\",\"name\":\"\u00c9v\u00e9nements de la division escalade - automne 2024 | Walltopia\",\"isPartOf\":{\"@id\":\"https:\\\/\\\/walltopia.com\\\/fr\\\/#website\"},\"primaryImageOfPage\":{\"@id\":\"https:\\\/\\\/walltopia.com\\\/fr\\\/evenements-de-la-division-escalade-automne-2024\\\/#primaryimage\"},\"image\":{\"@id\":\"https:\\\/\\\/walltopia.com\\\/fr\\\/evenements-de-la-division-escalade-automne-2024\\\/#primaryimage\"},\"thumbnailUrl\":\"https:\\\/\\\/cdn.walltopia.com\\\/wp-content\\\/uploads\\\/20240823111928\\\/walltopia_climbing_expos_2024.09_-scaled.jpg\",\"datePublished\":\"2024-08-23T08:46:29+00:00\",\"dateModified\":\"2026-01-15T15:10:53+00:00\",\"description\":\"Rejoignez-nous dans les principaux \u00e9v\u00e9nements de l'industrie de l'escalade cet automne 2024. Nous serons pr\u00e9sents \u00e0 ABC Conference, AB Show et Vertical Pro, o\u00f9 nous pr\u00e9senterons nos produits et solutions pour les murs d'escalade.\",\"breadcrumb\":{\"@id\":\"https:\\\/\\\/walltopia.com\\\/fr\\\/evenements-de-la-division-escalade-automne-2024\\\/#breadcrumb\"},\"inLanguage\":\"fr-FR\",\"potentialAction\":[{\"@type\":\"ReadAction\",\"target\":[\"https:\\\/\\\/walltopia.com\\\/fr\\\/evenements-de-la-division-escalade-automne-2024\\\/\"]}]},{\"@type\":\"ImageObject\",\"inLanguage\":\"fr-FR\",\"@id\":\"https:\\\/\\\/walltopia.com\\\/fr\\\/evenements-de-la-division-escalade-automne-2024\\\/#primaryimage\",\"url\":\"https:\\\/\\\/cdn.walltopia.com\\\/wp-content\\\/uploads\\\/20240823111928\\\/walltopia_climbing_expos_2024.09_-scaled.jpg\",\"contentUrl\":\"https:\\\/\\\/cdn.walltopia.com\\\/wp-content\\\/uploads\\\/20240823111928\\\/walltopia_climbing_expos_2024.09_-scaled.jpg\",\"width\":1200,\"height\":675},{\"@type\":\"BreadcrumbList\",\"@id\":\"https:\\\/\\\/walltopia.com\\\/fr\\\/evenements-de-la-division-escalade-automne-2024\\\/#breadcrumb\",\"itemListElement\":[{\"@type\":\"ListItem\",\"position\":1,\"name\":\"Home\",\"item\":\"https:\\\/\\\/walltopia.com\\\/fr\\\/accueil-fr\\\/\"},{\"@type\":\"ListItem\",\"position\":2,\"name\":\"\u00c9v\u00e9nements de la division escalade &#8211; automne 2024\"}]},{\"@type\":\"WebSite\",\"@id\":\"https:\\\/\\\/walltopia.com\\\/fr\\\/#website\",\"url\":\"https:\\\/\\\/walltopia.com\\\/fr\\\/\",\"name\":\"Walltopia\",\"description\":\"World leader in the design and production of climbing walls and active entertainment attractions\",\"publisher\":{\"@id\":\"https:\\\/\\\/walltopia.com\\\/fr\\\/#organization\"},\"potentialAction\":[{\"@type\":\"SearchAction\",\"target\":{\"@type\":\"EntryPoint\",\"urlTemplate\":\"https:\\\/\\\/walltopia.com\\\/fr\\\/?s={search_term_string}\"},\"query-input\":{\"@type\":\"PropertyValueSpecification\",\"valueRequired\":true,\"valueName\":\"search_term_string\"}}],\"inLanguage\":\"fr-FR\"},{\"@type\":\"Organization\",\"@id\":\"https:\\\/\\\/walltopia.com\\\/fr\\\/#organization\",\"name\":\"Walltopia\",\"url\":\"https:\\\/\\\/walltopia.com\\\/fr\\\/\",\"logo\":{\"@type\":\"ImageObject\",\"inLanguage\":\"fr-FR\",\"@id\":\"https:\\\/\\\/walltopia.com\\\/fr\\\/#\\\/schema\\\/logo\\\/image\\\/\",\"url\":\"\",\"contentUrl\":\"\",\"caption\":\"Walltopia\"},\"image\":{\"@id\":\"https:\\\/\\\/walltopia.com\\\/fr\\\/#\\\/schema\\\/logo\\\/image\\\/\"},\"sameAs\":[\"https:\\\/\\\/www.facebook.com\\\/walltopiaclimbing\\\/\",\"https:\\\/\\\/x.com\\\/walltopiabg\",\"https:\\\/\\\/www.instagram.com\\\/walltopia.active\\\/\",\"https:\\\/\\\/www.linkedin.com\\\/company\\\/walltopia-ltd.\",\"https:\\\/\\\/www.youtube.com\\\/user\\\/WALLTOPIA\"]},{\"@type\":\"Person\",\"@id\":\"https:\\\/\\\/walltopia.com\\\/fr\\\/#\\\/schema\\\/person\\\/59be8396ecd46ad663730305c2e802db\",\"name\":\"walltopia\"}]}<\/script>\n<!-- \/ Yoast SEO Premium plugin. -->","yoast_head_json":{"title":"\u00c9v\u00e9nements de la division escalade - automne 2024 | Walltopia","description":"Rejoignez-nous dans les principaux \u00e9v\u00e9nements de l'industrie de l'escalade cet automne 2024. Nous serons pr\u00e9sents \u00e0 ABC Conference, AB Show et Vertical Pro, o\u00f9 nous pr\u00e9senterons nos produits et solutions pour les murs d'escalade.","robots":{"index":"index","follow":"follow","max-snippet":"max-snippet:-1","max-image-preview":"max-image-preview:large","max-video-preview":"max-video-preview:-1"},"canonical":"https:\/\/walltopia.com\/fr\/evenements-de-la-division-escalade-automne-2024\/","og_locale":"fr_FR","og_type":"article","og_title":"\u00c9v\u00e9nements de la division escalade - automne 2024","og_description":"Rejoignez-nous dans les principaux \u00e9v\u00e9nements de l'industrie de l'escalade cet automne 2024. Nous serons pr\u00e9sents \u00e0 ABC Conference, AB Show et Vertical Pro, o\u00f9 nous pr\u00e9senterons nos produits et solutions pour les murs d'escalade.","og_url":"https:\/\/walltopia.com\/fr\/evenements-de-la-division-escalade-automne-2024\/","og_site_name":"Walltopia","article_publisher":"https:\/\/www.facebook.com\/walltopiaclimbing\/","article_published_time":"2024-08-23T08:46:29+00:00","article_modified_time":"2026-01-15T15:10:53+00:00","og_image":[{"width":1200,"height":675,"url":"https:\/\/cdn.walltopia.com\/wp-content\/uploads\/20240823111928\/walltopia_climbing_expos_2024.09_-scaled.jpg","type":"image\/jpeg"}],"author":"walltopia","twitter_card":"summary_large_image","twitter_creator":"@walltopiabg","twitter_site":"@walltopiabg","schema":{"@context":"https:\/\/schema.org","@graph":[{"@type":"Article","@id":"https:\/\/walltopia.com\/fr\/evenements-de-la-division-escalade-automne-2024\/#article","isPartOf":{"@id":"https:\/\/walltopia.com\/fr\/evenements-de-la-division-escalade-automne-2024\/"},"author":{"name":"walltopia","@id":"https:\/\/walltopia.com\/fr\/#\/schema\/person\/59be8396ecd46ad663730305c2e802db"},"headline":"\u00c9v\u00e9nements de la division escalade &#8211; automne 2024","datePublished":"2024-08-23T08:46:29+00:00","dateModified":"2026-01-15T15:10:53+00:00","mainEntityOfPage":{"@id":"https:\/\/walltopia.com\/fr\/evenements-de-la-division-escalade-automne-2024\/"},"wordCount":1206,"publisher":{"@id":"https:\/\/walltopia.com\/fr\/#organization"},"image":{"@id":"https:\/\/walltopia.com\/fr\/evenements-de-la-division-escalade-automne-2024\/#primaryimage"},"thumbnailUrl":"https:\/\/cdn.walltopia.com\/wp-content\/uploads\/20240823111928\/walltopia_climbing_expos_2024.09_-scaled.jpg","articleSection":["Actualit\u00e9s","Escalade"],"inLanguage":"fr-FR"},{"@type":"WebPage","@id":"https:\/\/walltopia.com\/fr\/evenements-de-la-division-escalade-automne-2024\/","url":"https:\/\/walltopia.com\/fr\/evenements-de-la-division-escalade-automne-2024\/","name":"\u00c9v\u00e9nements de la division escalade - automne 2024 | Walltopia","isPartOf":{"@id":"https:\/\/walltopia.com\/fr\/#website"},"primaryImageOfPage":{"@id":"https:\/\/walltopia.com\/fr\/evenements-de-la-division-escalade-automne-2024\/#primaryimage"},"image":{"@id":"https:\/\/walltopia.com\/fr\/evenements-de-la-division-escalade-automne-2024\/#primaryimage"},"thumbnailUrl":"https:\/\/cdn.walltopia.com\/wp-content\/uploads\/20240823111928\/walltopia_climbing_expos_2024.09_-scaled.jpg","datePublished":"2024-08-23T08:46:29+00:00","dateModified":"2026-01-15T15:10:53+00:00","description":"Rejoignez-nous dans les principaux \u00e9v\u00e9nements de l'industrie de l'escalade cet automne 2024. Nous serons pr\u00e9sents \u00e0 ABC Conference, AB Show et Vertical Pro, o\u00f9 nous pr\u00e9senterons nos produits et solutions pour les murs d'escalade.","breadcrumb":{"@id":"https:\/\/walltopia.com\/fr\/evenements-de-la-division-escalade-automne-2024\/#breadcrumb"},"inLanguage":"fr-FR","potentialAction":[{"@type":"ReadAction","target":["https:\/\/walltopia.com\/fr\/evenements-de-la-division-escalade-automne-2024\/"]}]},{"@type":"ImageObject","inLanguage":"fr-FR","@id":"https:\/\/walltopia.com\/fr\/evenements-de-la-division-escalade-automne-2024\/#primaryimage","url":"https:\/\/cdn.walltopia.com\/wp-content\/uploads\/20240823111928\/walltopia_climbing_expos_2024.09_-scaled.jpg","contentUrl":"https:\/\/cdn.walltopia.com\/wp-content\/uploads\/20240823111928\/walltopia_climbing_expos_2024.09_-scaled.jpg","width":1200,"height":675},{"@type":"BreadcrumbList","@id":"https:\/\/walltopia.com\/fr\/evenements-de-la-division-escalade-automne-2024\/#breadcrumb","itemListElement":[{"@type":"ListItem","position":1,"name":"Home","item":"https:\/\/walltopia.com\/fr\/accueil-fr\/"},{"@type":"ListItem","position":2,"name":"\u00c9v\u00e9nements de la division escalade &#8211; automne 2024"}]},{"@type":"WebSite","@id":"https:\/\/walltopia.com\/fr\/#website","url":"https:\/\/walltopia.com\/fr\/","name":"Walltopia","description":"World leader in the design and production of climbing walls and active entertainment attractions","publisher":{"@id":"https:\/\/walltopia.com\/fr\/#organization"},"potentialAction":[{"@type":"SearchAction","target":{"@type":"EntryPoint","urlTemplate":"https:\/\/walltopia.com\/fr\/?s={search_term_string}"},"query-input":{"@type":"PropertyValueSpecification","valueRequired":true,"valueName":"search_term_string"}}],"inLanguage":"fr-FR"},{"@type":"Organization","@id":"https:\/\/walltopia.com\/fr\/#organization","name":"Walltopia","url":"https:\/\/walltopia.com\/fr\/","logo":{"@type":"ImageObject","inLanguage":"fr-FR","@id":"https:\/\/walltopia.com\/fr\/#\/schema\/logo\/image\/","url":"","contentUrl":"","caption":"Walltopia"},"image":{"@id":"https:\/\/walltopia.com\/fr\/#\/schema\/logo\/image\/"},"sameAs":["https:\/\/www.facebook.com\/walltopiaclimbing\/","https:\/\/x.com\/walltopiabg","https:\/\/www.instagram.com\/walltopia.active\/","https:\/\/www.linkedin.com\/company\/walltopia-ltd.","https:\/\/www.youtube.com\/user\/WALLTOPIA"]},{"@type":"Person","@id":"https:\/\/walltopia.com\/fr\/#\/schema\/person\/59be8396ecd46ad663730305c2e802db","name":"walltopia"}]}},"_links":{"self":[{"href":"https:\/\/walltopia.com\/fr\/wp-json\/wp\/v2\/posts\/200286","targetHints":{"allow":["GET"]}}],"collection":[{"href":"https:\/\/walltopia.com\/fr\/wp-json\/wp\/v2\/posts"}],"about":[{"href":"https:\/\/walltopia.com\/fr\/wp-json\/wp\/v2\/types\/post"}],"author":[{"embeddable":true,"href":"https:\/\/walltopia.com\/fr\/wp-json\/wp\/v2\/users\/5"}],"replies":[{"embeddable":true,"href":"https:\/\/walltopia.com\/fr\/wp-json\/wp\/v2\/comments?post=200286"}],"version-history":[{"count":0,"href":"https:\/\/walltopia.com\/fr\/wp-json\/wp\/v2\/posts\/200286\/revisions"}],"wp:featuredmedia":[{"embeddable":true,"href":"https:\/\/walltopia.com\/fr\/wp-json\/wp\/v2\/media\/138817"}],"wp:attachment":[{"href":"https:\/\/walltopia.com\/fr\/wp-json\/wp\/v2\/media?parent=200286"}],"wp:term":[{"taxonomy":"category","embeddable":true,"href":"https:\/\/walltopia.com\/fr\/wp-json\/wp\/v2\/categories?post=200286"},{"taxonomy":"post_tag","embeddable":true,"href":"https:\/\/walltopia.com\/fr\/wp-json\/wp\/v2\/tags?post=200286"}],"curies":[{"name":"wp","href":"https:\/\/api.w.org\/{rel}","templated":true}]}}