{"id":187422,"date":"2021-06-21T14:45:16","date_gmt":"2021-06-21T11:45:16","guid":{"rendered":"https:\/\/walltopia.com\/il-wics-riunira-la-comunita-mondiale-dellarrampicata-per-il-secondo-anno\/"},"modified":"2026-01-15T17:35:40","modified_gmt":"2026-01-15T14:35:40","slug":"il-wics-riunira-la-comunita-mondiale-dellarrampicata-per-il-secondo-anno","status":"publish","type":"post","link":"https:\/\/walltopia.com\/it\/il-wics-riunira-la-comunita-mondiale-dellarrampicata-per-il-secondo-anno\/","title":{"rendered":"Il WICS riunir\u00e0 la comunit\u00e0 mondiale dell&#8217;arrampicata per il secondo anno"},"content":{"rendered":"<div class=\"wpb-content-wrapper\">[vc_row][vc_column][vc_custom_heading text=&#8221;Ricordi la nostra coraggiosa idea di riunire l&apos;intera comunit\u00e0 dell&apos;arrampicata in un unico luogo durante il primo World Indoor Climbing Summit (WICS)? Beh, l&apos;idea \u00e8 stata grandiosa e la stiamo ripetendo! &#8221; font_container=&#8221;tag:h2|font_size:18|text_align:left|color:%23000000|line_height:1.5&#8243; use_theme_fonts=&#8221;yes&#8221; css_animation=&#8221;fadeInUp&#8221; link=&#8221;url:https%3A%2F%2Fclimbingsummit.com%2F|title:WICS|target:_blank|&#8221;][vc_column_text css_animation=&#8221;fadeInUp&#8221; css=&#8221;&#8221;]\n<p style=\"font-size: 18px; line-height: 1.8em;\">Riunire alcuni dei migliori esperti di arrampicata indoor di tutto il mondo \u00e8 stata una sfida, ma con la rapida crescita del settore \u00e8 giunto il momento di avviare un dialogo pi\u00f9 ampio e strategico sullo stato dell&#8217;arrampicata indoor e sulle tendenze emergenti. Il WICS 2018 ha attirato 300 specialisti e 17 aziende espositrici provenienti da 38 paesi e prevediamo che il WICS 2019 sar\u00e0 ancora pi\u00f9 grande, promuovendo ulteriormente la collaborazione globale e l&#8217;innovazione nella comunit\u00e0 dell&#8217;arrampicata. <\/p>\n[\/vc_column_text][vc_column_text css_animation=&#8221;fadeInUp&#8221; css=&#8221;&#8221;]\n<p style=\"font-size: 18px; line-height: 1.8em;\">Sebbene la nostra attenzione si sia concentrata sui contenuti e sull&#8217;offerta di spazi per la collaborazione, il feedback dell&#8217;anno scorso ha evidenziato il valore del networking con i pionieri del settore. Inoltre, il fatto che la maggior parte dei partecipanti siano fondatori o amministratori delegati ha influenzato positivamente il dialogo. I partecipanti hanno apprezzato le tavole rotonde aperte e inclusive, che hanno permesso di avere prospettive diverse e di mantenere il pubblico impegnato. Di conseguenza, quest&#8217;anno continueremo ad utilizzare le tavole rotonde come formato preferito, garantendo un ambiente interattivo e coinvolgente per tutti i partecipanti.   <\/p>\n[\/vc_column_text][vc_row_inner][vc_column_inner width=&#8221;1\/2&#8243;][vc_column_text css_animation=&#8221;fadeInUp&#8221;]\n<p style=\"font-size: 18px; line-height: 1.8em;\">Dal punto di vista degli espositori, le aziende espositrici hanno condiviso la possibilit\u00e0 di dare finalmente un volto a un nome, incontrando per la prima volta alcuni dei loro clienti al WICS. Considerano il WICS un evento pi\u00f9 piccolo, ma con un grande pubblico di decisori, che accorcia la distanza tra il rivenditore e il gestore della palestra. <\/p>\n[\/vc_column_text][\/vc_column_inner][vc_column_inner width=&#8221;1\/2&#8243;][vc_custom_heading text=&#8221;Punti salienti del WICS 2018&#8243; font_container=&#8221;tag:h2|font_size:18|text_align:left|color:%23ed2020|line_height:1.5&#8243; use_theme_fonts=&#8221;yes&#8221; css_animation=&#8221;fadeInUp&#8221; css=&#8221;.vc_custom_1624274887589{padding-top: 2% !important;}&#8221;][vc_video link=&#8221;https:\/\/www.youtube.com\/watch?v=SVUWNcvE3Pk&#8221; css_animation=&#8221;fadeInUp&#8221;][\/vc_column_inner][\/vc_row_inner][vc_row_inner][vc_column_inner][vc_column_text css_animation=&#8221;fadeInUp&#8221; css=&#8221;&#8221;]\n<p style=\"font-size: 18px; line-height: 1.8em;\">La seconda edizione del <strong>WICS<\/strong> si terr\u00e0 quest&#8217;estate dal <strong>19 al 21 giugno sempre a Sofia, in Bulgaria<\/strong>.<\/p>\n<p style=\"font-size: 18px; line-height: 1.8em;\">Saranno inclusi alcuni degli argomenti pi\u00f9 caldi dell&#8217;anno scorso, come &#8220;Dalla A alla Z &#8211; Cosa considerare quando si apre una nuova palestra di arrampicata?&#8221;. (con nuovi relatori sul palco). Presenteremo inoltre alcune novit\u00e0 come il private equity e il &#8220;Global State of the Market&#8221;, in cui si discuter\u00e0 di come si sta muovendo l&#8217;industria dell&#8217;arrampicata nei paesi in cui l&#8217;arrampicata \u00e8 gi\u00e0 molto popolare. L&#8217;area espositiva sar\u00e0 ancora pi\u00f9 grande quest&#8217;anno, quindi un maggior numero di aziende \u00e8 invitato a partecipare.  <\/p>\n[\/vc_column_text][vc_column_text css_animation=&#8221;fadeInUp&#8221;]\n<p style=\"font-size: 18px; line-height: 1.8em;\">Invitiamo tutti i proprietari di palestre, i direttori, i manager, gli operatori, i tracciatori di vie e i potenziali investitori, gli influencer dell&#8217;arrampicata, gli scalatori e chiunque altro desideri vivere il WICS per dare forma al futuro dell&#8217;arrampicata insieme anche quest&#8217;estate.<\/p>\n<p style=\"font-size: 18px; line-height: 1.8em;\">Dettagli su: <a href=\"https:\/\/climbingsummit.com\/exhibitor-registraton\/\">Iscrizioni degli espositori<\/a> e <a href=\"https:\/\/climbingsummit.com\/overview\/floorplan\/\">planimetria<\/a>.<\/p>\n<p style=\"font-size: 18px; line-height: 1.8em;\">Segui la pagina <a href=\"https:\/\/www.facebook.com\/worldindoorclimbingsummit\">Facebook<\/a> e la pagina <a href=\"https:\/\/climbingsummit.com\/\">web<\/a> dell&#8217;evento per gli ultimi aggiornamenti!<\/p>\n<p style=\"font-size: 18px; line-height: 1.8em;\"><strong>Ci vediamo al WICS 2019!<\/strong><\/p>\n[\/vc_column_text][\/vc_column_inner][\/vc_row_inner][vc_row_inner][vc_column_inner width=&#8221;1\/3&#8243; css=&#8221;.vc_custom_1624275572610{padding-right: 2% !important;}&#8221;]<div class=\"link-button-container block width-100  text-align-left\"><a class=\"wt-link \" href=\"https:\/\/climbingsummit.com\/wics-schedule\/\" target=\"_blank\">SCHEDULE<\/a><\/div>[\/vc_column_inner][vc_column_inner width=&#8221;1\/3&#8243;]<div class=\"link-button-container block width-100  text-align-left\"><a class=\"wt-link \" href=\"http:\/\/tickets.climbingsummit.com\/ticket\" target=\"_blank\">TICKETS<\/a><\/div>[\/vc_column_inner][vc_column_inner width=&#8221;1\/3&#8243;][\/vc_column_inner][\/vc_row_inner][\/vc_column][\/vc_row]\n<\/div>","protected":false},"excerpt":{"rendered":"[vc_row][vc_column][vc_custom_heading text=&#8221;Ricordi la nostra coraggiosa idea di riunire l&apos;intera comunit\u00e0 dell&apos;arrampicata in un unico luogo durante il primo World Indoor&#8230;","protected":false},"author":10,"featured_media":22359,"comment_status":"closed","ping_status":"closed","sticky":false,"template":"","format":"standard","meta":{"_acf_changed":false,"inline_featured_image":false,"footnotes":""},"categories":[908],"tags":[2837,2838],"class_list":["post-187422","post","type-post","status-publish","format-standard","has-post-thumbnail","hentry","category-sala-stampa","tag-wics","tag-wics2019"],"acf":[],"yoast_head":"<!-- This site is optimized with the Yoast SEO Premium plugin v28.3 (Yoast SEO v28.3) - https:\/\/yoast.com\/product\/yoast-seo-premium-wordpress\/ -->\n<title>Il WICS riunir\u00e0 la comunit\u00e0 mondiale dell&#039;arrampicata per il secondo anno | Walltopia<\/title>\n<meta name=\"description\" content=\"Il World Indoor Climbing Summit organizzato da Walltopia \u00e8 andato pi\u00f9 che bene l&#039;anno scorso, quindi lo stiamo riproponendo. Scopri di pi\u00f9 sull&#039;evento qui.\" \/>\n<meta name=\"robots\" content=\"index, follow, max-snippet:-1, max-image-preview:large, max-video-preview:-1\" \/>\n<link rel=\"canonical\" href=\"https:\/\/walltopia.com\/it\/il-wics-riunira-la-comunita-mondiale-dellarrampicata-per-il-secondo-anno\/\" \/>\n<meta property=\"og:locale\" content=\"it_IT\" \/>\n<meta property=\"og:type\" content=\"article\" \/>\n<meta property=\"og:title\" content=\"Il WICS riunir\u00e0 la comunit\u00e0 mondiale dell&#039;arrampicata per il secondo anno\" \/>\n<meta property=\"og:description\" content=\"Il World Indoor Climbing Summit organizzato da Walltopia \u00e8 andato pi\u00f9 che bene l&#039;anno scorso, quindi lo stiamo riproponendo. Scopri di pi\u00f9 sull&#039;evento qui.\" \/>\n<meta property=\"og:url\" content=\"https:\/\/walltopia.com\/it\/il-wics-riunira-la-comunita-mondiale-dellarrampicata-per-il-secondo-anno\/\" \/>\n<meta property=\"og:site_name\" content=\"Walltopia\" \/>\n<meta property=\"article:publisher\" content=\"https:\/\/www.facebook.com\/walltopiaclimbing\/\" \/>\n<meta property=\"article:published_time\" content=\"2021-06-21T11:45:16+00:00\" \/>\n<meta property=\"article:modified_time\" content=\"2026-01-15T14:35:40+00:00\" \/>\n<meta property=\"og:image\" content=\"https:\/\/cdn.walltopia.com\/wp-content\/uploads\/20231026085341\/WICS-2019.jpg\" \/>\n\t<meta property=\"og:image:width\" content=\"900\" \/>\n\t<meta property=\"og:image:height\" content=\"506\" \/>\n\t<meta property=\"og:image:type\" content=\"image\/jpeg\" \/>\n<meta name=\"author\" content=\"the_id\" \/>\n<meta name=\"twitter:card\" content=\"summary_large_image\" \/>\n<meta name=\"twitter:creator\" content=\"@walltopiabg\" \/>\n<meta name=\"twitter:site\" content=\"@walltopiabg\" \/>\n<script type=\"application\/ld+json\" class=\"yoast-schema-graph\">{\"@context\":\"https:\\\/\\\/schema.org\",\"@graph\":[{\"@type\":\"Article\",\"@id\":\"https:\\\/\\\/walltopia.com\\\/it\\\/il-wics-riunira-la-comunita-mondiale-dellarrampicata-per-il-secondo-anno\\\/#article\",\"isPartOf\":{\"@id\":\"https:\\\/\\\/walltopia.com\\\/it\\\/il-wics-riunira-la-comunita-mondiale-dellarrampicata-per-il-secondo-anno\\\/\"},\"author\":{\"name\":\"the_id\",\"@id\":\"https:\\\/\\\/walltopia.com\\\/it\\\/#\\\/schema\\\/person\\\/b30506c6570e8fcee537c66f40da51ff\"},\"headline\":\"Il WICS riunir\u00e0 la comunit\u00e0 mondiale dell&#8217;arrampicata per il secondo anno\",\"datePublished\":\"2021-06-21T11:45:16+00:00\",\"dateModified\":\"2026-01-15T14:35:40+00:00\",\"mainEntityOfPage\":{\"@id\":\"https:\\\/\\\/walltopia.com\\\/it\\\/il-wics-riunira-la-comunita-mondiale-dellarrampicata-per-il-secondo-anno\\\/\"},\"wordCount\":705,\"publisher\":{\"@id\":\"https:\\\/\\\/walltopia.com\\\/it\\\/#organization\"},\"image\":{\"@id\":\"https:\\\/\\\/walltopia.com\\\/it\\\/il-wics-riunira-la-comunita-mondiale-dellarrampicata-per-il-secondo-anno\\\/#primaryimage\"},\"thumbnailUrl\":\"https:\\\/\\\/cdn.walltopia.com\\\/wp-content\\\/uploads\\\/20231026085341\\\/WICS-2019.jpg\",\"keywords\":[\"wics\",\"WICS2019\"],\"articleSection\":[\"Sala stampa\"],\"inLanguage\":\"it-IT\"},{\"@type\":\"WebPage\",\"@id\":\"https:\\\/\\\/walltopia.com\\\/it\\\/il-wics-riunira-la-comunita-mondiale-dellarrampicata-per-il-secondo-anno\\\/\",\"url\":\"https:\\\/\\\/walltopia.com\\\/it\\\/il-wics-riunira-la-comunita-mondiale-dellarrampicata-per-il-secondo-anno\\\/\",\"name\":\"Il WICS riunir\u00e0 la comunit\u00e0 mondiale dell'arrampicata per il secondo anno | Walltopia\",\"isPartOf\":{\"@id\":\"https:\\\/\\\/walltopia.com\\\/it\\\/#website\"},\"primaryImageOfPage\":{\"@id\":\"https:\\\/\\\/walltopia.com\\\/it\\\/il-wics-riunira-la-comunita-mondiale-dellarrampicata-per-il-secondo-anno\\\/#primaryimage\"},\"image\":{\"@id\":\"https:\\\/\\\/walltopia.com\\\/it\\\/il-wics-riunira-la-comunita-mondiale-dellarrampicata-per-il-secondo-anno\\\/#primaryimage\"},\"thumbnailUrl\":\"https:\\\/\\\/cdn.walltopia.com\\\/wp-content\\\/uploads\\\/20231026085341\\\/WICS-2019.jpg\",\"datePublished\":\"2021-06-21T11:45:16+00:00\",\"dateModified\":\"2026-01-15T14:35:40+00:00\",\"description\":\"Il World Indoor Climbing Summit organizzato da Walltopia \u00e8 andato pi\u00f9 che bene l'anno scorso, quindi lo stiamo riproponendo. Scopri di pi\u00f9 sull'evento qui.\",\"breadcrumb\":{\"@id\":\"https:\\\/\\\/walltopia.com\\\/it\\\/il-wics-riunira-la-comunita-mondiale-dellarrampicata-per-il-secondo-anno\\\/#breadcrumb\"},\"inLanguage\":\"it-IT\",\"potentialAction\":[{\"@type\":\"ReadAction\",\"target\":[\"https:\\\/\\\/walltopia.com\\\/it\\\/il-wics-riunira-la-comunita-mondiale-dellarrampicata-per-il-secondo-anno\\\/\"]}]},{\"@type\":\"ImageObject\",\"inLanguage\":\"it-IT\",\"@id\":\"https:\\\/\\\/walltopia.com\\\/it\\\/il-wics-riunira-la-comunita-mondiale-dellarrampicata-per-il-secondo-anno\\\/#primaryimage\",\"url\":\"https:\\\/\\\/cdn.walltopia.com\\\/wp-content\\\/uploads\\\/20231026085341\\\/WICS-2019.jpg\",\"contentUrl\":\"https:\\\/\\\/cdn.walltopia.com\\\/wp-content\\\/uploads\\\/20231026085341\\\/WICS-2019.jpg\",\"width\":900,\"height\":506},{\"@type\":\"BreadcrumbList\",\"@id\":\"https:\\\/\\\/walltopia.com\\\/it\\\/il-wics-riunira-la-comunita-mondiale-dellarrampicata-per-il-secondo-anno\\\/#breadcrumb\",\"itemListElement\":[{\"@type\":\"ListItem\",\"position\":1,\"name\":\"Home\",\"item\":\"https:\\\/\\\/walltopia.com\\\/it\\\/casa-it\\\/\"},{\"@type\":\"ListItem\",\"position\":2,\"name\":\"Il WICS riunir\u00e0 la comunit\u00e0 mondiale dell&#8217;arrampicata per il secondo anno\"}]},{\"@type\":\"WebSite\",\"@id\":\"https:\\\/\\\/walltopia.com\\\/it\\\/#website\",\"url\":\"https:\\\/\\\/walltopia.com\\\/it\\\/\",\"name\":\"Walltopia\",\"description\":\"World leader in the design and production of climbing walls and active entertainment attractions\",\"publisher\":{\"@id\":\"https:\\\/\\\/walltopia.com\\\/it\\\/#organization\"},\"potentialAction\":[{\"@type\":\"SearchAction\",\"target\":{\"@type\":\"EntryPoint\",\"urlTemplate\":\"https:\\\/\\\/walltopia.com\\\/it\\\/?s={search_term_string}\"},\"query-input\":{\"@type\":\"PropertyValueSpecification\",\"valueRequired\":true,\"valueName\":\"search_term_string\"}}],\"inLanguage\":\"it-IT\"},{\"@type\":\"Organization\",\"@id\":\"https:\\\/\\\/walltopia.com\\\/it\\\/#organization\",\"name\":\"Walltopia\",\"url\":\"https:\\\/\\\/walltopia.com\\\/it\\\/\",\"logo\":{\"@type\":\"ImageObject\",\"inLanguage\":\"it-IT\",\"@id\":\"https:\\\/\\\/walltopia.com\\\/it\\\/#\\\/schema\\\/logo\\\/image\\\/\",\"url\":\"\",\"contentUrl\":\"\",\"caption\":\"Walltopia\"},\"image\":{\"@id\":\"https:\\\/\\\/walltopia.com\\\/it\\\/#\\\/schema\\\/logo\\\/image\\\/\"},\"sameAs\":[\"https:\\\/\\\/www.facebook.com\\\/walltopiaclimbing\\\/\",\"https:\\\/\\\/x.com\\\/walltopiabg\",\"https:\\\/\\\/www.instagram.com\\\/walltopia.active\\\/\",\"https:\\\/\\\/www.linkedin.com\\\/company\\\/walltopia-ltd.\",\"https:\\\/\\\/www.youtube.com\\\/user\\\/WALLTOPIA\"]},{\"@type\":\"Person\",\"@id\":\"https:\\\/\\\/walltopia.com\\\/it\\\/#\\\/schema\\\/person\\\/b30506c6570e8fcee537c66f40da51ff\",\"name\":\"the_id\"}]}<\/script>\n<!-- \/ Yoast SEO Premium plugin. -->","yoast_head_json":{"title":"Il WICS riunir\u00e0 la comunit\u00e0 mondiale dell'arrampicata per il secondo anno | Walltopia","description":"Il World Indoor Climbing Summit organizzato da Walltopia \u00e8 andato pi\u00f9 che bene l'anno scorso, quindi lo stiamo riproponendo. Scopri di pi\u00f9 sull'evento qui.","robots":{"index":"index","follow":"follow","max-snippet":"max-snippet:-1","max-image-preview":"max-image-preview:large","max-video-preview":"max-video-preview:-1"},"canonical":"https:\/\/walltopia.com\/it\/il-wics-riunira-la-comunita-mondiale-dellarrampicata-per-il-secondo-anno\/","og_locale":"it_IT","og_type":"article","og_title":"Il WICS riunir\u00e0 la comunit\u00e0 mondiale dell'arrampicata per il secondo anno","og_description":"Il World Indoor Climbing Summit organizzato da Walltopia \u00e8 andato pi\u00f9 che bene l'anno scorso, quindi lo stiamo riproponendo. Scopri di pi\u00f9 sull'evento qui.","og_url":"https:\/\/walltopia.com\/it\/il-wics-riunira-la-comunita-mondiale-dellarrampicata-per-il-secondo-anno\/","og_site_name":"Walltopia","article_publisher":"https:\/\/www.facebook.com\/walltopiaclimbing\/","article_published_time":"2021-06-21T11:45:16+00:00","article_modified_time":"2026-01-15T14:35:40+00:00","og_image":[{"width":900,"height":506,"url":"https:\/\/cdn.walltopia.com\/wp-content\/uploads\/20231026085341\/WICS-2019.jpg","type":"image\/jpeg"}],"author":"the_id","twitter_card":"summary_large_image","twitter_creator":"@walltopiabg","twitter_site":"@walltopiabg","schema":{"@context":"https:\/\/schema.org","@graph":[{"@type":"Article","@id":"https:\/\/walltopia.com\/it\/il-wics-riunira-la-comunita-mondiale-dellarrampicata-per-il-secondo-anno\/#article","isPartOf":{"@id":"https:\/\/walltopia.com\/it\/il-wics-riunira-la-comunita-mondiale-dellarrampicata-per-il-secondo-anno\/"},"author":{"name":"the_id","@id":"https:\/\/walltopia.com\/it\/#\/schema\/person\/b30506c6570e8fcee537c66f40da51ff"},"headline":"Il WICS riunir\u00e0 la comunit\u00e0 mondiale dell&#8217;arrampicata per il secondo anno","datePublished":"2021-06-21T11:45:16+00:00","dateModified":"2026-01-15T14:35:40+00:00","mainEntityOfPage":{"@id":"https:\/\/walltopia.com\/it\/il-wics-riunira-la-comunita-mondiale-dellarrampicata-per-il-secondo-anno\/"},"wordCount":705,"publisher":{"@id":"https:\/\/walltopia.com\/it\/#organization"},"image":{"@id":"https:\/\/walltopia.com\/it\/il-wics-riunira-la-comunita-mondiale-dellarrampicata-per-il-secondo-anno\/#primaryimage"},"thumbnailUrl":"https:\/\/cdn.walltopia.com\/wp-content\/uploads\/20231026085341\/WICS-2019.jpg","keywords":["wics","WICS2019"],"articleSection":["Sala stampa"],"inLanguage":"it-IT"},{"@type":"WebPage","@id":"https:\/\/walltopia.com\/it\/il-wics-riunira-la-comunita-mondiale-dellarrampicata-per-il-secondo-anno\/","url":"https:\/\/walltopia.com\/it\/il-wics-riunira-la-comunita-mondiale-dellarrampicata-per-il-secondo-anno\/","name":"Il WICS riunir\u00e0 la comunit\u00e0 mondiale dell'arrampicata per il secondo anno | Walltopia","isPartOf":{"@id":"https:\/\/walltopia.com\/it\/#website"},"primaryImageOfPage":{"@id":"https:\/\/walltopia.com\/it\/il-wics-riunira-la-comunita-mondiale-dellarrampicata-per-il-secondo-anno\/#primaryimage"},"image":{"@id":"https:\/\/walltopia.com\/it\/il-wics-riunira-la-comunita-mondiale-dellarrampicata-per-il-secondo-anno\/#primaryimage"},"thumbnailUrl":"https:\/\/cdn.walltopia.com\/wp-content\/uploads\/20231026085341\/WICS-2019.jpg","datePublished":"2021-06-21T11:45:16+00:00","dateModified":"2026-01-15T14:35:40+00:00","description":"Il World Indoor Climbing Summit organizzato da Walltopia \u00e8 andato pi\u00f9 che bene l'anno scorso, quindi lo stiamo riproponendo. Scopri di pi\u00f9 sull'evento qui.","breadcrumb":{"@id":"https:\/\/walltopia.com\/it\/il-wics-riunira-la-comunita-mondiale-dellarrampicata-per-il-secondo-anno\/#breadcrumb"},"inLanguage":"it-IT","potentialAction":[{"@type":"ReadAction","target":["https:\/\/walltopia.com\/it\/il-wics-riunira-la-comunita-mondiale-dellarrampicata-per-il-secondo-anno\/"]}]},{"@type":"ImageObject","inLanguage":"it-IT","@id":"https:\/\/walltopia.com\/it\/il-wics-riunira-la-comunita-mondiale-dellarrampicata-per-il-secondo-anno\/#primaryimage","url":"https:\/\/cdn.walltopia.com\/wp-content\/uploads\/20231026085341\/WICS-2019.jpg","contentUrl":"https:\/\/cdn.walltopia.com\/wp-content\/uploads\/20231026085341\/WICS-2019.jpg","width":900,"height":506},{"@type":"BreadcrumbList","@id":"https:\/\/walltopia.com\/it\/il-wics-riunira-la-comunita-mondiale-dellarrampicata-per-il-secondo-anno\/#breadcrumb","itemListElement":[{"@type":"ListItem","position":1,"name":"Home","item":"https:\/\/walltopia.com\/it\/casa-it\/"},{"@type":"ListItem","position":2,"name":"Il WICS riunir\u00e0 la comunit\u00e0 mondiale dell&#8217;arrampicata per il secondo anno"}]},{"@type":"WebSite","@id":"https:\/\/walltopia.com\/it\/#website","url":"https:\/\/walltopia.com\/it\/","name":"Walltopia","description":"World leader in the design and production of climbing walls and active entertainment attractions","publisher":{"@id":"https:\/\/walltopia.com\/it\/#organization"},"potentialAction":[{"@type":"SearchAction","target":{"@type":"EntryPoint","urlTemplate":"https:\/\/walltopia.com\/it\/?s={search_term_string}"},"query-input":{"@type":"PropertyValueSpecification","valueRequired":true,"valueName":"search_term_string"}}],"inLanguage":"it-IT"},{"@type":"Organization","@id":"https:\/\/walltopia.com\/it\/#organization","name":"Walltopia","url":"https:\/\/walltopia.com\/it\/","logo":{"@type":"ImageObject","inLanguage":"it-IT","@id":"https:\/\/walltopia.com\/it\/#\/schema\/logo\/image\/","url":"","contentUrl":"","caption":"Walltopia"},"image":{"@id":"https:\/\/walltopia.com\/it\/#\/schema\/logo\/image\/"},"sameAs":["https:\/\/www.facebook.com\/walltopiaclimbing\/","https:\/\/x.com\/walltopiabg","https:\/\/www.instagram.com\/walltopia.active\/","https:\/\/www.linkedin.com\/company\/walltopia-ltd.","https:\/\/www.youtube.com\/user\/WALLTOPIA"]},{"@type":"Person","@id":"https:\/\/walltopia.com\/it\/#\/schema\/person\/b30506c6570e8fcee537c66f40da51ff","name":"the_id"}]}},"_links":{"self":[{"href":"https:\/\/walltopia.com\/it\/wp-json\/wp\/v2\/posts\/187422","targetHints":{"allow":["GET"]}}],"collection":[{"href":"https:\/\/walltopia.com\/it\/wp-json\/wp\/v2\/posts"}],"about":[{"href":"https:\/\/walltopia.com\/it\/wp-json\/wp\/v2\/types\/post"}],"author":[{"embeddable":true,"href":"https:\/\/walltopia.com\/it\/wp-json\/wp\/v2\/users\/10"}],"replies":[{"embeddable":true,"href":"https:\/\/walltopia.com\/it\/wp-json\/wp\/v2\/comments?post=187422"}],"version-history":[{"count":0,"href":"https:\/\/walltopia.com\/it\/wp-json\/wp\/v2\/posts\/187422\/revisions"}],"wp:featuredmedia":[{"embeddable":true,"href":"https:\/\/walltopia.com\/it\/wp-json\/wp\/v2\/media\/22359"}],"wp:attachment":[{"href":"https:\/\/walltopia.com\/it\/wp-json\/wp\/v2\/media?parent=187422"}],"wp:term":[{"taxonomy":"category","embeddable":true,"href":"https:\/\/walltopia.com\/it\/wp-json\/wp\/v2\/categories?post=187422"},{"taxonomy":"post_tag","embeddable":true,"href":"https:\/\/walltopia.com\/it\/wp-json\/wp\/v2\/tags?post=187422"}],"curies":[{"name":"wp","href":"https:\/\/api.w.org\/{rel}","templated":true}]}}