{"id":187441,"date":"2021-06-21T14:45:16","date_gmt":"2021-06-21T11:45:16","guid":{"rendered":"https:\/\/walltopia.com\/wics-zgromadzi-swiatowa-spolecznosc-wspinaczkowa-na-drugi-rok\/"},"modified":"2026-01-15T17:35:40","modified_gmt":"2026-01-15T14:35:40","slug":"wics-zgromadzi-swiatowa-spolecznosc-wspinaczkowa-na-drugi-rok","status":"publish","type":"post","link":"https:\/\/walltopia.com\/pl\/wics-zgromadzi-swiatowa-spolecznosc-wspinaczkowa-na-drugi-rok\/","title":{"rendered":"WICS zgromadzi \u015bwiatow\u0105 spo\u0142eczno\u015b\u0107 wspinaczkow\u0105 na drugi rok"},"content":{"rendered":"<div class=\"wpb-content-wrapper\">[vc_row][vc_column][vc_custom_heading text=&#8221;Pami\u0119tacie nasz odwa\u017cny pomys\u0142 zebrania ca\u0142ej spo\u0142eczno\u015bci wspinaczkowej w jednym miejscu podczas pierwszego World Indoor Climbing Summit (WICS)? C\u00f3\u017c, pomys\u0142 okaza\u0142 si\u0119 \u015bwietny i robimy to ponownie! &#8221; font_container=&#8221;tag:h2|font_size:18|text_align:left|color:%23000000|line_height:1.5&#8243; use_theme_fonts=&#8221;yes&#8221; css_animation=&#8221;fadeInUp&#8221; link=&#8221;url:https%3A%2F%2Fclimbingsummit.com%2F|title:WICS|target:_blank|&#8221;][vc_column_text css_animation=&#8221;fadeInUp&#8221; css=&#8221;&#8221;]\n<p style=\"font-size: 18px; line-height: 1.8em;\">Zgromadzenie jednych z najlepszych ekspert\u00f3w wspinaczki halowej z ca\u0142ego \u015bwiata by\u0142o wyzwaniem, ale poniewa\u017c bran\u017ca szybko si\u0119 rozwija, nadszed\u0142 czas na szerszy i bardziej strategiczny dialog na temat stanu wspinaczki halowej i pojawiaj\u0105cych si\u0119 trend\u00f3w. WICS 2018 przyci\u0105gn\u0105\u0142 300 specjalist\u00f3w i 17 firm wystawiaj\u0105cych z 38 kraj\u00f3w, a przewidujemy, \u017ce WICS 2019 b\u0119dzie jeszcze wi\u0119kszy, wspieraj\u0105c dalsz\u0105 globaln\u0105 wsp\u00f3\u0142prac\u0119 i innowacje w spo\u0142eczno\u015bci wspinaczkowej. <\/p>\n[\/vc_column_text][vc_column_text css_animation=&#8221;fadeInUp&#8221; css=&#8221;&#8221;]\n<p style=\"font-size: 18px; line-height: 1.8em;\">Chocia\u017c skupili\u015bmy si\u0119 na tre\u015bci i zapewnieniu przestrzeni do wsp\u00f3\u0142pracy, zesz\u0142oroczne opinie podkre\u015bli\u0142y warto\u015b\u0107 nawi\u0105zywania kontakt\u00f3w z pionierami bran\u017cy. Dodatkowo, fakt, \u017ce wi\u0119kszo\u015b\u0107 uczestnik\u00f3w by\u0142a za\u0142o\u017cycielami lub dyrektorami generalnymi, pozytywnie wp\u0142yn\u0105\u0142 na dialog. Uczestnicy docenili otwarte i inkluzywne dyskusje panelowe, kt\u00f3re pozwoli\u0142y na r\u00f3\u017cnorodne perspektywy i utrzyma\u0142y zaanga\u017cowanie publiczno\u015bci. W rezultacie w tym roku nadal preferujemy dyskusje panelowe jako preferowany format, zapewniaj\u0105c interaktywne i anga\u017cuj\u0105ce \u015brodowisko dla wszystkich uczestnik\u00f3w.   <\/p>\n[\/vc_column_text][vc_row_inner][vc_column_inner width=&#8221;1\/2&#8243;][vc_column_text css_animation=&#8221;fadeInUp&#8221;]\n<p style=\"font-size: 18px; line-height: 1.8em;\">Z perspektywy wystawc\u00f3w, wystawiaj\u0105ce si\u0119 firmy przyzna\u0142y, \u017ce w ko\u0144cu mog\u0105 po\u0142\u0105czy\u0107 twarz z nazwiskiem, spotykaj\u0105c niekt\u00f3rych swoich klient\u00f3w po raz pierwszy na WICS. Postrzegaj\u0105 WICS jako mniejsze wydarzenie, ale ze \u015bwietn\u0105 publiczno\u015bci\u0105 z\u0142o\u017con\u0105 g\u0142\u00f3wnie z decydent\u00f3w, co skraca dystans mi\u0119dzy sprzedawc\u0105 a mened\u017cerem si\u0142owni. <\/p>\n[\/vc_column_text][\/vc_column_inner][vc_column_inner width=&#8221;1\/2&#8243;][vc_custom_heading text=&#8221;Najwa\u017cniejsze wydarzenia WICS 2018&#8243; font_container=&#8221;tag:h2|font_size:18|text_align:left|color:%23ed2020|line_height:1.5&#8243; use_theme_fonts=&#8221;yes&#8221; css_animation=&#8221;fadeInUp&#8221; css=&#8221;.vc_custom_1624274887589{padding-top: 2% !important;}&#8221;][vc_video link=&#8221;https:\/\/www.youtube.com\/watch?v=SVUWNcvE3Pk&#8221; css_animation=&#8221;fadeInUp&#8221;][\/vc_column_inner][\/vc_row_inner][vc_row_inner][vc_column_inner][vc_column_text css_animation=&#8221;fadeInUp&#8221; css=&#8221;&#8221;]\n<p style=\"font-size: 18px; line-height: 1.8em;\">Druga edycja <strong>WICS<\/strong> odb\u0119dzie si\u0119 tego lata w dniach <strong>19-21 czerwca w Sofii w Bu\u0142garii<\/strong>.<\/p>\n<p style=\"font-size: 18px; line-height: 1.8em;\">Uwzgl\u0119dnimy niekt\u00f3re z najgor\u0119tszych zesz\u0142orocznych temat\u00f3w, takich jak &#8222;Od A do Z &#8211; Co wzi\u0105\u0107 pod uwag\u0119 otwieraj\u0105c now\u0105 si\u0142owni\u0119 wspinaczkow\u0105?&#8221; (z nowymi prelegentami na scenie). Zaprezentujemy r\u00f3wnie\u017c kilka nowych temat\u00f3w, takich jak private equity i &#8222;Global State of the Market&#8221;, gdzie b\u0119dziemy dyskutowa\u0107 o tym, dok\u0105d zmierza bran\u017ca wspinaczkowa w krajach, w kt\u00f3rych wspinaczka jest ju\u017c bardzo popularna. W tym roku powierzchnia wystawiennicza b\u0119dzie jeszcze wi\u0119ksza, wi\u0119c zapraszamy wi\u0119cej firm.  <\/p>\n[\/vc_column_text][vc_column_text css_animation=&#8221;fadeInUp&#8221;]\n<p style=\"font-size: 18px; line-height: 1.8em;\">Zapraszamy wszystkich w\u0142a\u015bcicieli si\u0142owni, dyrektor\u00f3w, mened\u017cer\u00f3w, operator\u00f3w, routesetter\u00f3w i potencjalnych inwestor\u00f3w, influencer\u00f3w wspinaczkowych, wspinaczy i wszystkich innych, kt\u00f3rzy mog\u0105 chcie\u0107 do\u015bwiadczy\u0107 WICS, aby tego lata ponownie wsp\u00f3lnie kszta\u0142towa\u0107 przysz\u0142o\u015b\u0107 wspinaczki.<\/p>\n<p style=\"font-size: 18px; line-height: 1.8em;\">Szczeg\u00f3\u0142y na temat: <a href=\"https:\/\/climbingsummit.com\/exhibitor-registraton\/\">Rejestracji Wystawc\u00f3w<\/a> i <a href=\"https:\/\/climbingsummit.com\/overview\/floorplan\/\">Planu Pi\u0119tra<\/a>.<\/p>\n<p style=\"font-size: 18px; line-height: 1.8em;\">\u015aled\u017a <a href=\"https:\/\/www.facebook.com\/worldindoorclimbingsummit\">Facebooka<\/a> i stron\u0119 <a href=\"https:\/\/climbingsummit.com\/\">internetow\u0105<\/a> wydarzenia, aby uzyska\u0107 najnowsze informacje!<\/p>\n<p style=\"font-size: 18px; line-height: 1.8em;\"><strong>Do zobaczenia na WICS 2019!<\/strong><\/p>\n[\/vc_column_text][\/vc_column_inner][\/vc_row_inner][vc_row_inner][vc_column_inner width=&#8221;1\/3&#8243; css=&#8221;.vc_custom_1624275572610{padding-right: 2% !important;}&#8221;]<div class=\"link-button-container block width-100  text-align-left\"><a class=\"wt-link \" href=\"https:\/\/climbingsummit.com\/wics-schedule\/\" target=\"_blank\">SCHEDULE<\/a><\/div>[\/vc_column_inner][vc_column_inner width=&#8221;1\/3&#8243;]<div class=\"link-button-container block width-100  text-align-left\"><a class=\"wt-link \" href=\"http:\/\/tickets.climbingsummit.com\/ticket\" target=\"_blank\">TICKETS<\/a><\/div>[\/vc_column_inner][vc_column_inner width=&#8221;1\/3&#8243;][\/vc_column_inner][\/vc_row_inner][\/vc_column][\/vc_row]\n<\/div>","protected":false},"excerpt":{"rendered":"[vc_row][vc_column][vc_custom_heading text=&#8221;Pami\u0119tacie nasz odwa\u017cny pomys\u0142 zebrania ca\u0142ej spo\u0142eczno\u015bci wspinaczkowej w jednym miejscu podczas pierwszego World Indoor Climbing Summit (WICS)? C\u00f3\u017c,&#8230;","protected":false},"author":10,"featured_media":187443,"comment_status":"closed","ping_status":"closed","sticky":false,"template":"","format":"standard","meta":{"_acf_changed":false,"inline_featured_image":false,"footnotes":""},"categories":[1108],"tags":[2826,2827],"class_list":["post-187441","post","type-post","status-publish","format-standard","has-post-thumbnail","hentry","category-newsroom-pl","tag-wics","tag-wics2019"],"acf":[],"yoast_head":"<!-- This site is optimized with the Yoast SEO Premium plugin v28.3 (Yoast SEO v28.3) - https:\/\/yoast.com\/product\/yoast-seo-premium-wordpress\/ -->\n<title>WICS zgromadzi \u015bwiatow\u0105 spo\u0142eczno\u015b\u0107 wspinaczkow\u0105 na drugi rok | Walltopia<\/title>\n<meta name=\"description\" content=\"World Indoor Climbing Summit organizowany przez Walltopia poszed\u0142 wi\u0119cej ni\u017c \u015bwietnie w zesz\u0142ym roku, wi\u0119c robimy to ponownie. Wi\u0119cej informacji o wydarzeniu mo\u017cna znale\u017a\u0107 tutaj.\" \/>\n<meta name=\"robots\" content=\"index, follow, max-snippet:-1, max-image-preview:large, max-video-preview:-1\" \/>\n<link rel=\"canonical\" href=\"https:\/\/walltopia.com\/pl\/wics-zgromadzi-swiatowa-spolecznosc-wspinaczkowa-na-drugi-rok\/\" \/>\n<meta property=\"og:locale\" content=\"pl_PL\" \/>\n<meta property=\"og:type\" content=\"article\" \/>\n<meta property=\"og:title\" content=\"WICS zgromadzi \u015bwiatow\u0105 spo\u0142eczno\u015b\u0107 wspinaczkow\u0105 na drugi rok\" \/>\n<meta property=\"og:description\" content=\"World Indoor Climbing Summit organizowany przez Walltopia poszed\u0142 wi\u0119cej ni\u017c \u015bwietnie w zesz\u0142ym roku, wi\u0119c robimy to ponownie. Wi\u0119cej informacji o wydarzeniu mo\u017cna znale\u017a\u0107 tutaj.\" \/>\n<meta property=\"og:url\" content=\"https:\/\/walltopia.com\/pl\/wics-zgromadzi-swiatowa-spolecznosc-wspinaczkowa-na-drugi-rok\/\" \/>\n<meta property=\"og:site_name\" content=\"Walltopia\" \/>\n<meta property=\"article:publisher\" content=\"https:\/\/www.facebook.com\/walltopiaclimbing\/\" \/>\n<meta property=\"article:published_time\" content=\"2021-06-21T11:45:16+00:00\" \/>\n<meta property=\"article:modified_time\" content=\"2026-01-15T14:35:40+00:00\" \/>\n<meta property=\"og:image\" content=\"https:\/\/cdn.walltopia.com\/wp-content\/uploads\/20231026085341\/WICS-2019.jpg\" \/>\n\t<meta property=\"og:image:width\" content=\"900\" \/>\n\t<meta property=\"og:image:height\" content=\"506\" \/>\n\t<meta property=\"og:image:type\" content=\"image\/jpeg\" \/>\n<meta name=\"author\" content=\"the_id\" \/>\n<meta name=\"twitter:card\" content=\"summary_large_image\" \/>\n<meta name=\"twitter:creator\" content=\"@walltopiabg\" \/>\n<meta name=\"twitter:site\" content=\"@walltopiabg\" \/>\n<script type=\"application\/ld+json\" class=\"yoast-schema-graph\">{\"@context\":\"https:\\\/\\\/schema.org\",\"@graph\":[{\"@type\":\"Article\",\"@id\":\"https:\\\/\\\/walltopia.com\\\/pl\\\/wics-zgromadzi-swiatowa-spolecznosc-wspinaczkowa-na-drugi-rok\\\/#article\",\"isPartOf\":{\"@id\":\"https:\\\/\\\/walltopia.com\\\/pl\\\/wics-zgromadzi-swiatowa-spolecznosc-wspinaczkowa-na-drugi-rok\\\/\"},\"author\":{\"name\":\"the_id\",\"@id\":\"https:\\\/\\\/walltopia.com\\\/pl\\\/#\\\/schema\\\/person\\\/b30506c6570e8fcee537c66f40da51ff\"},\"headline\":\"WICS zgromadzi \u015bwiatow\u0105 spo\u0142eczno\u015b\u0107 wspinaczkow\u0105 na drugi rok\",\"datePublished\":\"2021-06-21T11:45:16+00:00\",\"dateModified\":\"2026-01-15T14:35:40+00:00\",\"mainEntityOfPage\":{\"@id\":\"https:\\\/\\\/walltopia.com\\\/pl\\\/wics-zgromadzi-swiatowa-spolecznosc-wspinaczkowa-na-drugi-rok\\\/\"},\"wordCount\":701,\"publisher\":{\"@id\":\"https:\\\/\\\/walltopia.com\\\/pl\\\/#organization\"},\"image\":{\"@id\":\"https:\\\/\\\/walltopia.com\\\/pl\\\/wics-zgromadzi-swiatowa-spolecznosc-wspinaczkowa-na-drugi-rok\\\/#primaryimage\"},\"thumbnailUrl\":\"https:\\\/\\\/cdn.walltopia.com\\\/wp-content\\\/uploads\\\/20231026085341\\\/WICS-2019.jpg\",\"keywords\":[\"wics\",\"WICS2019\"],\"articleSection\":[\"Newsroom\"],\"inLanguage\":\"pl-PL\"},{\"@type\":\"WebPage\",\"@id\":\"https:\\\/\\\/walltopia.com\\\/pl\\\/wics-zgromadzi-swiatowa-spolecznosc-wspinaczkowa-na-drugi-rok\\\/\",\"url\":\"https:\\\/\\\/walltopia.com\\\/pl\\\/wics-zgromadzi-swiatowa-spolecznosc-wspinaczkowa-na-drugi-rok\\\/\",\"name\":\"WICS zgromadzi \u015bwiatow\u0105 spo\u0142eczno\u015b\u0107 wspinaczkow\u0105 na drugi rok | Walltopia\",\"isPartOf\":{\"@id\":\"https:\\\/\\\/walltopia.com\\\/pl\\\/#website\"},\"primaryImageOfPage\":{\"@id\":\"https:\\\/\\\/walltopia.com\\\/pl\\\/wics-zgromadzi-swiatowa-spolecznosc-wspinaczkowa-na-drugi-rok\\\/#primaryimage\"},\"image\":{\"@id\":\"https:\\\/\\\/walltopia.com\\\/pl\\\/wics-zgromadzi-swiatowa-spolecznosc-wspinaczkowa-na-drugi-rok\\\/#primaryimage\"},\"thumbnailUrl\":\"https:\\\/\\\/cdn.walltopia.com\\\/wp-content\\\/uploads\\\/20231026085341\\\/WICS-2019.jpg\",\"datePublished\":\"2021-06-21T11:45:16+00:00\",\"dateModified\":\"2026-01-15T14:35:40+00:00\",\"description\":\"World Indoor Climbing Summit organizowany przez Walltopia poszed\u0142 wi\u0119cej ni\u017c \u015bwietnie w zesz\u0142ym roku, wi\u0119c robimy to ponownie. Wi\u0119cej informacji o wydarzeniu mo\u017cna znale\u017a\u0107 tutaj.\",\"breadcrumb\":{\"@id\":\"https:\\\/\\\/walltopia.com\\\/pl\\\/wics-zgromadzi-swiatowa-spolecznosc-wspinaczkowa-na-drugi-rok\\\/#breadcrumb\"},\"inLanguage\":\"pl-PL\",\"potentialAction\":[{\"@type\":\"ReadAction\",\"target\":[\"https:\\\/\\\/walltopia.com\\\/pl\\\/wics-zgromadzi-swiatowa-spolecznosc-wspinaczkowa-na-drugi-rok\\\/\"]}]},{\"@type\":\"ImageObject\",\"inLanguage\":\"pl-PL\",\"@id\":\"https:\\\/\\\/walltopia.com\\\/pl\\\/wics-zgromadzi-swiatowa-spolecznosc-wspinaczkowa-na-drugi-rok\\\/#primaryimage\",\"url\":\"https:\\\/\\\/cdn.walltopia.com\\\/wp-content\\\/uploads\\\/20231026085341\\\/WICS-2019.jpg\",\"contentUrl\":\"https:\\\/\\\/cdn.walltopia.com\\\/wp-content\\\/uploads\\\/20231026085341\\\/WICS-2019.jpg\",\"width\":900,\"height\":506},{\"@type\":\"BreadcrumbList\",\"@id\":\"https:\\\/\\\/walltopia.com\\\/pl\\\/wics-zgromadzi-swiatowa-spolecznosc-wspinaczkowa-na-drugi-rok\\\/#breadcrumb\",\"itemListElement\":[{\"@type\":\"ListItem\",\"position\":1,\"name\":\"Home\",\"item\":\"https:\\\/\\\/walltopia.com\\\/pl\\\/strona-glowna-pl\\\/\"},{\"@type\":\"ListItem\",\"position\":2,\"name\":\"WICS zgromadzi \u015bwiatow\u0105 spo\u0142eczno\u015b\u0107 wspinaczkow\u0105 na drugi rok\"}]},{\"@type\":\"WebSite\",\"@id\":\"https:\\\/\\\/walltopia.com\\\/pl\\\/#website\",\"url\":\"https:\\\/\\\/walltopia.com\\\/pl\\\/\",\"name\":\"Walltopia\",\"description\":\"World leader in the design and production of climbing walls and active entertainment attractions\",\"publisher\":{\"@id\":\"https:\\\/\\\/walltopia.com\\\/pl\\\/#organization\"},\"potentialAction\":[{\"@type\":\"SearchAction\",\"target\":{\"@type\":\"EntryPoint\",\"urlTemplate\":\"https:\\\/\\\/walltopia.com\\\/pl\\\/?s={search_term_string}\"},\"query-input\":{\"@type\":\"PropertyValueSpecification\",\"valueRequired\":true,\"valueName\":\"search_term_string\"}}],\"inLanguage\":\"pl-PL\"},{\"@type\":\"Organization\",\"@id\":\"https:\\\/\\\/walltopia.com\\\/pl\\\/#organization\",\"name\":\"Walltopia\",\"url\":\"https:\\\/\\\/walltopia.com\\\/pl\\\/\",\"logo\":{\"@type\":\"ImageObject\",\"inLanguage\":\"pl-PL\",\"@id\":\"https:\\\/\\\/walltopia.com\\\/pl\\\/#\\\/schema\\\/logo\\\/image\\\/\",\"url\":\"\",\"contentUrl\":\"\",\"caption\":\"Walltopia\"},\"image\":{\"@id\":\"https:\\\/\\\/walltopia.com\\\/pl\\\/#\\\/schema\\\/logo\\\/image\\\/\"},\"sameAs\":[\"https:\\\/\\\/www.facebook.com\\\/walltopiaclimbing\\\/\",\"https:\\\/\\\/x.com\\\/walltopiabg\",\"https:\\\/\\\/www.instagram.com\\\/walltopia.active\\\/\",\"https:\\\/\\\/www.linkedin.com\\\/company\\\/walltopia-ltd.\",\"https:\\\/\\\/www.youtube.com\\\/user\\\/WALLTOPIA\"]},{\"@type\":\"Person\",\"@id\":\"https:\\\/\\\/walltopia.com\\\/pl\\\/#\\\/schema\\\/person\\\/b30506c6570e8fcee537c66f40da51ff\",\"name\":\"the_id\"}]}<\/script>\n<!-- \/ Yoast SEO Premium plugin. -->","yoast_head_json":{"title":"WICS zgromadzi \u015bwiatow\u0105 spo\u0142eczno\u015b\u0107 wspinaczkow\u0105 na drugi rok | Walltopia","description":"World Indoor Climbing Summit organizowany przez Walltopia poszed\u0142 wi\u0119cej ni\u017c \u015bwietnie w zesz\u0142ym roku, wi\u0119c robimy to ponownie. Wi\u0119cej informacji o wydarzeniu mo\u017cna znale\u017a\u0107 tutaj.","robots":{"index":"index","follow":"follow","max-snippet":"max-snippet:-1","max-image-preview":"max-image-preview:large","max-video-preview":"max-video-preview:-1"},"canonical":"https:\/\/walltopia.com\/pl\/wics-zgromadzi-swiatowa-spolecznosc-wspinaczkowa-na-drugi-rok\/","og_locale":"pl_PL","og_type":"article","og_title":"WICS zgromadzi \u015bwiatow\u0105 spo\u0142eczno\u015b\u0107 wspinaczkow\u0105 na drugi rok","og_description":"World Indoor Climbing Summit organizowany przez Walltopia poszed\u0142 wi\u0119cej ni\u017c \u015bwietnie w zesz\u0142ym roku, wi\u0119c robimy to ponownie. Wi\u0119cej informacji o wydarzeniu mo\u017cna znale\u017a\u0107 tutaj.","og_url":"https:\/\/walltopia.com\/pl\/wics-zgromadzi-swiatowa-spolecznosc-wspinaczkowa-na-drugi-rok\/","og_site_name":"Walltopia","article_publisher":"https:\/\/www.facebook.com\/walltopiaclimbing\/","article_published_time":"2021-06-21T11:45:16+00:00","article_modified_time":"2026-01-15T14:35:40+00:00","og_image":[{"width":900,"height":506,"url":"https:\/\/cdn.walltopia.com\/wp-content\/uploads\/20231026085341\/WICS-2019.jpg","type":"image\/jpeg"}],"author":"the_id","twitter_card":"summary_large_image","twitter_creator":"@walltopiabg","twitter_site":"@walltopiabg","schema":{"@context":"https:\/\/schema.org","@graph":[{"@type":"Article","@id":"https:\/\/walltopia.com\/pl\/wics-zgromadzi-swiatowa-spolecznosc-wspinaczkowa-na-drugi-rok\/#article","isPartOf":{"@id":"https:\/\/walltopia.com\/pl\/wics-zgromadzi-swiatowa-spolecznosc-wspinaczkowa-na-drugi-rok\/"},"author":{"name":"the_id","@id":"https:\/\/walltopia.com\/pl\/#\/schema\/person\/b30506c6570e8fcee537c66f40da51ff"},"headline":"WICS zgromadzi \u015bwiatow\u0105 spo\u0142eczno\u015b\u0107 wspinaczkow\u0105 na drugi rok","datePublished":"2021-06-21T11:45:16+00:00","dateModified":"2026-01-15T14:35:40+00:00","mainEntityOfPage":{"@id":"https:\/\/walltopia.com\/pl\/wics-zgromadzi-swiatowa-spolecznosc-wspinaczkowa-na-drugi-rok\/"},"wordCount":701,"publisher":{"@id":"https:\/\/walltopia.com\/pl\/#organization"},"image":{"@id":"https:\/\/walltopia.com\/pl\/wics-zgromadzi-swiatowa-spolecznosc-wspinaczkowa-na-drugi-rok\/#primaryimage"},"thumbnailUrl":"https:\/\/cdn.walltopia.com\/wp-content\/uploads\/20231026085341\/WICS-2019.jpg","keywords":["wics","WICS2019"],"articleSection":["Newsroom"],"inLanguage":"pl-PL"},{"@type":"WebPage","@id":"https:\/\/walltopia.com\/pl\/wics-zgromadzi-swiatowa-spolecznosc-wspinaczkowa-na-drugi-rok\/","url":"https:\/\/walltopia.com\/pl\/wics-zgromadzi-swiatowa-spolecznosc-wspinaczkowa-na-drugi-rok\/","name":"WICS zgromadzi \u015bwiatow\u0105 spo\u0142eczno\u015b\u0107 wspinaczkow\u0105 na drugi rok | Walltopia","isPartOf":{"@id":"https:\/\/walltopia.com\/pl\/#website"},"primaryImageOfPage":{"@id":"https:\/\/walltopia.com\/pl\/wics-zgromadzi-swiatowa-spolecznosc-wspinaczkowa-na-drugi-rok\/#primaryimage"},"image":{"@id":"https:\/\/walltopia.com\/pl\/wics-zgromadzi-swiatowa-spolecznosc-wspinaczkowa-na-drugi-rok\/#primaryimage"},"thumbnailUrl":"https:\/\/cdn.walltopia.com\/wp-content\/uploads\/20231026085341\/WICS-2019.jpg","datePublished":"2021-06-21T11:45:16+00:00","dateModified":"2026-01-15T14:35:40+00:00","description":"World Indoor Climbing Summit organizowany przez Walltopia poszed\u0142 wi\u0119cej ni\u017c \u015bwietnie w zesz\u0142ym roku, wi\u0119c robimy to ponownie. Wi\u0119cej informacji o wydarzeniu mo\u017cna znale\u017a\u0107 tutaj.","breadcrumb":{"@id":"https:\/\/walltopia.com\/pl\/wics-zgromadzi-swiatowa-spolecznosc-wspinaczkowa-na-drugi-rok\/#breadcrumb"},"inLanguage":"pl-PL","potentialAction":[{"@type":"ReadAction","target":["https:\/\/walltopia.com\/pl\/wics-zgromadzi-swiatowa-spolecznosc-wspinaczkowa-na-drugi-rok\/"]}]},{"@type":"ImageObject","inLanguage":"pl-PL","@id":"https:\/\/walltopia.com\/pl\/wics-zgromadzi-swiatowa-spolecznosc-wspinaczkowa-na-drugi-rok\/#primaryimage","url":"https:\/\/cdn.walltopia.com\/wp-content\/uploads\/20231026085341\/WICS-2019.jpg","contentUrl":"https:\/\/cdn.walltopia.com\/wp-content\/uploads\/20231026085341\/WICS-2019.jpg","width":900,"height":506},{"@type":"BreadcrumbList","@id":"https:\/\/walltopia.com\/pl\/wics-zgromadzi-swiatowa-spolecznosc-wspinaczkowa-na-drugi-rok\/#breadcrumb","itemListElement":[{"@type":"ListItem","position":1,"name":"Home","item":"https:\/\/walltopia.com\/pl\/strona-glowna-pl\/"},{"@type":"ListItem","position":2,"name":"WICS zgromadzi \u015bwiatow\u0105 spo\u0142eczno\u015b\u0107 wspinaczkow\u0105 na drugi rok"}]},{"@type":"WebSite","@id":"https:\/\/walltopia.com\/pl\/#website","url":"https:\/\/walltopia.com\/pl\/","name":"Walltopia","description":"World leader in the design and production of climbing walls and active entertainment attractions","publisher":{"@id":"https:\/\/walltopia.com\/pl\/#organization"},"potentialAction":[{"@type":"SearchAction","target":{"@type":"EntryPoint","urlTemplate":"https:\/\/walltopia.com\/pl\/?s={search_term_string}"},"query-input":{"@type":"PropertyValueSpecification","valueRequired":true,"valueName":"search_term_string"}}],"inLanguage":"pl-PL"},{"@type":"Organization","@id":"https:\/\/walltopia.com\/pl\/#organization","name":"Walltopia","url":"https:\/\/walltopia.com\/pl\/","logo":{"@type":"ImageObject","inLanguage":"pl-PL","@id":"https:\/\/walltopia.com\/pl\/#\/schema\/logo\/image\/","url":"","contentUrl":"","caption":"Walltopia"},"image":{"@id":"https:\/\/walltopia.com\/pl\/#\/schema\/logo\/image\/"},"sameAs":["https:\/\/www.facebook.com\/walltopiaclimbing\/","https:\/\/x.com\/walltopiabg","https:\/\/www.instagram.com\/walltopia.active\/","https:\/\/www.linkedin.com\/company\/walltopia-ltd.","https:\/\/www.youtube.com\/user\/WALLTOPIA"]},{"@type":"Person","@id":"https:\/\/walltopia.com\/pl\/#\/schema\/person\/b30506c6570e8fcee537c66f40da51ff","name":"the_id"}]}},"_links":{"self":[{"href":"https:\/\/walltopia.com\/pl\/wp-json\/wp\/v2\/posts\/187441","targetHints":{"allow":["GET"]}}],"collection":[{"href":"https:\/\/walltopia.com\/pl\/wp-json\/wp\/v2\/posts"}],"about":[{"href":"https:\/\/walltopia.com\/pl\/wp-json\/wp\/v2\/types\/post"}],"author":[{"embeddable":true,"href":"https:\/\/walltopia.com\/pl\/wp-json\/wp\/v2\/users\/10"}],"replies":[{"embeddable":true,"href":"https:\/\/walltopia.com\/pl\/wp-json\/wp\/v2\/comments?post=187441"}],"version-history":[{"count":0,"href":"https:\/\/walltopia.com\/pl\/wp-json\/wp\/v2\/posts\/187441\/revisions"}],"wp:featuredmedia":[{"embeddable":true,"href":"https:\/\/walltopia.com\/pl\/wp-json\/wp\/v2\/media\/187443"}],"wp:attachment":[{"href":"https:\/\/walltopia.com\/pl\/wp-json\/wp\/v2\/media?parent=187441"}],"wp:term":[{"taxonomy":"category","embeddable":true,"href":"https:\/\/walltopia.com\/pl\/wp-json\/wp\/v2\/categories?post=187441"},{"taxonomy":"post_tag","embeddable":true,"href":"https:\/\/walltopia.com\/pl\/wp-json\/wp\/v2\/tags?post=187441"}],"curies":[{"name":"wp","href":"https:\/\/api.w.org\/{rel}","templated":true}]}}