{"id":187595,"date":"2021-06-21T13:34:22","date_gmt":"2021-06-21T10:34:22","guid":{"rendered":"https:\/\/walltopia.com\/innsbruck-2018-proba-generalna-przed-tokio-2020\/"},"modified":"2026-01-15T17:36:01","modified_gmt":"2026-01-15T14:36:01","slug":"innsbruck-2018-proba-generalna-przed-tokio-2020","status":"publish","type":"post","link":"https:\/\/walltopia.com\/pl\/innsbruck-2018-proba-generalna-przed-tokio-2020\/","title":{"rendered":"Innsbruck 2018 &#8211; pr\u00f3ba generalna przed Tokio 2020"},"content":{"rendered":"<div class=\"wpb-content-wrapper\">[vc_row][vc_column][vc_custom_heading text=&#8221;Najd\u0142u\u017csze Mistrzostwa \u015awiata IFSC we Wspinaczce i Paraklimbingu, kt\u00f3rych gospodarzem by\u0142a Austria Climbing, odby\u0142y si\u0119 w Innsbrucku w dniach 6-16 wrze\u015bnia.&#8221; font_container=&#8221;tag:h2|font_size:18|text_align:left|color:%23000000|line_height:1.5&#8243; use_theme_fonts=&#8221;yes&#8221; css_animation=&#8221;fadeInUp&#8221; link=&#8221;url:https%3A%2F%2Fwww.innsbruck2018.com%2F|title:IFSC|target:_blank|&#8221;][vc_column_text css_animation=&#8221;fadeInUp&#8221;]\n<p style=\"font-size: 18px; line-height: 1.8em;\">Z kwalifikacjami odbywaj\u0105cymi si\u0119 w <a href=\"https:\/\/www.kletterzentrum-innsbruck.at\/\">Kletterzentrum Innsbruck<\/a> i fina\u0142ami &#8211; w <a href=\"https:\/\/www.olympiaworld.at\/en\/\">Olympiaworld<\/a>, Walltopia by\u0142a dumnym dostawc\u0105 \u015bcian wspinaczkowych na najbardziej udane i spektakularne zawody w najnowszej historii wspinaczki.<\/p>\n<p style=\"font-size: 18px; line-height: 1.8em;\">Uko\u0144czenie Kletterzentrum Innsbruck w 2017 roku zapewni\u0142o regionowi jeden z najlepszych obiekt\u00f3w treningowych na \u015bwiecie o \u0142\u0105cznej powierzchni wspinaczkowej ponad 5700 mkw. Rezultaty posiadania tego do dyspozycji by\u0142y bardziej ni\u017c oczywiste podczas Mistrzostw \u015awiata, w kt\u00f3rych dru\u017cyna Austrii zdoby\u0142a 4 medale, z czego 3 z\u0142ote. Wsp\u00f3\u0142praca mi\u0119dzy Walltopia i Austria Climbing by\u0142a kontynuowana przy tworzeniu \u015bcian, kt\u00f3re u\u0142atwi\u0142y fina\u0142y w hali Olympiaworld. Maj\u0105c na uwadze ustawienie trasy zawod\u00f3w, Walltopia zaprojektowa\u0142a \u015bciany, kt\u00f3re \u0142\u0105cz\u0105 form\u0119, funkcjonalno\u015b\u0107 i estetyk\u0119 w prosty spos\u00f3b, kt\u00f3ry s\u0142u\u017cy\u0142 wspania\u0142emu wydarzeniu. Zesp\u00f3\u0142 Walltopia uczestniczy\u0142 w zawodach, aby zobaczy\u0107 efekt swojej ci\u0119\u017ckiej pracy, w tym osoby z biura g\u0142\u00f3wnego w Sofii w Bu\u0142garii oraz przedstawiciele z Hiszpanii, W\u0142och, Niemiec, Austrii, Japonii, Malezji, Wielkiej Brytanii, Francji i Zjednoczonych Emirat\u00f3w Arabskich.    <\/p>\n[\/vc_column_text][vc_column_text css_animation=&#8221;fadeInUp&#8221;]\n<p style=\"font-size: 18px; line-height: 1.8em;\">Mistrzostwa \u015awiata we Wspinaczce IFSC odbywaj\u0105 si\u0119 co 2 lata, ale te by\u0142y kamieniem milowym zar\u00f3wno pod wzgl\u0119dem formatu zawod\u00f3w, jak i organizacji. Po raz pierwszy odby\u0142y si\u0119 fina\u0142y \u0142\u0105czone &#8211; format, kt\u00f3ry pojawi si\u0119 na oczekiwanych Igrzyskach Olimpijskich Tokio2020. Najlepszych 6 m\u0119\u017cczyzn i kobiet stan\u0119\u0142o przed wyzwaniem rywalizacji we wszystkich trzech dyscyplinach w kolejno\u015bci Speed, Bouldering, Lead, na nowo wybudowanych \u015bcianach Walltopia w Olympiawolrd. Dawna hala olimpijska cieszy\u0142a si\u0119 pe\u0142n\u0105 widowni\u0105 dopinguj\u0105cych ludzi ogl\u0105daj\u0105cych imponuj\u0105cy pokaz atletyzmu pokazany przez wszystkich wspinaczy. Mieszka\u0144cy Innsbrucka z dum\u0105 obserwowali, jak ich miejscowy Jacob Schubert zdoby\u0142 z\u0142oty medal w kombinacji, a za nim uplasowali si\u0119 Adam Ondra (CZE, 2.) i Jan Hojer (GER, 3.).    <\/p>\n<p style=\"font-size: 18px; line-height: 1.8em;\">Inna lokalna zawodniczka &#8211; Jessica Pilz r\u00f3wnie\u017c uzyska\u0142a dobry wynik, zdobywaj\u0105c z\u0142oto w prowadzeniu i br\u0105z w kombinacji, ust\u0119puj\u0105c jedynie Sol Sa (KOR, 2.) i mistrzyni \u015bwiata w boulderingu Janji Garnbret (SLO, 1.). Kolejnym debiutem na Mistrzostwach \u015awiata Innsbruck 2018 opr\u00f3cz fina\u0142\u00f3w w kombinacji jest to, \u017ce zawody wspinaczkowe by\u0142y po raz pierwszy transmitowane w telewizji przez 3 media &#8211; <a href=\"https:\/\/www.eurosport.com\/\">EuroSport<\/a>, <a href=\"https:\/\/olympics.com\/en\/\">Olympic Channel<\/a> i <a href=\"https:\/\/www.nbcsports.com\/olympic-channel\">NBC: Olympic Channel<\/a>. Arty\u015bci Walltopia 3D zadbali o stworzenie animowanych grafik obja\u015bniaj\u0105cych wy\u015bwietlanych przed ka\u017cdym zawodami, opisuj\u0105cych cechy ka\u017cdej \u015bciany i szczeg\u00f3\u0142owo prezentuj\u0105cych wszystkie trasy. U\u0142atwi\u0142o to osobom nie uprawiaj\u0105cym wspinaczki zrozumienie koncepcji, wyzwa\u0144 i cel\u00f3w ka\u017cdej dyscypliny oraz sprawi\u0142o, \u017ce nowy sport olimpijski sta\u0142 si\u0119 atrakcyjny dla szerszej publiczno\u015bci ni\u017c kiedykolwiek.   <\/p>\n<p style=\"font-size: 18px; line-height: 1.8em;\">Dzi\u0119ki doskona\u0142ej organizacji Austria Climbing, wspania\u0142emu obiektowi Walltopia i najlepszym wynikom wszystkich sportowc\u00f3w, dyscyplina \u0142\u0105czona i wspinaczka, og\u00f3lnie rzecz bior\u0105c, okaza\u0142y si\u0119 pokazem umiej\u0119tno\u015bci, si\u0142y i wytrzyma\u0142o\u015bci, kt\u00f3ry jest atrakcyjny do ogl\u0105dania i obiecuje przynie\u015b\u0107 \u015bwiat\u0142a do wspinaczki podczas Tokio2020.<\/p>\n[\/vc_column_text]<div class=\"link-button-container block width-100  text-align-left\"><a class=\"wt-link \" href=\"https:\/\/www.innsbruck2018.com\/en.html\" target=\"_blank\">Official Event Website<\/a><\/div>[\/vc_column][\/vc_row][vc_row][vc_column][\/vc_column][\/vc_row]\n<\/div>","protected":false},"excerpt":{"rendered":"[vc_row][vc_column][vc_custom_heading text=&#8221;Najd\u0142u\u017csze Mistrzostwa \u015awiata IFSC we Wspinaczce i Paraklimbingu, kt\u00f3rych gospodarzem by\u0142a Austria Climbing, odby\u0142y si\u0119 w Innsbrucku w dniach&#8230;","protected":false},"author":10,"featured_media":187601,"comment_status":"closed","ping_status":"closed","sticky":false,"template":"","format":"standard","meta":{"_acf_changed":false,"inline_featured_image":false,"footnotes":""},"categories":[1108],"tags":[1948,2860,2358],"class_list":["post-187595","post","type-post","status-publish","format-standard","has-post-thumbnail","hentry","category-newsroom-pl","tag-ifsc","tag-igrzyska-olimpijskie","tag-igrzyska-olimpijskie-2020"],"acf":[],"yoast_head":"<!-- This site is optimized with the Yoast SEO Premium plugin v28.3 (Yoast SEO v28.3) - https:\/\/yoast.com\/product\/yoast-seo-premium-wordpress\/ -->\n<title>Innsbruck 2018 - pr\u00f3ba generalna przed Tokio 2020 | Walltopia<\/title>\n<meta name=\"description\" content=\"Walltopia by\u0142a dumnym dostawc\u0105 \u015bcian wspinaczkowych na Mistrzostwa \u015awiata we Wspinaczce IFSC w Kletterzentrum Innsbruck i Olympiaworld.\" \/>\n<meta name=\"robots\" content=\"index, follow, max-snippet:-1, max-image-preview:large, max-video-preview:-1\" \/>\n<link rel=\"canonical\" href=\"https:\/\/walltopia.com\/pl\/innsbruck-2018-proba-generalna-przed-tokio-2020\/\" \/>\n<meta property=\"og:locale\" content=\"pl_PL\" \/>\n<meta property=\"og:type\" content=\"article\" \/>\n<meta property=\"og:title\" content=\"Innsbruck 2018 - pr\u00f3ba generalna przed Tokio 2020\" \/>\n<meta property=\"og:description\" content=\"Walltopia by\u0142a dumnym dostawc\u0105 \u015bcian wspinaczkowych na Mistrzostwa \u015awiata we Wspinaczce IFSC w Kletterzentrum Innsbruck i Olympiaworld.\" \/>\n<meta property=\"og:url\" content=\"https:\/\/walltopia.com\/pl\/innsbruck-2018-proba-generalna-przed-tokio-2020\/\" \/>\n<meta property=\"og:site_name\" content=\"Walltopia\" \/>\n<meta property=\"article:publisher\" content=\"https:\/\/www.facebook.com\/walltopiaclimbing\/\" \/>\n<meta property=\"article:published_time\" content=\"2021-06-21T10:34:22+00:00\" \/>\n<meta property=\"article:modified_time\" content=\"2026-01-15T14:36:01+00:00\" \/>\n<meta property=\"og:image\" content=\"https:\/\/cdn.walltopia.com\/wp-content\/uploads\/20231026085403\/755a09762452d6eb5c314d532540d319_XL.jpg\" \/>\n\t<meta property=\"og:image:width\" content=\"900\" \/>\n\t<meta property=\"og:image:height\" content=\"477\" \/>\n\t<meta property=\"og:image:type\" content=\"image\/jpeg\" \/>\n<meta name=\"author\" content=\"the_id\" \/>\n<meta name=\"twitter:card\" content=\"summary_large_image\" \/>\n<meta name=\"twitter:creator\" content=\"@walltopiabg\" \/>\n<meta name=\"twitter:site\" content=\"@walltopiabg\" \/>\n<script type=\"application\/ld+json\" class=\"yoast-schema-graph\">{\"@context\":\"https:\\\/\\\/schema.org\",\"@graph\":[{\"@type\":\"Article\",\"@id\":\"https:\\\/\\\/walltopia.com\\\/pl\\\/innsbruck-2018-proba-generalna-przed-tokio-2020\\\/#article\",\"isPartOf\":{\"@id\":\"https:\\\/\\\/walltopia.com\\\/pl\\\/innsbruck-2018-proba-generalna-przed-tokio-2020\\\/\"},\"author\":{\"name\":\"the_id\",\"@id\":\"https:\\\/\\\/walltopia.com\\\/pl\\\/#\\\/schema\\\/person\\\/b30506c6570e8fcee537c66f40da51ff\"},\"headline\":\"Innsbruck 2018 &#8211; pr\u00f3ba generalna przed Tokio 2020\",\"datePublished\":\"2021-06-21T10:34:22+00:00\",\"dateModified\":\"2026-01-15T14:36:01+00:00\",\"mainEntityOfPage\":{\"@id\":\"https:\\\/\\\/walltopia.com\\\/pl\\\/innsbruck-2018-proba-generalna-przed-tokio-2020\\\/\"},\"wordCount\":626,\"publisher\":{\"@id\":\"https:\\\/\\\/walltopia.com\\\/pl\\\/#organization\"},\"image\":{\"@id\":\"https:\\\/\\\/walltopia.com\\\/pl\\\/innsbruck-2018-proba-generalna-przed-tokio-2020\\\/#primaryimage\"},\"thumbnailUrl\":\"https:\\\/\\\/cdn.walltopia.com\\\/wp-content\\\/uploads\\\/20231026085403\\\/755a09762452d6eb5c314d532540d319_XL.jpg\",\"keywords\":[\"IFSC\",\"igrzyska olimpijskie\",\"igrzyska olimpijskie 2020\"],\"articleSection\":[\"Newsroom\"],\"inLanguage\":\"pl-PL\"},{\"@type\":\"WebPage\",\"@id\":\"https:\\\/\\\/walltopia.com\\\/pl\\\/innsbruck-2018-proba-generalna-przed-tokio-2020\\\/\",\"url\":\"https:\\\/\\\/walltopia.com\\\/pl\\\/innsbruck-2018-proba-generalna-przed-tokio-2020\\\/\",\"name\":\"Innsbruck 2018 - pr\u00f3ba generalna przed Tokio 2020 | Walltopia\",\"isPartOf\":{\"@id\":\"https:\\\/\\\/walltopia.com\\\/pl\\\/#website\"},\"primaryImageOfPage\":{\"@id\":\"https:\\\/\\\/walltopia.com\\\/pl\\\/innsbruck-2018-proba-generalna-przed-tokio-2020\\\/#primaryimage\"},\"image\":{\"@id\":\"https:\\\/\\\/walltopia.com\\\/pl\\\/innsbruck-2018-proba-generalna-przed-tokio-2020\\\/#primaryimage\"},\"thumbnailUrl\":\"https:\\\/\\\/cdn.walltopia.com\\\/wp-content\\\/uploads\\\/20231026085403\\\/755a09762452d6eb5c314d532540d319_XL.jpg\",\"datePublished\":\"2021-06-21T10:34:22+00:00\",\"dateModified\":\"2026-01-15T14:36:01+00:00\",\"description\":\"Walltopia by\u0142a dumnym dostawc\u0105 \u015bcian wspinaczkowych na Mistrzostwa \u015awiata we Wspinaczce IFSC w Kletterzentrum Innsbruck i Olympiaworld.\",\"breadcrumb\":{\"@id\":\"https:\\\/\\\/walltopia.com\\\/pl\\\/innsbruck-2018-proba-generalna-przed-tokio-2020\\\/#breadcrumb\"},\"inLanguage\":\"pl-PL\",\"potentialAction\":[{\"@type\":\"ReadAction\",\"target\":[\"https:\\\/\\\/walltopia.com\\\/pl\\\/innsbruck-2018-proba-generalna-przed-tokio-2020\\\/\"]}]},{\"@type\":\"ImageObject\",\"inLanguage\":\"pl-PL\",\"@id\":\"https:\\\/\\\/walltopia.com\\\/pl\\\/innsbruck-2018-proba-generalna-przed-tokio-2020\\\/#primaryimage\",\"url\":\"https:\\\/\\\/cdn.walltopia.com\\\/wp-content\\\/uploads\\\/20231026085403\\\/755a09762452d6eb5c314d532540d319_XL.jpg\",\"contentUrl\":\"https:\\\/\\\/cdn.walltopia.com\\\/wp-content\\\/uploads\\\/20231026085403\\\/755a09762452d6eb5c314d532540d319_XL.jpg\",\"width\":900,\"height\":477},{\"@type\":\"BreadcrumbList\",\"@id\":\"https:\\\/\\\/walltopia.com\\\/pl\\\/innsbruck-2018-proba-generalna-przed-tokio-2020\\\/#breadcrumb\",\"itemListElement\":[{\"@type\":\"ListItem\",\"position\":1,\"name\":\"Home\",\"item\":\"https:\\\/\\\/walltopia.com\\\/pl\\\/strona-glowna-pl\\\/\"},{\"@type\":\"ListItem\",\"position\":2,\"name\":\"Innsbruck 2018 &#8211; pr\u00f3ba generalna przed Tokio 2020\"}]},{\"@type\":\"WebSite\",\"@id\":\"https:\\\/\\\/walltopia.com\\\/pl\\\/#website\",\"url\":\"https:\\\/\\\/walltopia.com\\\/pl\\\/\",\"name\":\"Walltopia\",\"description\":\"World leader in the design and production of climbing walls and active entertainment attractions\",\"publisher\":{\"@id\":\"https:\\\/\\\/walltopia.com\\\/pl\\\/#organization\"},\"potentialAction\":[{\"@type\":\"SearchAction\",\"target\":{\"@type\":\"EntryPoint\",\"urlTemplate\":\"https:\\\/\\\/walltopia.com\\\/pl\\\/?s={search_term_string}\"},\"query-input\":{\"@type\":\"PropertyValueSpecification\",\"valueRequired\":true,\"valueName\":\"search_term_string\"}}],\"inLanguage\":\"pl-PL\"},{\"@type\":\"Organization\",\"@id\":\"https:\\\/\\\/walltopia.com\\\/pl\\\/#organization\",\"name\":\"Walltopia\",\"url\":\"https:\\\/\\\/walltopia.com\\\/pl\\\/\",\"logo\":{\"@type\":\"ImageObject\",\"inLanguage\":\"pl-PL\",\"@id\":\"https:\\\/\\\/walltopia.com\\\/pl\\\/#\\\/schema\\\/logo\\\/image\\\/\",\"url\":\"\",\"contentUrl\":\"\",\"caption\":\"Walltopia\"},\"image\":{\"@id\":\"https:\\\/\\\/walltopia.com\\\/pl\\\/#\\\/schema\\\/logo\\\/image\\\/\"},\"sameAs\":[\"https:\\\/\\\/www.facebook.com\\\/walltopiaclimbing\\\/\",\"https:\\\/\\\/x.com\\\/walltopiabg\",\"https:\\\/\\\/www.instagram.com\\\/walltopia.active\\\/\",\"https:\\\/\\\/www.linkedin.com\\\/company\\\/walltopia-ltd.\",\"https:\\\/\\\/www.youtube.com\\\/user\\\/WALLTOPIA\"]},{\"@type\":\"Person\",\"@id\":\"https:\\\/\\\/walltopia.com\\\/pl\\\/#\\\/schema\\\/person\\\/b30506c6570e8fcee537c66f40da51ff\",\"name\":\"the_id\"}]}<\/script>\n<!-- \/ Yoast SEO Premium plugin. -->","yoast_head_json":{"title":"Innsbruck 2018 - pr\u00f3ba generalna przed Tokio 2020 | Walltopia","description":"Walltopia by\u0142a dumnym dostawc\u0105 \u015bcian wspinaczkowych na Mistrzostwa \u015awiata we Wspinaczce IFSC w Kletterzentrum Innsbruck i Olympiaworld.","robots":{"index":"index","follow":"follow","max-snippet":"max-snippet:-1","max-image-preview":"max-image-preview:large","max-video-preview":"max-video-preview:-1"},"canonical":"https:\/\/walltopia.com\/pl\/innsbruck-2018-proba-generalna-przed-tokio-2020\/","og_locale":"pl_PL","og_type":"article","og_title":"Innsbruck 2018 - pr\u00f3ba generalna przed Tokio 2020","og_description":"Walltopia by\u0142a dumnym dostawc\u0105 \u015bcian wspinaczkowych na Mistrzostwa \u015awiata we Wspinaczce IFSC w Kletterzentrum Innsbruck i Olympiaworld.","og_url":"https:\/\/walltopia.com\/pl\/innsbruck-2018-proba-generalna-przed-tokio-2020\/","og_site_name":"Walltopia","article_publisher":"https:\/\/www.facebook.com\/walltopiaclimbing\/","article_published_time":"2021-06-21T10:34:22+00:00","article_modified_time":"2026-01-15T14:36:01+00:00","og_image":[{"width":900,"height":477,"url":"https:\/\/cdn.walltopia.com\/wp-content\/uploads\/20231026085403\/755a09762452d6eb5c314d532540d319_XL.jpg","type":"image\/jpeg"}],"author":"the_id","twitter_card":"summary_large_image","twitter_creator":"@walltopiabg","twitter_site":"@walltopiabg","schema":{"@context":"https:\/\/schema.org","@graph":[{"@type":"Article","@id":"https:\/\/walltopia.com\/pl\/innsbruck-2018-proba-generalna-przed-tokio-2020\/#article","isPartOf":{"@id":"https:\/\/walltopia.com\/pl\/innsbruck-2018-proba-generalna-przed-tokio-2020\/"},"author":{"name":"the_id","@id":"https:\/\/walltopia.com\/pl\/#\/schema\/person\/b30506c6570e8fcee537c66f40da51ff"},"headline":"Innsbruck 2018 &#8211; pr\u00f3ba generalna przed Tokio 2020","datePublished":"2021-06-21T10:34:22+00:00","dateModified":"2026-01-15T14:36:01+00:00","mainEntityOfPage":{"@id":"https:\/\/walltopia.com\/pl\/innsbruck-2018-proba-generalna-przed-tokio-2020\/"},"wordCount":626,"publisher":{"@id":"https:\/\/walltopia.com\/pl\/#organization"},"image":{"@id":"https:\/\/walltopia.com\/pl\/innsbruck-2018-proba-generalna-przed-tokio-2020\/#primaryimage"},"thumbnailUrl":"https:\/\/cdn.walltopia.com\/wp-content\/uploads\/20231026085403\/755a09762452d6eb5c314d532540d319_XL.jpg","keywords":["IFSC","igrzyska olimpijskie","igrzyska olimpijskie 2020"],"articleSection":["Newsroom"],"inLanguage":"pl-PL"},{"@type":"WebPage","@id":"https:\/\/walltopia.com\/pl\/innsbruck-2018-proba-generalna-przed-tokio-2020\/","url":"https:\/\/walltopia.com\/pl\/innsbruck-2018-proba-generalna-przed-tokio-2020\/","name":"Innsbruck 2018 - pr\u00f3ba generalna przed Tokio 2020 | Walltopia","isPartOf":{"@id":"https:\/\/walltopia.com\/pl\/#website"},"primaryImageOfPage":{"@id":"https:\/\/walltopia.com\/pl\/innsbruck-2018-proba-generalna-przed-tokio-2020\/#primaryimage"},"image":{"@id":"https:\/\/walltopia.com\/pl\/innsbruck-2018-proba-generalna-przed-tokio-2020\/#primaryimage"},"thumbnailUrl":"https:\/\/cdn.walltopia.com\/wp-content\/uploads\/20231026085403\/755a09762452d6eb5c314d532540d319_XL.jpg","datePublished":"2021-06-21T10:34:22+00:00","dateModified":"2026-01-15T14:36:01+00:00","description":"Walltopia by\u0142a dumnym dostawc\u0105 \u015bcian wspinaczkowych na Mistrzostwa \u015awiata we Wspinaczce IFSC w Kletterzentrum Innsbruck i Olympiaworld.","breadcrumb":{"@id":"https:\/\/walltopia.com\/pl\/innsbruck-2018-proba-generalna-przed-tokio-2020\/#breadcrumb"},"inLanguage":"pl-PL","potentialAction":[{"@type":"ReadAction","target":["https:\/\/walltopia.com\/pl\/innsbruck-2018-proba-generalna-przed-tokio-2020\/"]}]},{"@type":"ImageObject","inLanguage":"pl-PL","@id":"https:\/\/walltopia.com\/pl\/innsbruck-2018-proba-generalna-przed-tokio-2020\/#primaryimage","url":"https:\/\/cdn.walltopia.com\/wp-content\/uploads\/20231026085403\/755a09762452d6eb5c314d532540d319_XL.jpg","contentUrl":"https:\/\/cdn.walltopia.com\/wp-content\/uploads\/20231026085403\/755a09762452d6eb5c314d532540d319_XL.jpg","width":900,"height":477},{"@type":"BreadcrumbList","@id":"https:\/\/walltopia.com\/pl\/innsbruck-2018-proba-generalna-przed-tokio-2020\/#breadcrumb","itemListElement":[{"@type":"ListItem","position":1,"name":"Home","item":"https:\/\/walltopia.com\/pl\/strona-glowna-pl\/"},{"@type":"ListItem","position":2,"name":"Innsbruck 2018 &#8211; pr\u00f3ba generalna przed Tokio 2020"}]},{"@type":"WebSite","@id":"https:\/\/walltopia.com\/pl\/#website","url":"https:\/\/walltopia.com\/pl\/","name":"Walltopia","description":"World leader in the design and production of climbing walls and active entertainment attractions","publisher":{"@id":"https:\/\/walltopia.com\/pl\/#organization"},"potentialAction":[{"@type":"SearchAction","target":{"@type":"EntryPoint","urlTemplate":"https:\/\/walltopia.com\/pl\/?s={search_term_string}"},"query-input":{"@type":"PropertyValueSpecification","valueRequired":true,"valueName":"search_term_string"}}],"inLanguage":"pl-PL"},{"@type":"Organization","@id":"https:\/\/walltopia.com\/pl\/#organization","name":"Walltopia","url":"https:\/\/walltopia.com\/pl\/","logo":{"@type":"ImageObject","inLanguage":"pl-PL","@id":"https:\/\/walltopia.com\/pl\/#\/schema\/logo\/image\/","url":"","contentUrl":"","caption":"Walltopia"},"image":{"@id":"https:\/\/walltopia.com\/pl\/#\/schema\/logo\/image\/"},"sameAs":["https:\/\/www.facebook.com\/walltopiaclimbing\/","https:\/\/x.com\/walltopiabg","https:\/\/www.instagram.com\/walltopia.active\/","https:\/\/www.linkedin.com\/company\/walltopia-ltd.","https:\/\/www.youtube.com\/user\/WALLTOPIA"]},{"@type":"Person","@id":"https:\/\/walltopia.com\/pl\/#\/schema\/person\/b30506c6570e8fcee537c66f40da51ff","name":"the_id"}]}},"_links":{"self":[{"href":"https:\/\/walltopia.com\/pl\/wp-json\/wp\/v2\/posts\/187595","targetHints":{"allow":["GET"]}}],"collection":[{"href":"https:\/\/walltopia.com\/pl\/wp-json\/wp\/v2\/posts"}],"about":[{"href":"https:\/\/walltopia.com\/pl\/wp-json\/wp\/v2\/types\/post"}],"author":[{"embeddable":true,"href":"https:\/\/walltopia.com\/pl\/wp-json\/wp\/v2\/users\/10"}],"replies":[{"embeddable":true,"href":"https:\/\/walltopia.com\/pl\/wp-json\/wp\/v2\/comments?post=187595"}],"version-history":[{"count":0,"href":"https:\/\/walltopia.com\/pl\/wp-json\/wp\/v2\/posts\/187595\/revisions"}],"wp:featuredmedia":[{"embeddable":true,"href":"https:\/\/walltopia.com\/pl\/wp-json\/wp\/v2\/media\/187601"}],"wp:attachment":[{"href":"https:\/\/walltopia.com\/pl\/wp-json\/wp\/v2\/media?parent=187595"}],"wp:term":[{"taxonomy":"category","embeddable":true,"href":"https:\/\/walltopia.com\/pl\/wp-json\/wp\/v2\/categories?post=187595"},{"taxonomy":"post_tag","embeddable":true,"href":"https:\/\/walltopia.com\/pl\/wp-json\/wp\/v2\/tags?post=187595"}],"curies":[{"name":"wp","href":"https:\/\/api.w.org\/{rel}","templated":true}]}}