{"id":198693,"date":"2023-07-26T17:56:13","date_gmt":"2023-07-26T14:56:13","guid":{"rendered":"https:\/\/walltopia.com\/wydarzenia-dywizji-wspinaczkowej-jesienia-2023-r\/"},"modified":"2026-01-15T18:04:53","modified_gmt":"2026-01-15T15:04:53","slug":"wydarzenia-dywizji-wspinaczkowej-jesienia-2023-r","status":"publish","type":"post","link":"https:\/\/walltopia.com\/pl\/wydarzenia-dywizji-wspinaczkowej-jesienia-2023-r\/","title":{"rendered":"Wydarzenia dywizji wspinaczkowej jesieni\u0105 2023 r."},"content":{"rendered":"<div class=\"wpb-content-wrapper\">[vc_row][vc_column][vc_column_text]<strong>Jesie\u0144 2023 b\u0119dzie pracowita dla dywizji wspinaczkowej Walltopia, uczestnicz\u0105cej w wydarzeniach w ca\u0142ej Europie!<\/strong>  Pocz\u0105wszy od po\u0142owy wrze\u015bnia w Sheffield w Wielkiej Brytanii na corocznej konferencji ABC walls, nast\u0119pnie Salon de l&#8217;Escalade w Grenoble we Francji i wreszcie Vertical Pro pod koniec listopada, tu\u017c przed rozpocz\u0119ciem przygotowa\u0144 do \u015bwi\u0105t Bo\u017cego Narodzenia.[\/vc_column_text][vc_separator css=&#8221;.vc_custom_1690383205560{margin-top: 30px !important;}&#8221;][vc_row_inner css=&#8221;.vc_custom_1690382728011{margin-top: 50px !important;}&#8221;][vc_column_inner width=&#8221;1\/3&#8243;][vc_single_image image=&#8221;101158&#8243; img_size=&#8221;full&#8221;][\/vc_column_inner][vc_column_inner width=&#8221;2\/3&#8243;][vc_custom_heading text=&#8221;Konferencja ABC&#8221; font_container=&#8221;tag:h3|text_align:left&#8221; use_theme_fonts=&#8221;yes&#8221;][vc_custom_heading text=&#8221;14-15 wrze\u015bnia 2023 r.<br \/>\nSheffield, Wielka Brytania&#8221; font_container=&#8221;tag:h5|text_align:left&#8221; use_theme_fonts=&#8221;yes&#8221;][\/vc_column_inner][\/vc_row_inner][\/vc_column][\/vc_row][vc_row css=&#8221;.vc_custom_1690381712057{border-bottom-width: 50px !important;}&#8221;][vc_column][vc_column_text]\n<p>We wrze\u015bniu, zanim jeszcze nasza opalenizna zniknie z letnich wakacji, zamierzamy och\u0142odzi\u0107 si\u0119 w Sheffield w Wielkiej Brytanii na corocznej <a href=\"https:\/\/www.abcwalls.co.uk\/about\/conference-2023\/\">konferencji Stowarzyszenia Brytyjskich \u015acian Wspinaczkowych<\/a>. Cieszymy si\u0119, \u017ce w tym roku b\u0119dziemy sponsorem tytularnym! Uczestniczymy w tym wydarzeniu od czasu, gdy by\u0142a to jeszcze ma\u0142a sala ze sto\u0142em i krzes\u0142em dla ka\u017cdego sprzedawcy i obserwowali\u015bmy, jak ro\u015bnie i profesjonalizuje si\u0119 wraz z bran\u017c\u0105 wspinaczkow\u0105 w ugruntowan\u0105 konferencj\u0119 biznesow\u0105. Jako wiod\u0105cy producent czujemy si\u0119 odpowiedzialni i zaszczyceni, \u017ce mo\u017cemy wspiera\u0107 rozw\u00f3j bran\u017cy poprzez takie wydarzenia.<\/p>\n[\/vc_column_text][vc_separator css=&#8221;.vc_custom_1690383212544{margin-top: 30px !important;}&#8221;][\/vc_column][\/vc_row][vc_row css=&#8221;.vc_custom_1690382975046{margin-top: 50px !important;}&#8221;][vc_column width=&#8221;1\/3&#8243;][vc_single_image image=&#8221;101165&#8243; img_size=&#8221;full&#8221;][\/vc_column][vc_column width=&#8221;2\/3&#8243;][vc_custom_heading text=&#8221;Salon de l&apos;Escalade&#8221; font_container=&#8221;tag:h3|text_align:left&#8221; use_theme_fonts=&#8221;yes&#8221;][vc_custom_heading text=&#8221;29-30 wrze\u015bnia 2023 r.<br \/>\nGrenoble, Francja&#8221; font_container=&#8221;tag:h5|text_align:left&#8221; use_theme_fonts=&#8221;yes&#8221;][\/vc_column][\/vc_row][vc_row css=&#8221;.vc_custom_1690381731689{border-bottom-width: 50px !important;}&#8221;][vc_column][vc_column_text]\n<p>Zaraz po konferencji ABC w Wielkiej Brytanii udajemy si\u0119 do serca francuskich Alp: Grenoble na hardcorow\u0105 wspinaczk\u0119 i dobre wino. \u017bartuj\u0119, jedziemy tam na 4. edycj\u0119 <a href=\"https:\/\/www.salon-escalade.com\/\">Salon de l&#8217;Escalade<\/a>. Jeste\u015bmy podekscytowani spotkaniem wszystkich naszych przyjaci\u00f3\u0142, klient\u00f3w i partner\u00f3w z Francji i okolicznych kraj\u00f3w i ch\u0119tnie poznamy nowych ludzi z profesjonalnej bran\u017cy wspinaczkowej, z kt\u00f3rymi b\u0119dziemy wsp\u00f3\u0142pracowa\u0107.<\/p>\n[\/vc_column_text][vc_separator css=&#8221;.vc_custom_1690383219723{margin-top: 30px !important;}&#8221;][\/vc_column][\/vc_row][vc_row css=&#8221;.vc_custom_1690382922003{margin-top: 50px !important;}&#8221;][vc_column width=&#8221;1\/3&#8243;][vc_single_image image=&#8221;101172&#8243; img_size=&#8221;full&#8221;][\/vc_column][vc_column width=&#8221;2\/3&#8243;][vc_custom_heading text=&#8221;Vertical Pro&#8221; font_container=&#8221;tag:h3|text_align:left&#8221; use_theme_fonts=&#8221;yes&#8221;][vc_custom_heading text=&#8221;24-25 listopada 2023 r.<br \/>\nFriedrichshafen, Niemcy&#8221; font_container=&#8221;tag:h5|text_align:left&#8221; use_theme_fonts=&#8221;yes&#8221;][\/vc_column][\/vc_row][vc_row][vc_column][vc_column_text css=&#8221;.vc_custom_1690382646255{border-bottom-width: 50px !important;}&#8221;]\n<p>W ciemnym i szarym okresie roku pod koniec listopada jest jedno wydarzenie, kt\u00f3re rozja\u015bnia nastr\u00f3j i motywuje profesjonalist\u00f3w z bran\u017cy wspinaczkowej &#8211; <a href=\"https:\/\/www.vertical-pro.com\/\">Vertical Pro<\/a>. Podobnie jak w przypadku poprzednich dw\u00f3ch wydarze\u0144, byli\u015bmy cz\u0119\u015bci\u0105 Halls&#8217;n&#8217;Walls od samego pocz\u0105tku jako ma\u0142e spotkanie dla profesjonalist\u00f3w wspinaczki halowej i obserwowali\u015bmy, jak ogromnie przekszta\u0142ci\u0142o si\u0119 w ogromne profesjonalne centrum dla wszystkich Vertical Pro, jakim jest teraz.<\/p>\n[\/vc_column_text][vc_separator css=&#8221;.vc_custom_1690383225629{margin-top: 30px !important;}&#8221;][vc_custom_heading text=&#8221;Spotkajmy si\u0119 tam&#8221; use_theme_fonts=&#8221;yes&#8221; css=&#8221;.vc_custom_1690382875580{margin-top: 50px !important;}&#8221;][vc_column_text css=&#8221;.vc_custom_1691079110851{border-bottom-width: 50px !important;}&#8221;]\n<p>Do\u0142\u0105cz do nas na naszych stoiskach podczas tych wydarze\u0144, zapoznaj si\u0119 z nasz\u0105 ofert\u0105 produkt\u00f3w do \u015bcianek wspinaczkowych i om\u00f3w potencjalne projekty i partnerstwa. Na naszym stoisku zaprezentujemy:<\/p>\n<ul>\n<li><strong>Usteppable Panele do \u015bcian wspinaczkowych i panele z podw\u00f3jnym mocowaniem:<\/strong> Sprawd\u017a wygl\u0105d i poczuj tarcie r\u00f3\u017cnych opcji wyko\u0144czenia \u015bcian wspinaczkowych<\/li>\n<li><strong>Naturalne drewno, panele bambusowe i forniry:<\/strong> Poznaj r\u00f3\u017cnorodno\u015b\u0107 wzor\u00f3w paneli \u015bciennych Walltopia inspirowanych natur\u0105 i zobacz r\u00f3\u017cne kombinacje z jednolitymi kolorami<\/li>\n<li><strong>Drewniane obj\u0119to\u015bci z podw\u00f3jnym teksturowaniem:<\/strong> Odkryj, jak nasze najnowsze konstrukcje mog\u0105 poprawi\u0107 wra\u017cenia podczas wspinaczki.<\/li>\n<li><strong>Pr\u00f3bki pod\u0142\u00f3g Climbmat:<\/strong> Przetestuj bezpiecze\u0144stwo i wydajno\u015b\u0107 pod\u0142\u00f3g Climbmat, idealnych do si\u0142owni wspinaczkowych i centr\u00f3w rozrywki.<\/li>\n<\/ul>\n[\/vc_column_text][vc_column_text css=&#8221;.vc_custom_1690382913921{margin-top: 30px !important;border-bottom-width: 50px !important;}&#8221;]\n<p>Nasz zesp\u00f3\u0142 entuzjast\u00f3w wspinaczki i ekspert\u00f3w bran\u017cowych b\u0119dzie pod r\u0119k\u0105, aby nawi\u0105za\u0107 z Tob\u0105 kontakt, odpowiedzie\u0107 na wszelkie pytania i zbada\u0107 potencjalne projekty lub partnerstwa. Niezale\u017cnie od tego, czy reprezentujesz si\u0142owni\u0119 wspinaczkow\u0105, centrum przyg\u00f3d na \u015bwie\u017cym powietrzu, czy jak\u0105kolwiek inn\u0105 firm\u0119 zwi\u0105zan\u0105 ze wspinaczk\u0105, ch\u0119tnie om\u00f3wimy, w jaki spos\u00f3b nasze produkty mog\u0105 podnie\u015b\u0107 Twoj\u0105 ofert\u0119 i stworzy\u0107 niezapomniane wra\u017cenia wspinaczkowe dla Twoich klient\u00f3w.<\/p>\n[\/vc_column_text][vc_column_text css=&#8221;.vc_custom_1690383134324{margin-top: 30px !important;border-bottom-width: 50px !important;}&#8221;]\n<p>Je\u015bli chcesz zarezerwowa\u0107 spotkanie, wype\u0142nij formularz po prawej stronie, kliknij poni\u017cszy link lub po prostu wy\u015blij wiadomo\u015b\u0107 e-mail na <strong>adres sales [at] walltopia.com.<\/strong><\/p>\n[\/vc_column_text][vc_btn title=&#8221;Zarezerwuj spotkanie&#8221; style=&#8221;classic&#8221; color=&#8221;danger&#8221; link=&#8221;url:https%3A%2F%2Fwalltopia.com%2Fpl%2Fkontakty%2F|title:Contact%20Us|&#8221; css=&#8221;.vc_custom_1690383119358{margin-top: 30px !important;}&#8221;][\/vc_column][\/vc_row]\n<\/div>","protected":false},"excerpt":{"rendered":"Spotkaj si\u0119 z nami na tych mi\u0119dzynarodowych wydarzeniach bran\u017cy wspinaczkowej.","protected":false},"author":6,"featured_media":0,"comment_status":"closed","ping_status":"closed","sticky":false,"template":"","format":"standard","meta":{"_acf_changed":false,"inline_featured_image":false,"footnotes":""},"categories":[1108,1114],"tags":[],"class_list":["post-198693","post","type-post","status-publish","format-standard","hentry","category-newsroom-pl","category-wspinaczka"],"acf":[],"yoast_head":"<!-- This site is optimized with the Yoast SEO Premium plugin v28.3 (Yoast SEO v28.3) - https:\/\/yoast.com\/product\/yoast-seo-premium-wordpress\/ -->\n<title>Wydarzenia dywizji wspinaczkowej jesieni\u0105 2023 r. | Walltopia<\/title>\n<meta name=\"description\" content=\"Spotkaj si\u0119 z nami na tych mi\u0119dzynarodowych wydarzeniach bran\u017cy wspinaczkowej.\" \/>\n<meta name=\"robots\" content=\"index, follow, max-snippet:-1, max-image-preview:large, max-video-preview:-1\" \/>\n<link rel=\"canonical\" href=\"https:\/\/walltopia.com\/pl\/wydarzenia-dywizji-wspinaczkowej-jesienia-2023-r\/\" \/>\n<meta property=\"og:locale\" content=\"pl_PL\" \/>\n<meta property=\"og:type\" content=\"article\" \/>\n<meta property=\"og:title\" content=\"Wydarzenia dywizji wspinaczkowej jesieni\u0105 2023 r.\" \/>\n<meta property=\"og:description\" content=\"Spotkaj si\u0119 z nami na tych mi\u0119dzynarodowych wydarzeniach bran\u017cy wspinaczkowej.\" \/>\n<meta property=\"og:url\" content=\"https:\/\/walltopia.com\/pl\/wydarzenia-dywizji-wspinaczkowej-jesienia-2023-r\/\" \/>\n<meta property=\"og:site_name\" content=\"Walltopia\" \/>\n<meta property=\"article:publisher\" content=\"https:\/\/www.facebook.com\/walltopiaclimbing\/\" \/>\n<meta property=\"article:published_time\" content=\"2023-07-26T14:56:13+00:00\" \/>\n<meta property=\"article:modified_time\" content=\"2026-01-15T15:04:53+00:00\" \/>\n<meta name=\"author\" content=\"Ani Manova\" \/>\n<meta name=\"twitter:card\" content=\"summary_large_image\" \/>\n<meta name=\"twitter:creator\" content=\"@walltopiabg\" \/>\n<meta name=\"twitter:site\" content=\"@walltopiabg\" \/>\n<script type=\"application\/ld+json\" class=\"yoast-schema-graph\">{\"@context\":\"https:\\\/\\\/schema.org\",\"@graph\":[{\"@type\":\"Article\",\"@id\":\"https:\\\/\\\/walltopia.com\\\/pl\\\/wydarzenia-dywizji-wspinaczkowej-jesienia-2023-r\\\/#article\",\"isPartOf\":{\"@id\":\"https:\\\/\\\/walltopia.com\\\/pl\\\/wydarzenia-dywizji-wspinaczkowej-jesienia-2023-r\\\/\"},\"author\":{\"name\":\"Ani Manova\",\"@id\":\"https:\\\/\\\/walltopia.com\\\/pl\\\/#\\\/schema\\\/person\\\/12e3d2cc8853cc95d0f08065e0bc93f1\"},\"headline\":\"Wydarzenia dywizji wspinaczkowej jesieni\u0105 2023 r.\",\"datePublished\":\"2023-07-26T14:56:13+00:00\",\"dateModified\":\"2026-01-15T15:04:53+00:00\",\"mainEntityOfPage\":{\"@id\":\"https:\\\/\\\/walltopia.com\\\/pl\\\/wydarzenia-dywizji-wspinaczkowej-jesienia-2023-r\\\/\"},\"wordCount\":931,\"publisher\":{\"@id\":\"https:\\\/\\\/walltopia.com\\\/pl\\\/#organization\"},\"articleSection\":[\"Newsroom\",\"Wspinaczka\"],\"inLanguage\":\"pl-PL\"},{\"@type\":\"WebPage\",\"@id\":\"https:\\\/\\\/walltopia.com\\\/pl\\\/wydarzenia-dywizji-wspinaczkowej-jesienia-2023-r\\\/\",\"url\":\"https:\\\/\\\/walltopia.com\\\/pl\\\/wydarzenia-dywizji-wspinaczkowej-jesienia-2023-r\\\/\",\"name\":\"Wydarzenia dywizji wspinaczkowej jesieni\u0105 2023 r. | Walltopia\",\"isPartOf\":{\"@id\":\"https:\\\/\\\/walltopia.com\\\/pl\\\/#website\"},\"datePublished\":\"2023-07-26T14:56:13+00:00\",\"dateModified\":\"2026-01-15T15:04:53+00:00\",\"description\":\"Spotkaj si\u0119 z nami na tych mi\u0119dzynarodowych wydarzeniach bran\u017cy wspinaczkowej.\",\"breadcrumb\":{\"@id\":\"https:\\\/\\\/walltopia.com\\\/pl\\\/wydarzenia-dywizji-wspinaczkowej-jesienia-2023-r\\\/#breadcrumb\"},\"inLanguage\":\"pl-PL\",\"potentialAction\":[{\"@type\":\"ReadAction\",\"target\":[\"https:\\\/\\\/walltopia.com\\\/pl\\\/wydarzenia-dywizji-wspinaczkowej-jesienia-2023-r\\\/\"]}]},{\"@type\":\"BreadcrumbList\",\"@id\":\"https:\\\/\\\/walltopia.com\\\/pl\\\/wydarzenia-dywizji-wspinaczkowej-jesienia-2023-r\\\/#breadcrumb\",\"itemListElement\":[{\"@type\":\"ListItem\",\"position\":1,\"name\":\"Home\",\"item\":\"https:\\\/\\\/walltopia.com\\\/pl\\\/strona-glowna-pl\\\/\"},{\"@type\":\"ListItem\",\"position\":2,\"name\":\"Wydarzenia dywizji wspinaczkowej jesieni\u0105 2023 r.\"}]},{\"@type\":\"WebSite\",\"@id\":\"https:\\\/\\\/walltopia.com\\\/pl\\\/#website\",\"url\":\"https:\\\/\\\/walltopia.com\\\/pl\\\/\",\"name\":\"Walltopia\",\"description\":\"World leader in the design and production of climbing walls and active entertainment attractions\",\"publisher\":{\"@id\":\"https:\\\/\\\/walltopia.com\\\/pl\\\/#organization\"},\"potentialAction\":[{\"@type\":\"SearchAction\",\"target\":{\"@type\":\"EntryPoint\",\"urlTemplate\":\"https:\\\/\\\/walltopia.com\\\/pl\\\/?s={search_term_string}\"},\"query-input\":{\"@type\":\"PropertyValueSpecification\",\"valueRequired\":true,\"valueName\":\"search_term_string\"}}],\"inLanguage\":\"pl-PL\"},{\"@type\":\"Organization\",\"@id\":\"https:\\\/\\\/walltopia.com\\\/pl\\\/#organization\",\"name\":\"Walltopia\",\"url\":\"https:\\\/\\\/walltopia.com\\\/pl\\\/\",\"logo\":{\"@type\":\"ImageObject\",\"inLanguage\":\"pl-PL\",\"@id\":\"https:\\\/\\\/walltopia.com\\\/pl\\\/#\\\/schema\\\/logo\\\/image\\\/\",\"url\":\"\",\"contentUrl\":\"\",\"caption\":\"Walltopia\"},\"image\":{\"@id\":\"https:\\\/\\\/walltopia.com\\\/pl\\\/#\\\/schema\\\/logo\\\/image\\\/\"},\"sameAs\":[\"https:\\\/\\\/www.facebook.com\\\/walltopiaclimbing\\\/\",\"https:\\\/\\\/x.com\\\/walltopiabg\",\"https:\\\/\\\/www.instagram.com\\\/walltopia.active\\\/\",\"https:\\\/\\\/www.linkedin.com\\\/company\\\/walltopia-ltd.\",\"https:\\\/\\\/www.youtube.com\\\/user\\\/WALLTOPIA\"]},{\"@type\":\"Person\",\"@id\":\"https:\\\/\\\/walltopia.com\\\/pl\\\/#\\\/schema\\\/person\\\/12e3d2cc8853cc95d0f08065e0bc93f1\",\"name\":\"Ani Manova\"}]}<\/script>\n<!-- \/ Yoast SEO Premium plugin. -->","yoast_head_json":{"title":"Wydarzenia dywizji wspinaczkowej jesieni\u0105 2023 r. | Walltopia","description":"Spotkaj si\u0119 z nami na tych mi\u0119dzynarodowych wydarzeniach bran\u017cy wspinaczkowej.","robots":{"index":"index","follow":"follow","max-snippet":"max-snippet:-1","max-image-preview":"max-image-preview:large","max-video-preview":"max-video-preview:-1"},"canonical":"https:\/\/walltopia.com\/pl\/wydarzenia-dywizji-wspinaczkowej-jesienia-2023-r\/","og_locale":"pl_PL","og_type":"article","og_title":"Wydarzenia dywizji wspinaczkowej jesieni\u0105 2023 r.","og_description":"Spotkaj si\u0119 z nami na tych mi\u0119dzynarodowych wydarzeniach bran\u017cy wspinaczkowej.","og_url":"https:\/\/walltopia.com\/pl\/wydarzenia-dywizji-wspinaczkowej-jesienia-2023-r\/","og_site_name":"Walltopia","article_publisher":"https:\/\/www.facebook.com\/walltopiaclimbing\/","article_published_time":"2023-07-26T14:56:13+00:00","article_modified_time":"2026-01-15T15:04:53+00:00","author":"Ani Manova","twitter_card":"summary_large_image","twitter_creator":"@walltopiabg","twitter_site":"@walltopiabg","schema":{"@context":"https:\/\/schema.org","@graph":[{"@type":"Article","@id":"https:\/\/walltopia.com\/pl\/wydarzenia-dywizji-wspinaczkowej-jesienia-2023-r\/#article","isPartOf":{"@id":"https:\/\/walltopia.com\/pl\/wydarzenia-dywizji-wspinaczkowej-jesienia-2023-r\/"},"author":{"name":"Ani Manova","@id":"https:\/\/walltopia.com\/pl\/#\/schema\/person\/12e3d2cc8853cc95d0f08065e0bc93f1"},"headline":"Wydarzenia dywizji wspinaczkowej jesieni\u0105 2023 r.","datePublished":"2023-07-26T14:56:13+00:00","dateModified":"2026-01-15T15:04:53+00:00","mainEntityOfPage":{"@id":"https:\/\/walltopia.com\/pl\/wydarzenia-dywizji-wspinaczkowej-jesienia-2023-r\/"},"wordCount":931,"publisher":{"@id":"https:\/\/walltopia.com\/pl\/#organization"},"articleSection":["Newsroom","Wspinaczka"],"inLanguage":"pl-PL"},{"@type":"WebPage","@id":"https:\/\/walltopia.com\/pl\/wydarzenia-dywizji-wspinaczkowej-jesienia-2023-r\/","url":"https:\/\/walltopia.com\/pl\/wydarzenia-dywizji-wspinaczkowej-jesienia-2023-r\/","name":"Wydarzenia dywizji wspinaczkowej jesieni\u0105 2023 r. | Walltopia","isPartOf":{"@id":"https:\/\/walltopia.com\/pl\/#website"},"datePublished":"2023-07-26T14:56:13+00:00","dateModified":"2026-01-15T15:04:53+00:00","description":"Spotkaj si\u0119 z nami na tych mi\u0119dzynarodowych wydarzeniach bran\u017cy wspinaczkowej.","breadcrumb":{"@id":"https:\/\/walltopia.com\/pl\/wydarzenia-dywizji-wspinaczkowej-jesienia-2023-r\/#breadcrumb"},"inLanguage":"pl-PL","potentialAction":[{"@type":"ReadAction","target":["https:\/\/walltopia.com\/pl\/wydarzenia-dywizji-wspinaczkowej-jesienia-2023-r\/"]}]},{"@type":"BreadcrumbList","@id":"https:\/\/walltopia.com\/pl\/wydarzenia-dywizji-wspinaczkowej-jesienia-2023-r\/#breadcrumb","itemListElement":[{"@type":"ListItem","position":1,"name":"Home","item":"https:\/\/walltopia.com\/pl\/strona-glowna-pl\/"},{"@type":"ListItem","position":2,"name":"Wydarzenia dywizji wspinaczkowej jesieni\u0105 2023 r."}]},{"@type":"WebSite","@id":"https:\/\/walltopia.com\/pl\/#website","url":"https:\/\/walltopia.com\/pl\/","name":"Walltopia","description":"World leader in the design and production of climbing walls and active entertainment attractions","publisher":{"@id":"https:\/\/walltopia.com\/pl\/#organization"},"potentialAction":[{"@type":"SearchAction","target":{"@type":"EntryPoint","urlTemplate":"https:\/\/walltopia.com\/pl\/?s={search_term_string}"},"query-input":{"@type":"PropertyValueSpecification","valueRequired":true,"valueName":"search_term_string"}}],"inLanguage":"pl-PL"},{"@type":"Organization","@id":"https:\/\/walltopia.com\/pl\/#organization","name":"Walltopia","url":"https:\/\/walltopia.com\/pl\/","logo":{"@type":"ImageObject","inLanguage":"pl-PL","@id":"https:\/\/walltopia.com\/pl\/#\/schema\/logo\/image\/","url":"","contentUrl":"","caption":"Walltopia"},"image":{"@id":"https:\/\/walltopia.com\/pl\/#\/schema\/logo\/image\/"},"sameAs":["https:\/\/www.facebook.com\/walltopiaclimbing\/","https:\/\/x.com\/walltopiabg","https:\/\/www.instagram.com\/walltopia.active\/","https:\/\/www.linkedin.com\/company\/walltopia-ltd.","https:\/\/www.youtube.com\/user\/WALLTOPIA"]},{"@type":"Person","@id":"https:\/\/walltopia.com\/pl\/#\/schema\/person\/12e3d2cc8853cc95d0f08065e0bc93f1","name":"Ani Manova"}]}},"_links":{"self":[{"href":"https:\/\/walltopia.com\/pl\/wp-json\/wp\/v2\/posts\/198693","targetHints":{"allow":["GET"]}}],"collection":[{"href":"https:\/\/walltopia.com\/pl\/wp-json\/wp\/v2\/posts"}],"about":[{"href":"https:\/\/walltopia.com\/pl\/wp-json\/wp\/v2\/types\/post"}],"author":[{"embeddable":true,"href":"https:\/\/walltopia.com\/pl\/wp-json\/wp\/v2\/users\/6"}],"replies":[{"embeddable":true,"href":"https:\/\/walltopia.com\/pl\/wp-json\/wp\/v2\/comments?post=198693"}],"version-history":[{"count":0,"href":"https:\/\/walltopia.com\/pl\/wp-json\/wp\/v2\/posts\/198693\/revisions"}],"wp:attachment":[{"href":"https:\/\/walltopia.com\/pl\/wp-json\/wp\/v2\/media?parent=198693"}],"wp:term":[{"taxonomy":"category","embeddable":true,"href":"https:\/\/walltopia.com\/pl\/wp-json\/wp\/v2\/categories?post=198693"},{"taxonomy":"post_tag","embeddable":true,"href":"https:\/\/walltopia.com\/pl\/wp-json\/wp\/v2\/tags?post=198693"}],"curies":[{"name":"wp","href":"https:\/\/api.w.org\/{rel}","templated":true}]}}