{"id":187429,"date":"2021-06-21T14:45:16","date_gmt":"2021-06-21T11:45:16","guid":{"rendered":"https:\/\/walltopia.com\/o-wics-reunira-a-comunidade-mundial-de-escalada-pelo-segundo-ano\/"},"modified":"2026-01-15T17:35:40","modified_gmt":"2026-01-15T14:35:40","slug":"o-wics-reunira-a-comunidade-mundial-de-escalada-pelo-segundo-ano","status":"publish","type":"post","link":"https:\/\/walltopia.com\/pt-br\/o-wics-reunira-a-comunidade-mundial-de-escalada-pelo-segundo-ano\/","title":{"rendered":"O WICS reunir\u00e1 a comunidade mundial de escalada pelo segundo ano"},"content":{"rendered":"<div class=\"wpb-content-wrapper\">[vc_row][vc_column][vc_custom_heading text=&#8221;Voc\u00ea se lembra da nossa ideia corajosa de reunir toda a comunidade de escalada em um s\u00f3 lugar durante o primeiro World Indoor Climbing Summit (WICS)? Bem, a ideia foi \u00f3tima e estamos fazendo isso de novo! &#8221; font_container=&#8221;tag:h2|font_size:18|text_align:left|color:%23000000|line_height:1.5&#8243; use_theme_fonts=&#8221;yes&#8221; css_animation=&#8221;fadeInUp&#8221; link=&#8221;url:https%3A%2F%2Fclimbingsummit.com%2F|title:WICS|target:_blank|&#8221;][vc_column_text css_animation=&#8221;fadeInUp&#8221; css=&#8221;&#8221;]\n<p style=\"font-size: 18px; line-height: 1.8em;\">Reunir alguns dos maiores especialistas em escalada indoor de todo o mundo foi um desafio, mas como o setor cresce rapidamente, \u00e9 hora de um di\u00e1logo mais amplo e estrat\u00e9gico sobre o estado da escalada indoor e as tend\u00eancias emergentes. A WICS 2018 atraiu 300 especialistas e 17 empresas expositoras de 38 pa\u00edses, e esperamos que a WICS 2019 seja ainda maior, promovendo mais colabora\u00e7\u00e3o global e inova\u00e7\u00e3o na comunidade de escalada. <\/p>\n[\/vc_column_text][vc_column_text css_animation=&#8221;fadeInUp&#8221; css=&#8221;&#8221;]\n<p style=\"font-size: 18px; line-height: 1.8em;\">Embora nosso foco tenha sido o conte\u00fado e a oferta de espa\u00e7o para colabora\u00e7\u00e3o, o feedback do ano passado destacou o valor do networking com pioneiros do setor. Al\u00e9m disso, o fato de a maioria dos participantes serem fundadores ou CEOs influenciou positivamente o di\u00e1logo. Os participantes apreciaram os pain\u00e9is de discuss\u00e3o abertos e inclusivos, que permitiram perspectivas diversas e mantiveram o p\u00fablico envolvido. Como resultado, este ano continuamos a usar os pain\u00e9is de discuss\u00e3o como formato preferencial, garantindo um ambiente interativo e envolvente para todos os participantes.   <\/p>\n[\/vc_column_text][vc_row_inner][vc_column_inner width=&#8221;1\/2&#8243;][vc_column_text css_animation=&#8221;fadeInUp&#8221;]\n<p style=\"font-size: 18px; line-height: 1.8em;\">Do ponto de vista dos expositores, as empresas expositoras compartilharam que finalmente puderam associar um rosto a um nome, conhecendo alguns de seus clientes pela primeira vez na WICS. Elas veem a WICS como um evento menor, mas com um grande p\u00fablico, principalmente de tomadores de decis\u00e3o, o que encurta a dist\u00e2ncia entre o varejista e o gerente da academia. <\/p>\n[\/vc_column_text][\/vc_column_inner][vc_column_inner width=&#8221;1\/2&#8243;][vc_custom_heading text=&#8221;Destaques do WICS 2018&#8243; font_container=&#8221;tag:h2|font_size:18|text_align:left|color:%23ed2020|line_height:1.5&#8243; use_theme_fonts=&#8221;yes&#8221; css_animation=&#8221;fadeInUp&#8221; css=&#8221;.vc_custom_1624274887589{padding-top: 2% !important;}&#8221;][vc_video link=&#8221;https:\/\/www.youtube.com\/watch?v=SVUWNcvE3Pk&#8221; css_animation=&#8221;fadeInUp&#8221;][\/vc_column_inner][\/vc_row_inner][vc_row_inner][vc_column_inner][vc_column_text css_animation=&#8221;fadeInUp&#8221; css=&#8221;&#8221;]\n<p style=\"font-size: 18px; line-height: 1.8em;\">A segunda edi\u00e7\u00e3o do <strong>WICS<\/strong> ser\u00e1 realizada neste ver\u00e3o, de <strong>19 a 21 de junho, novamente em Sofia, Bulg\u00e1ria<\/strong>.<\/p>\n<p style=\"font-size: 18px; line-height: 1.8em;\">Incluiremos alguns dos t\u00f3picos mais importantes do ano passado, como &#8220;De A a Z &#8211; O que voc\u00ea deve considerar ao abrir uma nova academia de escalada?&#8221; (com novos palestrantes no palco). Tamb\u00e9m apresentaremos algumas novidades, como private equity e &#8220;Global State of the Market&#8221; (Estado global do mercado), onde teremos uma discuss\u00e3o sobre o rumo que o setor de escalada est\u00e1 tomando em pa\u00edses onde a escalada j\u00e1 \u00e9 um grande sucesso. A \u00e1rea de exposi\u00e7\u00e3o ser\u00e1 ainda maior este ano, portanto, mais empresas ser\u00e3o bem-vindas.  <\/p>\n[\/vc_column_text][vc_column_text css_animation=&#8221;fadeInUp&#8221;]\n<p style=\"font-size: 18px; line-height: 1.8em;\">Estamos convidando todos os propriet\u00e1rios de academias, diretores, gerentes, operadores, criadores de rotas e investidores em potencial, influenciadores de escalada, escaladores e quem mais desejar experimentar o WICS para moldar o futuro da escalada juntos novamente neste ver\u00e3o.<\/p>\n<p style=\"font-size: 18px; line-height: 1.8em;\">Detalhes sobre: <a href=\"https:\/\/climbingsummit.com\/exhibitor-registraton\/\">Registros de expositores<\/a> e <a href=\"https:\/\/climbingsummit.com\/overview\/floorplan\/\">planta baixa<\/a>.<\/p>\n<p style=\"font-size: 18px; line-height: 1.8em;\">Siga o <a href=\"https:\/\/www.facebook.com\/worldindoorclimbingsummit\">Facebook<\/a> e a p\u00e1gina da <a href=\"https:\/\/climbingsummit.com\/\">Web<\/a> do evento para obter as \u00faltimas atualiza\u00e7\u00f5es!<\/p>\n<p style=\"font-size: 18px; line-height: 1.8em;\"><strong>Vejo voc\u00ea no WICS 2019!<\/strong><\/p>\n[\/vc_column_text][\/vc_column_inner][\/vc_row_inner][vc_row_inner][vc_column_inner width=&#8221;1\/3&#8243; css=&#8221;.vc_custom_1624275572610{padding-right: 2% !important;}&#8221;]<div class=\"link-button-container block width-100  text-align-left\"><a class=\"wt-link \" href=\"https:\/\/climbingsummit.com\/wics-schedule\/\" target=\"_blank\">SCHEDULE<\/a><\/div>[\/vc_column_inner][vc_column_inner width=&#8221;1\/3&#8243;]<div class=\"link-button-container block width-100  text-align-left\"><a class=\"wt-link \" href=\"http:\/\/tickets.climbingsummit.com\/ticket\" target=\"_blank\">TICKETS<\/a><\/div>[\/vc_column_inner][vc_column_inner width=&#8221;1\/3&#8243;][\/vc_column_inner][\/vc_row_inner][\/vc_column][\/vc_row]\n<\/div>","protected":false},"excerpt":{"rendered":"[vc_row][vc_column][vc_custom_heading text=&#8221;Voc\u00ea se lembra da nossa ideia corajosa de reunir toda a comunidade de escalada em um s\u00f3 lugar durante&#8230;","protected":false},"author":10,"featured_media":187432,"comment_status":"closed","ping_status":"closed","sticky":false,"template":"","format":"standard","meta":{"_acf_changed":false,"inline_featured_image":false,"footnotes":""},"categories":[1151],"tags":[2824,2825],"class_list":["post-187429","post","type-post","status-publish","format-standard","has-post-thumbnail","hentry","category-sala-de-imprensa","tag-wics","tag-wics2019"],"acf":[],"yoast_head":"<!-- This site is optimized with the Yoast SEO Premium plugin v28.3 (Yoast SEO v28.3) - https:\/\/yoast.com\/product\/yoast-seo-premium-wordpress\/ -->\n<title>O WICS reunir\u00e1 a comunidade mundial de escalada pelo segundo ano | Walltopia<\/title>\n<meta name=\"description\" content=\"O World Indoor Climbing Summit, organizado pela Walltopia, foi mais do que excelente no ano passado, por isso estamos realizando-o novamente. Saiba mais sobre o evento aqui.\" \/>\n<meta name=\"robots\" content=\"index, follow, max-snippet:-1, max-image-preview:large, max-video-preview:-1\" \/>\n<link rel=\"canonical\" href=\"https:\/\/walltopia.com\/pt-br\/o-wics-reunira-a-comunidade-mundial-de-escalada-pelo-segundo-ano\/\" \/>\n<meta property=\"og:locale\" content=\"pt_BR\" \/>\n<meta property=\"og:type\" content=\"article\" \/>\n<meta property=\"og:title\" content=\"O WICS reunir\u00e1 a comunidade mundial de escalada pelo segundo ano\" \/>\n<meta property=\"og:description\" content=\"O World Indoor Climbing Summit, organizado pela Walltopia, foi mais do que excelente no ano passado, por isso estamos realizando-o novamente. Saiba mais sobre o evento aqui.\" \/>\n<meta property=\"og:url\" content=\"https:\/\/walltopia.com\/pt-br\/o-wics-reunira-a-comunidade-mundial-de-escalada-pelo-segundo-ano\/\" \/>\n<meta property=\"og:site_name\" content=\"Walltopia\" \/>\n<meta property=\"article:publisher\" content=\"https:\/\/www.facebook.com\/walltopiaclimbing\/\" \/>\n<meta property=\"article:published_time\" content=\"2021-06-21T11:45:16+00:00\" \/>\n<meta property=\"article:modified_time\" content=\"2026-01-15T14:35:40+00:00\" \/>\n<meta property=\"og:image\" content=\"https:\/\/cdn.walltopia.com\/wp-content\/uploads\/20231026085341\/WICS-2019.jpg\" \/>\n\t<meta property=\"og:image:width\" content=\"900\" \/>\n\t<meta property=\"og:image:height\" content=\"506\" \/>\n\t<meta property=\"og:image:type\" content=\"image\/jpeg\" \/>\n<meta name=\"author\" content=\"the_id\" \/>\n<meta name=\"twitter:card\" content=\"summary_large_image\" \/>\n<meta name=\"twitter:creator\" content=\"@walltopiabg\" \/>\n<meta name=\"twitter:site\" content=\"@walltopiabg\" \/>\n<script type=\"application\/ld+json\" class=\"yoast-schema-graph\">{\"@context\":\"https:\\\/\\\/schema.org\",\"@graph\":[{\"@type\":\"Article\",\"@id\":\"https:\\\/\\\/walltopia.com\\\/pt-br\\\/o-wics-reunira-a-comunidade-mundial-de-escalada-pelo-segundo-ano\\\/#article\",\"isPartOf\":{\"@id\":\"https:\\\/\\\/walltopia.com\\\/pt-br\\\/o-wics-reunira-a-comunidade-mundial-de-escalada-pelo-segundo-ano\\\/\"},\"author\":{\"name\":\"the_id\",\"@id\":\"https:\\\/\\\/walltopia.com\\\/pt-br\\\/#\\\/schema\\\/person\\\/b30506c6570e8fcee537c66f40da51ff\"},\"headline\":\"O WICS reunir\u00e1 a comunidade mundial de escalada pelo segundo ano\",\"datePublished\":\"2021-06-21T11:45:16+00:00\",\"dateModified\":\"2026-01-15T14:35:40+00:00\",\"mainEntityOfPage\":{\"@id\":\"https:\\\/\\\/walltopia.com\\\/pt-br\\\/o-wics-reunira-a-comunidade-mundial-de-escalada-pelo-segundo-ano\\\/\"},\"wordCount\":716,\"publisher\":{\"@id\":\"https:\\\/\\\/walltopia.com\\\/pt-br\\\/#organization\"},\"image\":{\"@id\":\"https:\\\/\\\/walltopia.com\\\/pt-br\\\/o-wics-reunira-a-comunidade-mundial-de-escalada-pelo-segundo-ano\\\/#primaryimage\"},\"thumbnailUrl\":\"https:\\\/\\\/cdn.walltopia.com\\\/wp-content\\\/uploads\\\/20231026085341\\\/WICS-2019.jpg\",\"keywords\":[\"wics\",\"WICS2019\"],\"articleSection\":[\"Sala de imprensa\"],\"inLanguage\":\"pt-BR\"},{\"@type\":\"WebPage\",\"@id\":\"https:\\\/\\\/walltopia.com\\\/pt-br\\\/o-wics-reunira-a-comunidade-mundial-de-escalada-pelo-segundo-ano\\\/\",\"url\":\"https:\\\/\\\/walltopia.com\\\/pt-br\\\/o-wics-reunira-a-comunidade-mundial-de-escalada-pelo-segundo-ano\\\/\",\"name\":\"O WICS reunir\u00e1 a comunidade mundial de escalada pelo segundo ano | Walltopia\",\"isPartOf\":{\"@id\":\"https:\\\/\\\/walltopia.com\\\/pt-br\\\/#website\"},\"primaryImageOfPage\":{\"@id\":\"https:\\\/\\\/walltopia.com\\\/pt-br\\\/o-wics-reunira-a-comunidade-mundial-de-escalada-pelo-segundo-ano\\\/#primaryimage\"},\"image\":{\"@id\":\"https:\\\/\\\/walltopia.com\\\/pt-br\\\/o-wics-reunira-a-comunidade-mundial-de-escalada-pelo-segundo-ano\\\/#primaryimage\"},\"thumbnailUrl\":\"https:\\\/\\\/cdn.walltopia.com\\\/wp-content\\\/uploads\\\/20231026085341\\\/WICS-2019.jpg\",\"datePublished\":\"2021-06-21T11:45:16+00:00\",\"dateModified\":\"2026-01-15T14:35:40+00:00\",\"description\":\"O World Indoor Climbing Summit, organizado pela Walltopia, foi mais do que excelente no ano passado, por isso estamos realizando-o novamente. Saiba mais sobre o evento aqui.\",\"breadcrumb\":{\"@id\":\"https:\\\/\\\/walltopia.com\\\/pt-br\\\/o-wics-reunira-a-comunidade-mundial-de-escalada-pelo-segundo-ano\\\/#breadcrumb\"},\"inLanguage\":\"pt-BR\",\"potentialAction\":[{\"@type\":\"ReadAction\",\"target\":[\"https:\\\/\\\/walltopia.com\\\/pt-br\\\/o-wics-reunira-a-comunidade-mundial-de-escalada-pelo-segundo-ano\\\/\"]}]},{\"@type\":\"ImageObject\",\"inLanguage\":\"pt-BR\",\"@id\":\"https:\\\/\\\/walltopia.com\\\/pt-br\\\/o-wics-reunira-a-comunidade-mundial-de-escalada-pelo-segundo-ano\\\/#primaryimage\",\"url\":\"https:\\\/\\\/cdn.walltopia.com\\\/wp-content\\\/uploads\\\/20231026085341\\\/WICS-2019.jpg\",\"contentUrl\":\"https:\\\/\\\/cdn.walltopia.com\\\/wp-content\\\/uploads\\\/20231026085341\\\/WICS-2019.jpg\",\"width\":900,\"height\":506},{\"@type\":\"BreadcrumbList\",\"@id\":\"https:\\\/\\\/walltopia.com\\\/pt-br\\\/o-wics-reunira-a-comunidade-mundial-de-escalada-pelo-segundo-ano\\\/#breadcrumb\",\"itemListElement\":[{\"@type\":\"ListItem\",\"position\":1,\"name\":\"Home\",\"item\":\"https:\\\/\\\/walltopia.com\\\/pt-br\\\/inicio-pt\\\/\"},{\"@type\":\"ListItem\",\"position\":2,\"name\":\"O WICS reunir\u00e1 a comunidade mundial de escalada pelo segundo ano\"}]},{\"@type\":\"WebSite\",\"@id\":\"https:\\\/\\\/walltopia.com\\\/pt-br\\\/#website\",\"url\":\"https:\\\/\\\/walltopia.com\\\/pt-br\\\/\",\"name\":\"Walltopia\",\"description\":\"World leader in the design and production of climbing walls and active entertainment attractions\",\"publisher\":{\"@id\":\"https:\\\/\\\/walltopia.com\\\/pt-br\\\/#organization\"},\"potentialAction\":[{\"@type\":\"SearchAction\",\"target\":{\"@type\":\"EntryPoint\",\"urlTemplate\":\"https:\\\/\\\/walltopia.com\\\/pt-br\\\/?s={search_term_string}\"},\"query-input\":{\"@type\":\"PropertyValueSpecification\",\"valueRequired\":true,\"valueName\":\"search_term_string\"}}],\"inLanguage\":\"pt-BR\"},{\"@type\":\"Organization\",\"@id\":\"https:\\\/\\\/walltopia.com\\\/pt-br\\\/#organization\",\"name\":\"Walltopia\",\"url\":\"https:\\\/\\\/walltopia.com\\\/pt-br\\\/\",\"logo\":{\"@type\":\"ImageObject\",\"inLanguage\":\"pt-BR\",\"@id\":\"https:\\\/\\\/walltopia.com\\\/pt-br\\\/#\\\/schema\\\/logo\\\/image\\\/\",\"url\":\"\",\"contentUrl\":\"\",\"caption\":\"Walltopia\"},\"image\":{\"@id\":\"https:\\\/\\\/walltopia.com\\\/pt-br\\\/#\\\/schema\\\/logo\\\/image\\\/\"},\"sameAs\":[\"https:\\\/\\\/www.facebook.com\\\/walltopiaclimbing\\\/\",\"https:\\\/\\\/x.com\\\/walltopiabg\",\"https:\\\/\\\/www.instagram.com\\\/walltopia.active\\\/\",\"https:\\\/\\\/www.linkedin.com\\\/company\\\/walltopia-ltd.\",\"https:\\\/\\\/www.youtube.com\\\/user\\\/WALLTOPIA\"]},{\"@type\":\"Person\",\"@id\":\"https:\\\/\\\/walltopia.com\\\/pt-br\\\/#\\\/schema\\\/person\\\/b30506c6570e8fcee537c66f40da51ff\",\"name\":\"the_id\"}]}<\/script>\n<!-- \/ Yoast SEO Premium plugin. -->","yoast_head_json":{"title":"O WICS reunir\u00e1 a comunidade mundial de escalada pelo segundo ano | Walltopia","description":"O World Indoor Climbing Summit, organizado pela Walltopia, foi mais do que excelente no ano passado, por isso estamos realizando-o novamente. Saiba mais sobre o evento aqui.","robots":{"index":"index","follow":"follow","max-snippet":"max-snippet:-1","max-image-preview":"max-image-preview:large","max-video-preview":"max-video-preview:-1"},"canonical":"https:\/\/walltopia.com\/pt-br\/o-wics-reunira-a-comunidade-mundial-de-escalada-pelo-segundo-ano\/","og_locale":"pt_BR","og_type":"article","og_title":"O WICS reunir\u00e1 a comunidade mundial de escalada pelo segundo ano","og_description":"O World Indoor Climbing Summit, organizado pela Walltopia, foi mais do que excelente no ano passado, por isso estamos realizando-o novamente. Saiba mais sobre o evento aqui.","og_url":"https:\/\/walltopia.com\/pt-br\/o-wics-reunira-a-comunidade-mundial-de-escalada-pelo-segundo-ano\/","og_site_name":"Walltopia","article_publisher":"https:\/\/www.facebook.com\/walltopiaclimbing\/","article_published_time":"2021-06-21T11:45:16+00:00","article_modified_time":"2026-01-15T14:35:40+00:00","og_image":[{"width":900,"height":506,"url":"https:\/\/cdn.walltopia.com\/wp-content\/uploads\/20231026085341\/WICS-2019.jpg","type":"image\/jpeg"}],"author":"the_id","twitter_card":"summary_large_image","twitter_creator":"@walltopiabg","twitter_site":"@walltopiabg","schema":{"@context":"https:\/\/schema.org","@graph":[{"@type":"Article","@id":"https:\/\/walltopia.com\/pt-br\/o-wics-reunira-a-comunidade-mundial-de-escalada-pelo-segundo-ano\/#article","isPartOf":{"@id":"https:\/\/walltopia.com\/pt-br\/o-wics-reunira-a-comunidade-mundial-de-escalada-pelo-segundo-ano\/"},"author":{"name":"the_id","@id":"https:\/\/walltopia.com\/pt-br\/#\/schema\/person\/b30506c6570e8fcee537c66f40da51ff"},"headline":"O WICS reunir\u00e1 a comunidade mundial de escalada pelo segundo ano","datePublished":"2021-06-21T11:45:16+00:00","dateModified":"2026-01-15T14:35:40+00:00","mainEntityOfPage":{"@id":"https:\/\/walltopia.com\/pt-br\/o-wics-reunira-a-comunidade-mundial-de-escalada-pelo-segundo-ano\/"},"wordCount":716,"publisher":{"@id":"https:\/\/walltopia.com\/pt-br\/#organization"},"image":{"@id":"https:\/\/walltopia.com\/pt-br\/o-wics-reunira-a-comunidade-mundial-de-escalada-pelo-segundo-ano\/#primaryimage"},"thumbnailUrl":"https:\/\/cdn.walltopia.com\/wp-content\/uploads\/20231026085341\/WICS-2019.jpg","keywords":["wics","WICS2019"],"articleSection":["Sala de imprensa"],"inLanguage":"pt-BR"},{"@type":"WebPage","@id":"https:\/\/walltopia.com\/pt-br\/o-wics-reunira-a-comunidade-mundial-de-escalada-pelo-segundo-ano\/","url":"https:\/\/walltopia.com\/pt-br\/o-wics-reunira-a-comunidade-mundial-de-escalada-pelo-segundo-ano\/","name":"O WICS reunir\u00e1 a comunidade mundial de escalada pelo segundo ano | Walltopia","isPartOf":{"@id":"https:\/\/walltopia.com\/pt-br\/#website"},"primaryImageOfPage":{"@id":"https:\/\/walltopia.com\/pt-br\/o-wics-reunira-a-comunidade-mundial-de-escalada-pelo-segundo-ano\/#primaryimage"},"image":{"@id":"https:\/\/walltopia.com\/pt-br\/o-wics-reunira-a-comunidade-mundial-de-escalada-pelo-segundo-ano\/#primaryimage"},"thumbnailUrl":"https:\/\/cdn.walltopia.com\/wp-content\/uploads\/20231026085341\/WICS-2019.jpg","datePublished":"2021-06-21T11:45:16+00:00","dateModified":"2026-01-15T14:35:40+00:00","description":"O World Indoor Climbing Summit, organizado pela Walltopia, foi mais do que excelente no ano passado, por isso estamos realizando-o novamente. Saiba mais sobre o evento aqui.","breadcrumb":{"@id":"https:\/\/walltopia.com\/pt-br\/o-wics-reunira-a-comunidade-mundial-de-escalada-pelo-segundo-ano\/#breadcrumb"},"inLanguage":"pt-BR","potentialAction":[{"@type":"ReadAction","target":["https:\/\/walltopia.com\/pt-br\/o-wics-reunira-a-comunidade-mundial-de-escalada-pelo-segundo-ano\/"]}]},{"@type":"ImageObject","inLanguage":"pt-BR","@id":"https:\/\/walltopia.com\/pt-br\/o-wics-reunira-a-comunidade-mundial-de-escalada-pelo-segundo-ano\/#primaryimage","url":"https:\/\/cdn.walltopia.com\/wp-content\/uploads\/20231026085341\/WICS-2019.jpg","contentUrl":"https:\/\/cdn.walltopia.com\/wp-content\/uploads\/20231026085341\/WICS-2019.jpg","width":900,"height":506},{"@type":"BreadcrumbList","@id":"https:\/\/walltopia.com\/pt-br\/o-wics-reunira-a-comunidade-mundial-de-escalada-pelo-segundo-ano\/#breadcrumb","itemListElement":[{"@type":"ListItem","position":1,"name":"Home","item":"https:\/\/walltopia.com\/pt-br\/inicio-pt\/"},{"@type":"ListItem","position":2,"name":"O WICS reunir\u00e1 a comunidade mundial de escalada pelo segundo ano"}]},{"@type":"WebSite","@id":"https:\/\/walltopia.com\/pt-br\/#website","url":"https:\/\/walltopia.com\/pt-br\/","name":"Walltopia","description":"World leader in the design and production of climbing walls and active entertainment attractions","publisher":{"@id":"https:\/\/walltopia.com\/pt-br\/#organization"},"potentialAction":[{"@type":"SearchAction","target":{"@type":"EntryPoint","urlTemplate":"https:\/\/walltopia.com\/pt-br\/?s={search_term_string}"},"query-input":{"@type":"PropertyValueSpecification","valueRequired":true,"valueName":"search_term_string"}}],"inLanguage":"pt-BR"},{"@type":"Organization","@id":"https:\/\/walltopia.com\/pt-br\/#organization","name":"Walltopia","url":"https:\/\/walltopia.com\/pt-br\/","logo":{"@type":"ImageObject","inLanguage":"pt-BR","@id":"https:\/\/walltopia.com\/pt-br\/#\/schema\/logo\/image\/","url":"","contentUrl":"","caption":"Walltopia"},"image":{"@id":"https:\/\/walltopia.com\/pt-br\/#\/schema\/logo\/image\/"},"sameAs":["https:\/\/www.facebook.com\/walltopiaclimbing\/","https:\/\/x.com\/walltopiabg","https:\/\/www.instagram.com\/walltopia.active\/","https:\/\/www.linkedin.com\/company\/walltopia-ltd.","https:\/\/www.youtube.com\/user\/WALLTOPIA"]},{"@type":"Person","@id":"https:\/\/walltopia.com\/pt-br\/#\/schema\/person\/b30506c6570e8fcee537c66f40da51ff","name":"the_id"}]}},"_links":{"self":[{"href":"https:\/\/walltopia.com\/pt-br\/wp-json\/wp\/v2\/posts\/187429","targetHints":{"allow":["GET"]}}],"collection":[{"href":"https:\/\/walltopia.com\/pt-br\/wp-json\/wp\/v2\/posts"}],"about":[{"href":"https:\/\/walltopia.com\/pt-br\/wp-json\/wp\/v2\/types\/post"}],"author":[{"embeddable":true,"href":"https:\/\/walltopia.com\/pt-br\/wp-json\/wp\/v2\/users\/10"}],"replies":[{"embeddable":true,"href":"https:\/\/walltopia.com\/pt-br\/wp-json\/wp\/v2\/comments?post=187429"}],"version-history":[{"count":0,"href":"https:\/\/walltopia.com\/pt-br\/wp-json\/wp\/v2\/posts\/187429\/revisions"}],"wp:featuredmedia":[{"embeddable":true,"href":"https:\/\/walltopia.com\/pt-br\/wp-json\/wp\/v2\/media\/187432"}],"wp:attachment":[{"href":"https:\/\/walltopia.com\/pt-br\/wp-json\/wp\/v2\/media?parent=187429"}],"wp:term":[{"taxonomy":"category","embeddable":true,"href":"https:\/\/walltopia.com\/pt-br\/wp-json\/wp\/v2\/categories?post=187429"},{"taxonomy":"post_tag","embeddable":true,"href":"https:\/\/walltopia.com\/pt-br\/wp-json\/wp\/v2\/tags?post=187429"}],"curies":[{"name":"wp","href":"https:\/\/api.w.org\/{rel}","templated":true}]}}