{"id":198737,"date":"2023-07-26T17:56:13","date_gmt":"2023-07-26T14:56:13","guid":{"rendered":"https:\/\/walltopia.com\/eventos-da-divisao-de-escalada-no-outono-de-2023\/"},"modified":"2026-01-15T18:04:53","modified_gmt":"2026-01-15T15:04:53","slug":"eventos-da-divisao-de-escalada-no-outono-de-2023","status":"publish","type":"post","link":"https:\/\/walltopia.com\/pt-br\/eventos-da-divisao-de-escalada-no-outono-de-2023\/","title":{"rendered":"Eventos da Divis\u00e3o de Escalada no outono de 2023"},"content":{"rendered":"<div class=\"wpb-content-wrapper\">[vc_row][vc_column][vc_column_text]<strong>O outono de 2023 ser\u00e1 agitado para a divis\u00e3o de escalada da Walltopia, que participar\u00e1 de eventos em toda a Europa!<\/strong>  Come\u00e7ando em meados de setembro em Sheffield, Reino Unido, para a confer\u00eancia anual das paredes da ABC, seguida pelo Salon de l&#8217;Escalade em Grenoble, Fran\u00e7a e, por \u00faltimo, mas n\u00e3o menos importante, a Vertical Pro no final de novembro, logo antes de come\u00e7armos a nos preparar para as festividades de Natal.[\/vc_column_text][vc_separator css=&#8221;.vc_custom_1690383205560{margin-top: 30px !important;}&#8221;][vc_row_inner css=&#8221;.vc_custom_1690382728011{margin-top: 50px !important;}&#8221;][vc_column_inner width=&#8221;1\/3&#8243;][vc_single_image image=&#8221;101158&#8243; img_size=&#8221;full&#8221;][\/vc_column_inner][vc_column_inner width=&#8221;2\/3&#8243;][vc_custom_heading text=&#8221;Confer\u00eancia ABC&#8221; font_container=&#8221;tag:h3|text_align:left&#8221; use_theme_fonts=&#8221;yes&#8221;][vc_custom_heading text=&#8221;14 a 15 de setembro de 2023<br \/>\nSheffield, Reino Unido&#8221; font_container=&#8221;tag:h5|text_align:left&#8221; use_theme_fonts=&#8221;yes&#8221;][\/vc_column_inner][\/vc_row_inner][\/vc_column][\/vc_row][vc_row css=&#8221;.vc_custom_1690381712057{border-bottom-width: 50px !important;}&#8221;][vc_column][vc_column_text]\n<p>Em setembro, antes mesmo que o bronzeado das f\u00e9rias de ver\u00e3o acabe, vamos nos refrescar em Sheffield, no Reino Unido, para a <a href=\"https:\/\/www.abcwalls.co.uk\/about\/conference-2023\/\">Confer\u00eancia anual da Association of British Climbing Walls<\/a>. Estamos empolgados por sermos o patrocinador principal este ano! Temos participado do evento desde que ele ainda era um pequeno sal\u00e3o com uma mesa e uma cadeira para cada vendedor e o vimos crescer e se profissionalizar junto com o setor de escalada, tornando-se uma confer\u00eancia de neg\u00f3cios bem estabelecida. Como fabricante l\u00edder, nos sentimos respons\u00e1veis e honrados por poder apoiar o crescimento do setor por meio desses eventos.<\/p>\n[\/vc_column_text][vc_separator css=&#8221;.vc_custom_1690383212544{margin-top: 30px !important;}&#8221;][\/vc_column][\/vc_row][vc_row css=&#8221;.vc_custom_1690382975046{margin-top: 50px !important;}&#8221;][vc_column width=&#8221;1\/3&#8243;][vc_single_image image=&#8221;101165&#8243; img_size=&#8221;full&#8221;][\/vc_column][vc_column width=&#8221;2\/3&#8243;][vc_custom_heading text=&#8221;Sal\u00e3o do Escalade&#8221; font_container=&#8221;tag:h3|text_align:left&#8221; use_theme_fonts=&#8221;yes&#8221;][vc_custom_heading text=&#8221;29 e 30 de setembro de 2023<br \/>\nGrenoble, Fran\u00e7a&#8221; font_container=&#8221;tag:h5|text_align:left&#8221; use_theme_fonts=&#8221;yes&#8221;][\/vc_column][\/vc_row][vc_row css=&#8221;.vc_custom_1690381731689{border-bottom-width: 50px !important;}&#8221;][vc_column][vc_column_text]\n<p>Logo ap\u00f3s a Confer\u00eancia da ABC no Reino Unido, estamos indo para o cora\u00e7\u00e3o dos Alpes franceses: Grenoble, onde voc\u00ea poder\u00e1 praticar escalada e tomar um bom vinho. Brincadeira, estamos indo para l\u00e1 para a 4\u00aa edi\u00e7\u00e3o do <a href=\"https:\/\/www.salon-escalade.com\/\">Salon de l&#8217;Escalade<\/a>. Estamos animados para encontrar todos os nossos amigos, clientes e parceiros da Fran\u00e7a e dos pa\u00edses vizinhos e gostar\u00edamos de conhecer novas pessoas do setor de escalada profissional para colaborar conosco.<\/p>\n[\/vc_column_text][vc_separator css=&#8221;.vc_custom_1690383219723{margin-top: 30px !important;}&#8221;][\/vc_column][\/vc_row][vc_row css=&#8221;.vc_custom_1690382922003{margin-top: 50px !important;}&#8221;][vc_column width=&#8221;1\/3&#8243;][vc_single_image image=&#8221;101172&#8243; img_size=&#8221;full&#8221;][\/vc_column][vc_column width=&#8221;2\/3&#8243;][vc_custom_heading text=&#8221;Vertical Pro&#8221; font_container=&#8221;tag:h3|text_align:left&#8221; use_theme_fonts=&#8221;yes&#8221;][vc_custom_heading text=&#8221;24 a 25 de novembro de 2023<br \/>\nFriedrichshafen, Alemanha&#8221; font_container=&#8221;tag:h5|text_align:left&#8221; use_theme_fonts=&#8221;yes&#8221;][\/vc_column][\/vc_row][vc_row][vc_column][vc_column_text css=&#8221;.vc_custom_1690382646255{border-bottom-width: 50px !important;}&#8221;]\n<p>Durante a \u00e9poca escura e cinzenta do ano, no final de novembro, h\u00e1 um evento que ilumina o ambiente e mant\u00e9m os profissionais do setor de escalada motivados: o <a href=\"https:\/\/www.vertical-pro.com\/\">Vertical Pro<\/a>. Assim como nos dois eventos anteriores, participamos do Halls&#8217;n&#8217;Walls desde o in\u00edcio, como um pequeno encontro para profissionais de escalada em ambientes fechados, e vimos ele se transformar tremendamente no enorme centro profissional para todos os Vertical Pro&#8217;s que \u00e9 agora.<\/p>\n[\/vc_column_text][vc_separator css=&#8221;.vc_custom_1690383225629{margin-top: 30px !important;}&#8221;][vc_custom_heading text=&#8221;Encontre-nos l\u00e1&#8221; use_theme_fonts=&#8221;yes&#8221; css=&#8221;.vc_custom_1690382875580{margin-top: 50px !important;}&#8221;][vc_column_text css=&#8221;.vc_custom_1691079110851{border-bottom-width: 50px !important;}&#8221;]\n<p>Junte-se a n\u00f3s em nossos estandes durante esses eventos, explore nossa linha de produtos para paredes de escalada e discuta poss\u00edveis projetos e parcerias. Em nosso estande, apresentaremos:<\/p>\n<ul>\n<li><strong>Pain\u00e9is de parede de escalada us\u00e1veis e pain\u00e9is de textura dupla:<\/strong> Voc\u00ea pode conferir a apar\u00eancia e sentir o atrito das diferentes op\u00e7\u00f5es de acabamento para paredes de escalada<\/li>\n<li><strong>Madeira natural, pain\u00e9is de bambu e folheados:<\/strong> Explore a variedade de designs dos pain\u00e9is de parede de escalada Walltopia inspirados na natureza e veja diferentes combina\u00e7\u00f5es com cores s\u00f3lidas<\/li>\n<li><strong>Volumes de madeira com textura dupla:<\/strong> Descubra como nossos mais recentes designs de volume podem aprimorar as experi\u00eancias de escalada.<\/li>\n<li><strong>Amostras de pisos da Climbmat:<\/strong> Teste a seguran\u00e7a e o desempenho das op\u00e7\u00f5es de piso da Climbmat, perfeitas para academias de escalada e centros de aventura.<\/li>\n<\/ul>\n[\/vc_column_text][vc_column_text css=&#8221;.vc_custom_1690382913921{margin-top: 30px !important;border-bottom-width: 50px !important;}&#8221;]\n<p>Nossa equipe de entusiastas da escalada e especialistas do setor estar\u00e1 \u00e0 disposi\u00e7\u00e3o para interagir com voc\u00ea, responder a quaisquer perguntas e explorar poss\u00edveis projetos ou parcerias. Se voc\u00ea representa uma academia de escalada, um centro de aventura ao ar livre ou qualquer outro neg\u00f3cio relacionado \u00e0 escalada, estamos ansiosos para discutir como nossos produtos podem elevar suas ofertas e criar experi\u00eancias de escalada inesquec\u00edveis para seus clientes.<\/p>\n[\/vc_column_text][vc_column_text css=&#8221;.vc_custom_1690383134324{margin-top: 30px !important;border-bottom-width: 50px !important;}&#8221;]\n<p>Se voc\u00ea quiser agendar uma reuni\u00e3o, preencha o formul\u00e1rio \u00e0 direita, siga o link abaixo ou simplesmente envie um e-mail para <strong>sales [at] walltopia.com<\/strong><\/p>\n[\/vc_column_text][vc_btn title=&#8221;Marcar uma reuni\u00e3o&#8221; style=&#8221;classic&#8221; color=&#8221;danger&#8221; link=&#8221;url:https%3A%2F%2Fwalltopia.com%2Fpt-br%2Fcontatos%2F|title:Entre%20em%20contato%20conosco|&#8221; css=&#8221;.vc_custom_1690383119358{margin-top: 30px !important;}&#8221;][\/vc_column][\/vc_row]\n<\/div>","protected":false},"excerpt":{"rendered":"Encontre-nos nesses eventos internacionais do setor de escalada em ambientes fechados.","protected":false},"author":6,"featured_media":0,"comment_status":"closed","ping_status":"closed","sticky":false,"template":"","format":"standard","meta":{"_acf_changed":false,"inline_featured_image":false,"footnotes":""},"categories":[1157,1151],"tags":[],"class_list":["post-198737","post","type-post","status-publish","format-standard","hentry","category-escalada-pt-br","category-sala-de-imprensa"],"acf":[],"yoast_head":"<!-- This site is optimized with the Yoast SEO Premium plugin v28.3 (Yoast SEO v28.3) - https:\/\/yoast.com\/product\/yoast-seo-premium-wordpress\/ -->\n<title>Eventos da Divis\u00e3o de Escalada no outono de 2023 | Walltopia<\/title>\n<meta name=\"description\" content=\"Encontre-nos nesses eventos internacionais do setor de escalada em ambientes fechados.\" \/>\n<meta name=\"robots\" content=\"index, follow, max-snippet:-1, max-image-preview:large, max-video-preview:-1\" \/>\n<link rel=\"canonical\" href=\"https:\/\/walltopia.com\/pt-br\/eventos-da-divisao-de-escalada-no-outono-de-2023\/\" \/>\n<meta property=\"og:locale\" content=\"pt_BR\" \/>\n<meta property=\"og:type\" content=\"article\" \/>\n<meta property=\"og:title\" content=\"Eventos da Divis\u00e3o de Escalada no outono de 2023\" \/>\n<meta property=\"og:description\" content=\"Encontre-nos nesses eventos internacionais do setor de escalada em ambientes fechados.\" \/>\n<meta property=\"og:url\" content=\"https:\/\/walltopia.com\/pt-br\/eventos-da-divisao-de-escalada-no-outono-de-2023\/\" \/>\n<meta property=\"og:site_name\" content=\"Walltopia\" \/>\n<meta property=\"article:publisher\" content=\"https:\/\/www.facebook.com\/walltopiaclimbing\/\" \/>\n<meta property=\"article:published_time\" content=\"2023-07-26T14:56:13+00:00\" \/>\n<meta property=\"article:modified_time\" content=\"2026-01-15T15:04:53+00:00\" \/>\n<meta name=\"author\" content=\"Ani Manova\" \/>\n<meta name=\"twitter:card\" content=\"summary_large_image\" \/>\n<meta name=\"twitter:creator\" content=\"@walltopiabg\" \/>\n<meta name=\"twitter:site\" content=\"@walltopiabg\" \/>\n<script type=\"application\/ld+json\" class=\"yoast-schema-graph\">{\"@context\":\"https:\\\/\\\/schema.org\",\"@graph\":[{\"@type\":\"Article\",\"@id\":\"https:\\\/\\\/walltopia.com\\\/pt-br\\\/eventos-da-divisao-de-escalada-no-outono-de-2023\\\/#article\",\"isPartOf\":{\"@id\":\"https:\\\/\\\/walltopia.com\\\/pt-br\\\/eventos-da-divisao-de-escalada-no-outono-de-2023\\\/\"},\"author\":{\"name\":\"Ani Manova\",\"@id\":\"https:\\\/\\\/walltopia.com\\\/pt-br\\\/#\\\/schema\\\/person\\\/12e3d2cc8853cc95d0f08065e0bc93f1\"},\"headline\":\"Eventos da Divis\u00e3o de Escalada no outono de 2023\",\"datePublished\":\"2023-07-26T14:56:13+00:00\",\"dateModified\":\"2026-01-15T15:04:53+00:00\",\"mainEntityOfPage\":{\"@id\":\"https:\\\/\\\/walltopia.com\\\/pt-br\\\/eventos-da-divisao-de-escalada-no-outono-de-2023\\\/\"},\"wordCount\":994,\"publisher\":{\"@id\":\"https:\\\/\\\/walltopia.com\\\/pt-br\\\/#organization\"},\"articleSection\":[\"Escalada\",\"Sala de imprensa\"],\"inLanguage\":\"pt-BR\"},{\"@type\":\"WebPage\",\"@id\":\"https:\\\/\\\/walltopia.com\\\/pt-br\\\/eventos-da-divisao-de-escalada-no-outono-de-2023\\\/\",\"url\":\"https:\\\/\\\/walltopia.com\\\/pt-br\\\/eventos-da-divisao-de-escalada-no-outono-de-2023\\\/\",\"name\":\"Eventos da Divis\u00e3o de Escalada no outono de 2023 | Walltopia\",\"isPartOf\":{\"@id\":\"https:\\\/\\\/walltopia.com\\\/pt-br\\\/#website\"},\"datePublished\":\"2023-07-26T14:56:13+00:00\",\"dateModified\":\"2026-01-15T15:04:53+00:00\",\"description\":\"Encontre-nos nesses eventos internacionais do setor de escalada em ambientes fechados.\",\"breadcrumb\":{\"@id\":\"https:\\\/\\\/walltopia.com\\\/pt-br\\\/eventos-da-divisao-de-escalada-no-outono-de-2023\\\/#breadcrumb\"},\"inLanguage\":\"pt-BR\",\"potentialAction\":[{\"@type\":\"ReadAction\",\"target\":[\"https:\\\/\\\/walltopia.com\\\/pt-br\\\/eventos-da-divisao-de-escalada-no-outono-de-2023\\\/\"]}]},{\"@type\":\"BreadcrumbList\",\"@id\":\"https:\\\/\\\/walltopia.com\\\/pt-br\\\/eventos-da-divisao-de-escalada-no-outono-de-2023\\\/#breadcrumb\",\"itemListElement\":[{\"@type\":\"ListItem\",\"position\":1,\"name\":\"Home\",\"item\":\"https:\\\/\\\/walltopia.com\\\/pt-br\\\/inicio-pt\\\/\"},{\"@type\":\"ListItem\",\"position\":2,\"name\":\"Eventos da Divis\u00e3o de Escalada no outono de 2023\"}]},{\"@type\":\"WebSite\",\"@id\":\"https:\\\/\\\/walltopia.com\\\/pt-br\\\/#website\",\"url\":\"https:\\\/\\\/walltopia.com\\\/pt-br\\\/\",\"name\":\"Walltopia\",\"description\":\"World leader in the design and production of climbing walls and active entertainment attractions\",\"publisher\":{\"@id\":\"https:\\\/\\\/walltopia.com\\\/pt-br\\\/#organization\"},\"potentialAction\":[{\"@type\":\"SearchAction\",\"target\":{\"@type\":\"EntryPoint\",\"urlTemplate\":\"https:\\\/\\\/walltopia.com\\\/pt-br\\\/?s={search_term_string}\"},\"query-input\":{\"@type\":\"PropertyValueSpecification\",\"valueRequired\":true,\"valueName\":\"search_term_string\"}}],\"inLanguage\":\"pt-BR\"},{\"@type\":\"Organization\",\"@id\":\"https:\\\/\\\/walltopia.com\\\/pt-br\\\/#organization\",\"name\":\"Walltopia\",\"url\":\"https:\\\/\\\/walltopia.com\\\/pt-br\\\/\",\"logo\":{\"@type\":\"ImageObject\",\"inLanguage\":\"pt-BR\",\"@id\":\"https:\\\/\\\/walltopia.com\\\/pt-br\\\/#\\\/schema\\\/logo\\\/image\\\/\",\"url\":\"\",\"contentUrl\":\"\",\"caption\":\"Walltopia\"},\"image\":{\"@id\":\"https:\\\/\\\/walltopia.com\\\/pt-br\\\/#\\\/schema\\\/logo\\\/image\\\/\"},\"sameAs\":[\"https:\\\/\\\/www.facebook.com\\\/walltopiaclimbing\\\/\",\"https:\\\/\\\/x.com\\\/walltopiabg\",\"https:\\\/\\\/www.instagram.com\\\/walltopia.active\\\/\",\"https:\\\/\\\/www.linkedin.com\\\/company\\\/walltopia-ltd.\",\"https:\\\/\\\/www.youtube.com\\\/user\\\/WALLTOPIA\"]},{\"@type\":\"Person\",\"@id\":\"https:\\\/\\\/walltopia.com\\\/pt-br\\\/#\\\/schema\\\/person\\\/12e3d2cc8853cc95d0f08065e0bc93f1\",\"name\":\"Ani Manova\"}]}<\/script>\n<!-- \/ Yoast SEO Premium plugin. -->","yoast_head_json":{"title":"Eventos da Divis\u00e3o de Escalada no outono de 2023 | Walltopia","description":"Encontre-nos nesses eventos internacionais do setor de escalada em ambientes fechados.","robots":{"index":"index","follow":"follow","max-snippet":"max-snippet:-1","max-image-preview":"max-image-preview:large","max-video-preview":"max-video-preview:-1"},"canonical":"https:\/\/walltopia.com\/pt-br\/eventos-da-divisao-de-escalada-no-outono-de-2023\/","og_locale":"pt_BR","og_type":"article","og_title":"Eventos da Divis\u00e3o de Escalada no outono de 2023","og_description":"Encontre-nos nesses eventos internacionais do setor de escalada em ambientes fechados.","og_url":"https:\/\/walltopia.com\/pt-br\/eventos-da-divisao-de-escalada-no-outono-de-2023\/","og_site_name":"Walltopia","article_publisher":"https:\/\/www.facebook.com\/walltopiaclimbing\/","article_published_time":"2023-07-26T14:56:13+00:00","article_modified_time":"2026-01-15T15:04:53+00:00","author":"Ani Manova","twitter_card":"summary_large_image","twitter_creator":"@walltopiabg","twitter_site":"@walltopiabg","schema":{"@context":"https:\/\/schema.org","@graph":[{"@type":"Article","@id":"https:\/\/walltopia.com\/pt-br\/eventos-da-divisao-de-escalada-no-outono-de-2023\/#article","isPartOf":{"@id":"https:\/\/walltopia.com\/pt-br\/eventos-da-divisao-de-escalada-no-outono-de-2023\/"},"author":{"name":"Ani Manova","@id":"https:\/\/walltopia.com\/pt-br\/#\/schema\/person\/12e3d2cc8853cc95d0f08065e0bc93f1"},"headline":"Eventos da Divis\u00e3o de Escalada no outono de 2023","datePublished":"2023-07-26T14:56:13+00:00","dateModified":"2026-01-15T15:04:53+00:00","mainEntityOfPage":{"@id":"https:\/\/walltopia.com\/pt-br\/eventos-da-divisao-de-escalada-no-outono-de-2023\/"},"wordCount":994,"publisher":{"@id":"https:\/\/walltopia.com\/pt-br\/#organization"},"articleSection":["Escalada","Sala de imprensa"],"inLanguage":"pt-BR"},{"@type":"WebPage","@id":"https:\/\/walltopia.com\/pt-br\/eventos-da-divisao-de-escalada-no-outono-de-2023\/","url":"https:\/\/walltopia.com\/pt-br\/eventos-da-divisao-de-escalada-no-outono-de-2023\/","name":"Eventos da Divis\u00e3o de Escalada no outono de 2023 | Walltopia","isPartOf":{"@id":"https:\/\/walltopia.com\/pt-br\/#website"},"datePublished":"2023-07-26T14:56:13+00:00","dateModified":"2026-01-15T15:04:53+00:00","description":"Encontre-nos nesses eventos internacionais do setor de escalada em ambientes fechados.","breadcrumb":{"@id":"https:\/\/walltopia.com\/pt-br\/eventos-da-divisao-de-escalada-no-outono-de-2023\/#breadcrumb"},"inLanguage":"pt-BR","potentialAction":[{"@type":"ReadAction","target":["https:\/\/walltopia.com\/pt-br\/eventos-da-divisao-de-escalada-no-outono-de-2023\/"]}]},{"@type":"BreadcrumbList","@id":"https:\/\/walltopia.com\/pt-br\/eventos-da-divisao-de-escalada-no-outono-de-2023\/#breadcrumb","itemListElement":[{"@type":"ListItem","position":1,"name":"Home","item":"https:\/\/walltopia.com\/pt-br\/inicio-pt\/"},{"@type":"ListItem","position":2,"name":"Eventos da Divis\u00e3o de Escalada no outono de 2023"}]},{"@type":"WebSite","@id":"https:\/\/walltopia.com\/pt-br\/#website","url":"https:\/\/walltopia.com\/pt-br\/","name":"Walltopia","description":"World leader in the design and production of climbing walls and active entertainment attractions","publisher":{"@id":"https:\/\/walltopia.com\/pt-br\/#organization"},"potentialAction":[{"@type":"SearchAction","target":{"@type":"EntryPoint","urlTemplate":"https:\/\/walltopia.com\/pt-br\/?s={search_term_string}"},"query-input":{"@type":"PropertyValueSpecification","valueRequired":true,"valueName":"search_term_string"}}],"inLanguage":"pt-BR"},{"@type":"Organization","@id":"https:\/\/walltopia.com\/pt-br\/#organization","name":"Walltopia","url":"https:\/\/walltopia.com\/pt-br\/","logo":{"@type":"ImageObject","inLanguage":"pt-BR","@id":"https:\/\/walltopia.com\/pt-br\/#\/schema\/logo\/image\/","url":"","contentUrl":"","caption":"Walltopia"},"image":{"@id":"https:\/\/walltopia.com\/pt-br\/#\/schema\/logo\/image\/"},"sameAs":["https:\/\/www.facebook.com\/walltopiaclimbing\/","https:\/\/x.com\/walltopiabg","https:\/\/www.instagram.com\/walltopia.active\/","https:\/\/www.linkedin.com\/company\/walltopia-ltd.","https:\/\/www.youtube.com\/user\/WALLTOPIA"]},{"@type":"Person","@id":"https:\/\/walltopia.com\/pt-br\/#\/schema\/person\/12e3d2cc8853cc95d0f08065e0bc93f1","name":"Ani Manova"}]}},"_links":{"self":[{"href":"https:\/\/walltopia.com\/pt-br\/wp-json\/wp\/v2\/posts\/198737","targetHints":{"allow":["GET"]}}],"collection":[{"href":"https:\/\/walltopia.com\/pt-br\/wp-json\/wp\/v2\/posts"}],"about":[{"href":"https:\/\/walltopia.com\/pt-br\/wp-json\/wp\/v2\/types\/post"}],"author":[{"embeddable":true,"href":"https:\/\/walltopia.com\/pt-br\/wp-json\/wp\/v2\/users\/6"}],"replies":[{"embeddable":true,"href":"https:\/\/walltopia.com\/pt-br\/wp-json\/wp\/v2\/comments?post=198737"}],"version-history":[{"count":0,"href":"https:\/\/walltopia.com\/pt-br\/wp-json\/wp\/v2\/posts\/198737\/revisions"}],"wp:attachment":[{"href":"https:\/\/walltopia.com\/pt-br\/wp-json\/wp\/v2\/media?parent=198737"}],"wp:term":[{"taxonomy":"category","embeddable":true,"href":"https:\/\/walltopia.com\/pt-br\/wp-json\/wp\/v2\/categories?post=198737"},{"taxonomy":"post_tag","embeddable":true,"href":"https:\/\/walltopia.com\/pt-br\/wp-json\/wp\/v2\/tags?post=198737"}],"curies":[{"name":"wp","href":"https:\/\/api.w.org\/{rel}","templated":true}]}}