{"id":200185,"date":"2024-08-23T11:46:29","date_gmt":"2024-08-23T08:46:29","guid":{"rendered":"https:\/\/walltopia.com\/eventos-da-divisao-de-escalada-outono-de-2024\/"},"modified":"2026-01-15T18:10:37","modified_gmt":"2026-01-15T15:10:37","slug":"eventos-da-divisao-de-escalada-outono-de-2024","status":"publish","type":"post","link":"https:\/\/walltopia.com\/pt-br\/eventos-da-divisao-de-escalada-outono-de-2024\/","title":{"rendered":"Eventos da divis\u00e3o de escalada &#8211; outono de 2024"},"content":{"rendered":"<div class=\"wpb-content-wrapper\">[vc_row][vc_column][vc_column_text css=&#8221;&#8221;]<strong>O outono de 2024 ser\u00e1 agitado para a divis\u00e3o de escalada da Walltopia, que participar\u00e1 de eventos na Europa e nos EUA!<\/strong>  Come\u00e7ando em meados de setembro em Sheffield, no Reino Unido, para a confer\u00eancia anual das paredes da ABC, seguida pela Athletic Business Show em Nova Orleans e, por \u00faltimo, mas n\u00e3o menos importante, a Vertical Pro em novembro, logo antes de come\u00e7armos a nos preparar para as festividades de Natal.[\/vc_column_text][vc_separator css=&#8221;.vc_custom_1690383205560{margin-top: 30px !important;}&#8221;][vc_row_inner css=&#8221;.vc_custom_1690382728011{margin-top: 50px !important;}&#8221;][vc_column_inner width=&#8221;1\/3&#8243;][vc_single_image image=&#8221;101158&#8243; img_size=&#8221;full&#8221;][\/vc_column_inner][vc_column_inner width=&#8221;2\/3&#8243;][vc_custom_heading text=&#8221;Confer\u00eancia ABC&#8221; font_container=&#8221;tag:h3|text_align:left&#8221; use_theme_fonts=&#8221;yes&#8221;][vc_custom_heading text=&#8221;19-20 de setembro de 2024<br \/>Sheffield, Reino Unido&#8221; font_container=&#8221;tag:h5|text_align:left&#8221; use_theme_fonts=&#8221;yes&#8221; css=&#8221;&#8221;][\/vc_column_inner][\/vc_row_inner][\/vc_column][\/vc_row][vc_row css=&#8221;.vc_custom_1690381712057{border-bottom-width: 50px !important;}&#8221;][vc_column][vc_column_text css=&#8221;&#8221;]Em setembro, antes mesmo que o bronzeado das f\u00e9rias de ver\u00e3o acabe, vamos nos refrescar em Sheffield, no Reino Unido, para a <a href=\"https:\/\/www.abcwalls.co.uk\/about\/conference-2023\/\">Confer\u00eancia anual da Association of British Climbing Walls<\/a>. Participamos do evento desde que ele ainda era um pequeno sal\u00e3o com uma mesa e uma cadeira para cada vendedor e o vimos crescer e se profissionalizar junto com o setor de escalada, tornando-se uma confer\u00eancia de neg\u00f3cios bem estabelecida. Como fabricante l\u00edder, nos sentimos respons\u00e1veis e honrados por poder apoiar o crescimento do setor por meio desses eventos.[\/vc_column_text][vc_separator css=&#8221;.vc_custom_1690383212544{margin-top: 30px !important;}&#8221;][\/vc_column][\/vc_row][vc_row css=&#8221;.vc_custom_1690382975046{margin-top: 50px !important;}&#8221;][vc_column width=&#8221;1\/3&#8243;][vc_single_image image=&#8221;138773&#8243; img_size=&#8221;full&#8221; css=&#8221;&#8221;][\/vc_column][vc_column width=&#8221;2\/3&#8243;][vc_custom_heading text=&#8221;Athleltic Business Show&#8221; font_container=&#8221;tag:h3|text_align:left&#8221; use_theme_fonts=&#8221;yes&#8221; css=&#8221;&#8221;][vc_custom_heading text=&#8221;19 a 22 de novembro de 2024<br \/>Nova Orleans, Louisiana, EUA&#8221; font_container=&#8221;tag:h5|text_align:left&#8221; use_theme_fonts=&#8221;yes&#8221; css=&#8221;&#8221;][\/vc_column][\/vc_row][vc_row css=&#8221;.vc_custom_1690381731689{border-bottom-width: 50px !important;}&#8221;][vc_column][vc_column_text css=&#8221;&#8221;]<a href=\"https:\/\/www.abshow.com\/\">O AB Show<\/a> \u00e9 um evento focado em solu\u00e7\u00f5es para profissionais de atletismo, fitness, recrea\u00e7\u00e3o e militares. \u00c9 uma confer\u00eancia educacional l\u00edder que fornecer\u00e1 a voc\u00ea insights pr\u00e1ticos, solu\u00e7\u00f5es exclusivas e novas ideias que voc\u00ea pode implementar imediatamente. Estamos animados para conhecer todos os nossos amigos e clientes, bem como novos parceiros do setor de escalada profissional para colaborar com voc\u00ea.[\/vc_column_text][vc_separator css=&#8221;.vc_custom_1690383219723{margin-top: 30px !important;}&#8221;][\/vc_column][\/vc_row][vc_row css=&#8221;.vc_custom_1690382922003{margin-top: 50px !important;}&#8221;][vc_column width=&#8221;1\/3&#8243;][vc_single_image image=&#8221;138790&#8243; img_size=&#8221;full&#8221; css=&#8221;&#8221;][\/vc_column][vc_column width=&#8221;2\/3&#8243;][vc_custom_heading text=&#8221;Vertical Pro&#8221; font_container=&#8221;tag:h3|text_align:left&#8221; use_theme_fonts=&#8221;yes&#8221;][vc_custom_heading text=&#8221;22-23 de novembro de 2024<br \/>Friedrichshafen, Alemanha&#8221; font_container=&#8221;tag:h5|text_align:left&#8221; use_theme_fonts=&#8221;yes&#8221; css=&#8221;&#8221;][\/vc_column][\/vc_row][vc_row][vc_column][vc_column_text css=&#8221;.vc_custom_1690382646255{border-bottom-width: 50px !important;}&#8221;]\n<p>Durante a \u00e9poca escura e cinzenta do ano, no final de novembro, h\u00e1 um evento que ilumina o ambiente e mant\u00e9m os profissionais do setor de escalada motivados: o <a href=\"https:\/\/www.vertical-pro.com\/\">Vertical Pro<\/a>. Assim como nos dois eventos anteriores, participamos do Halls&#8217;n&#8217;Walls desde o in\u00edcio, como um pequeno encontro para profissionais de escalada em ambientes fechados, e vimos ele se transformar tremendamente no enorme centro profissional para todos os Vertical Pro&#8217;s que \u00e9 agora. <\/p>\n[\/vc_column_text][vc_separator css=&#8221;.vc_custom_1690383225629{margin-top: 30px !important;}&#8221;][vc_custom_heading text=&#8221;Encontre-nos l\u00e1&#8221; use_theme_fonts=&#8221;yes&#8221; css=&#8221;.vc_custom_1690382875580{margin-top: 50px !important;}&#8221;][vc_column_text css=&#8221;.vc_custom_1725893157852{border-bottom-width: 50px !important;}&#8221;]\n<p>\nJunte-se a n\u00f3s em nossos estandes durante esses eventos, explore nossa linha de produtos para paredes de escalada e discuta poss\u00edveis projetos e parcerias. Em nosso estande, apresentaremos:<\/p>\n<ul>\n<li><strong>Pain\u00e9is para paredes de escalada:<\/strong> Voc\u00ea pode conferir a apar\u00eancia e sentir o atrito das diferentes op\u00e7\u00f5es de acabamento para paredes de escalada<\/li>\n<li><strong>Madeira natural, pain\u00e9is de bambu, pedra natural:<\/strong> Explore a variedade de designs dos pain\u00e9is de parede de escalada Walltopia inspirados na natureza e veja diferentes combina\u00e7\u00f5es com cores s\u00f3lidas<\/li>\n<li><strong>Textura resistente \u00e0 sujeira:<\/strong> Experimente nosso acabamento resistente \u00e0 sujeira &#8211; esfregue um sapato de escalada em um painel e escove-o imediatamente.<\/li>\n<li><strong>Revestimento extra forte:<\/strong> Perfure alguns parafusos em nossos pain\u00e9is e veja como o nosso revestimento suporta a perfura\u00e7\u00e3o. Deixe seus instaladores serem criativos usando volumes e macros nas paredes do Walltopia e fique \u00e0 vontade com isso. <\/li>\n<li><strong>Paredes harmonizadas:<\/strong> Experimente as melhores rotas do mundo. Traga a excel\u00eancia global da escalada para sua academia local. <\/li>\n<li> <strong> O Training Board Kit:<\/strong> O conjunto completo entregue por um \u00fanico fornecedor: placa de \u00e2ngulo ajust\u00e1vel, LEDs, controlador, conjunto de suportes e aplicativo. Voc\u00ea n\u00e3o precisa mais fazer malabarismos com v\u00e1rios canais de comunica\u00e7\u00e3o e pedidos. <\/li>\n<li><strong>Walltpia Volumes mais recentes:<\/strong> Confira nossa mais recente linha de macros termopl\u00e1sticos. Saiba mais sobre o processo de produ\u00e7\u00e3o e suas qualidades supremas. <\/li>\n<li><strong><a href=\"https:\/\/www.hrt-holds.com\/hrt#HRT_by_Artist\">HRT por artista:<\/a><\/strong> Explore as formas mais recentes da s\u00e9rie &#8220;by artist&#8221;, criadas pelos profissionais do setor Julius Kerscher, Nikola Petrov e Simon Favrot. Obtenha um desconto especial &#8211; pe\u00e7a o c\u00f3digo promocional. <\/li>\n<li><strong>Amostras de pisos da Climbmat:<\/strong> Saiba mais sobre a seguran\u00e7a e o desempenho das op\u00e7\u00f5es de piso da Climbmat, explore a variedade de modelos projetados para atender a cada academia em termos de conforto, seguran\u00e7a, or\u00e7amento e funcionalidade.<\/li>\n<\/ul>\n<p>e muito mais<\/p>\n[\/vc_column_text][vc_column_text css=&#8221;.vc_custom_1690382913921{margin-top: 30px !important;border-bottom-width: 50px !important;}&#8221;]\n<p>Nossa equipe de entusiastas da escalada e especialistas do setor estar\u00e1 \u00e0 disposi\u00e7\u00e3o para interagir com voc\u00ea, responder a quaisquer perguntas e explorar poss\u00edveis projetos ou parcerias. Se voc\u00ea representa uma academia de escalada, um centro de aventura ao ar livre ou qualquer outro neg\u00f3cio relacionado \u00e0 escalada, estamos ansiosos para discutir como nossos produtos podem elevar suas ofertas e criar experi\u00eancias de escalada inesquec\u00edveis para seus clientes. <\/p>\n[\/vc_column_text][vc_column_text css=&#8221;.vc_custom_1724403145427{margin-top: 30px !important;border-bottom-width: 50px !important;}&#8221;]Se voc\u00ea quiser marcar uma reuni\u00e3o, preencha o formul\u00e1rio \u00e0 direita ou simplesmente envie um e-mail para <a href=\"mailto:sales@walltopia.com\"><strong>sales@walltopia.com<\/strong><\/a>[\/vc_column_text][\/vc_column][\/vc_row]\n<\/div>","protected":false},"excerpt":{"rendered":"Junte-se a n\u00f3s nos principais eventos do setor de escalada no outono de 2024. Estaremos visitando a ABC Conference, a AB Show e a Vertical Pro, apresentando nossos produtos e solu\u00e7\u00f5es para paredes de escalada. ","protected":false},"author":5,"featured_media":0,"comment_status":"closed","ping_status":"closed","sticky":false,"template":"","format":"standard","meta":{"_acf_changed":false,"inline_featured_image":false,"footnotes":""},"categories":[1157,1151],"tags":[],"class_list":["post-200185","post","type-post","status-publish","format-standard","hentry","category-escalada-pt-br","category-sala-de-imprensa"],"acf":[],"yoast_head":"<!-- This site is optimized with the Yoast SEO Premium plugin v28.3 (Yoast SEO v28.3) - https:\/\/yoast.com\/product\/yoast-seo-premium-wordpress\/ -->\n<title>Eventos da divis\u00e3o de escalada - outono de 2024 | Walltopia<\/title>\n<meta name=\"description\" content=\"Junte-se a n\u00f3s nos principais eventos do setor de escalada no outono de 2024. Estaremos visitando a ABC Conference, a AB Show e a Vertical Pro, apresentando nossos produtos e solu\u00e7\u00f5es para paredes de escalada.\" \/>\n<meta name=\"robots\" content=\"index, follow, max-snippet:-1, max-image-preview:large, max-video-preview:-1\" \/>\n<link rel=\"canonical\" href=\"https:\/\/walltopia.com\/pt-br\/eventos-da-divisao-de-escalada-outono-de-2024\/\" \/>\n<meta property=\"og:locale\" content=\"pt_BR\" \/>\n<meta property=\"og:type\" content=\"article\" \/>\n<meta property=\"og:title\" content=\"Eventos da divis\u00e3o de escalada - outono de 2024\" \/>\n<meta property=\"og:description\" content=\"Junte-se a n\u00f3s nos principais eventos do setor de escalada no outono de 2024. Estaremos visitando a ABC Conference, a AB Show e a Vertical Pro, apresentando nossos produtos e solu\u00e7\u00f5es para paredes de escalada.\" \/>\n<meta property=\"og:url\" content=\"https:\/\/walltopia.com\/pt-br\/eventos-da-divisao-de-escalada-outono-de-2024\/\" \/>\n<meta property=\"og:site_name\" content=\"Walltopia\" \/>\n<meta property=\"article:publisher\" content=\"https:\/\/www.facebook.com\/walltopiaclimbing\/\" \/>\n<meta property=\"article:published_time\" content=\"2024-08-23T08:46:29+00:00\" \/>\n<meta property=\"article:modified_time\" content=\"2026-01-15T15:10:37+00:00\" \/>\n<meta name=\"author\" content=\"walltopia\" \/>\n<meta name=\"twitter:card\" content=\"summary_large_image\" \/>\n<meta name=\"twitter:creator\" content=\"@walltopiabg\" \/>\n<meta name=\"twitter:site\" content=\"@walltopiabg\" \/>\n<script type=\"application\/ld+json\" class=\"yoast-schema-graph\">{\"@context\":\"https:\\\/\\\/schema.org\",\"@graph\":[{\"@type\":\"Article\",\"@id\":\"https:\\\/\\\/walltopia.com\\\/pt-br\\\/eventos-da-divisao-de-escalada-outono-de-2024\\\/#article\",\"isPartOf\":{\"@id\":\"https:\\\/\\\/walltopia.com\\\/pt-br\\\/eventos-da-divisao-de-escalada-outono-de-2024\\\/\"},\"author\":{\"name\":\"walltopia\",\"@id\":\"https:\\\/\\\/walltopia.com\\\/pt-br\\\/#\\\/schema\\\/person\\\/59be8396ecd46ad663730305c2e802db\"},\"headline\":\"Eventos da divis\u00e3o de escalada &#8211; outono de 2024\",\"datePublished\":\"2024-08-23T08:46:29+00:00\",\"dateModified\":\"2026-01-15T15:10:37+00:00\",\"mainEntityOfPage\":{\"@id\":\"https:\\\/\\\/walltopia.com\\\/pt-br\\\/eventos-da-divisao-de-escalada-outono-de-2024\\\/\"},\"wordCount\":1106,\"publisher\":{\"@id\":\"https:\\\/\\\/walltopia.com\\\/pt-br\\\/#organization\"},\"articleSection\":[\"Escalada\",\"Sala de imprensa\"],\"inLanguage\":\"pt-BR\"},{\"@type\":\"WebPage\",\"@id\":\"https:\\\/\\\/walltopia.com\\\/pt-br\\\/eventos-da-divisao-de-escalada-outono-de-2024\\\/\",\"url\":\"https:\\\/\\\/walltopia.com\\\/pt-br\\\/eventos-da-divisao-de-escalada-outono-de-2024\\\/\",\"name\":\"Eventos da divis\u00e3o de escalada - outono de 2024 | Walltopia\",\"isPartOf\":{\"@id\":\"https:\\\/\\\/walltopia.com\\\/pt-br\\\/#website\"},\"datePublished\":\"2024-08-23T08:46:29+00:00\",\"dateModified\":\"2026-01-15T15:10:37+00:00\",\"description\":\"Junte-se a n\u00f3s nos principais eventos do setor de escalada no outono de 2024. Estaremos visitando a ABC Conference, a AB Show e a Vertical Pro, apresentando nossos produtos e solu\u00e7\u00f5es para paredes de escalada.\",\"breadcrumb\":{\"@id\":\"https:\\\/\\\/walltopia.com\\\/pt-br\\\/eventos-da-divisao-de-escalada-outono-de-2024\\\/#breadcrumb\"},\"inLanguage\":\"pt-BR\",\"potentialAction\":[{\"@type\":\"ReadAction\",\"target\":[\"https:\\\/\\\/walltopia.com\\\/pt-br\\\/eventos-da-divisao-de-escalada-outono-de-2024\\\/\"]}]},{\"@type\":\"BreadcrumbList\",\"@id\":\"https:\\\/\\\/walltopia.com\\\/pt-br\\\/eventos-da-divisao-de-escalada-outono-de-2024\\\/#breadcrumb\",\"itemListElement\":[{\"@type\":\"ListItem\",\"position\":1,\"name\":\"Home\",\"item\":\"https:\\\/\\\/walltopia.com\\\/pt-br\\\/inicio-pt\\\/\"},{\"@type\":\"ListItem\",\"position\":2,\"name\":\"Eventos da divis\u00e3o de escalada &#8211; outono de 2024\"}]},{\"@type\":\"WebSite\",\"@id\":\"https:\\\/\\\/walltopia.com\\\/pt-br\\\/#website\",\"url\":\"https:\\\/\\\/walltopia.com\\\/pt-br\\\/\",\"name\":\"Walltopia\",\"description\":\"World leader in the design and production of climbing walls and active entertainment attractions\",\"publisher\":{\"@id\":\"https:\\\/\\\/walltopia.com\\\/pt-br\\\/#organization\"},\"potentialAction\":[{\"@type\":\"SearchAction\",\"target\":{\"@type\":\"EntryPoint\",\"urlTemplate\":\"https:\\\/\\\/walltopia.com\\\/pt-br\\\/?s={search_term_string}\"},\"query-input\":{\"@type\":\"PropertyValueSpecification\",\"valueRequired\":true,\"valueName\":\"search_term_string\"}}],\"inLanguage\":\"pt-BR\"},{\"@type\":\"Organization\",\"@id\":\"https:\\\/\\\/walltopia.com\\\/pt-br\\\/#organization\",\"name\":\"Walltopia\",\"url\":\"https:\\\/\\\/walltopia.com\\\/pt-br\\\/\",\"logo\":{\"@type\":\"ImageObject\",\"inLanguage\":\"pt-BR\",\"@id\":\"https:\\\/\\\/walltopia.com\\\/pt-br\\\/#\\\/schema\\\/logo\\\/image\\\/\",\"url\":\"\",\"contentUrl\":\"\",\"caption\":\"Walltopia\"},\"image\":{\"@id\":\"https:\\\/\\\/walltopia.com\\\/pt-br\\\/#\\\/schema\\\/logo\\\/image\\\/\"},\"sameAs\":[\"https:\\\/\\\/www.facebook.com\\\/walltopiaclimbing\\\/\",\"https:\\\/\\\/x.com\\\/walltopiabg\",\"https:\\\/\\\/www.instagram.com\\\/walltopia.active\\\/\",\"https:\\\/\\\/www.linkedin.com\\\/company\\\/walltopia-ltd.\",\"https:\\\/\\\/www.youtube.com\\\/user\\\/WALLTOPIA\"]},{\"@type\":\"Person\",\"@id\":\"https:\\\/\\\/walltopia.com\\\/pt-br\\\/#\\\/schema\\\/person\\\/59be8396ecd46ad663730305c2e802db\",\"name\":\"walltopia\"}]}<\/script>\n<!-- \/ Yoast SEO Premium plugin. -->","yoast_head_json":{"title":"Eventos da divis\u00e3o de escalada - outono de 2024 | Walltopia","description":"Junte-se a n\u00f3s nos principais eventos do setor de escalada no outono de 2024. Estaremos visitando a ABC Conference, a AB Show e a Vertical Pro, apresentando nossos produtos e solu\u00e7\u00f5es para paredes de escalada.","robots":{"index":"index","follow":"follow","max-snippet":"max-snippet:-1","max-image-preview":"max-image-preview:large","max-video-preview":"max-video-preview:-1"},"canonical":"https:\/\/walltopia.com\/pt-br\/eventos-da-divisao-de-escalada-outono-de-2024\/","og_locale":"pt_BR","og_type":"article","og_title":"Eventos da divis\u00e3o de escalada - outono de 2024","og_description":"Junte-se a n\u00f3s nos principais eventos do setor de escalada no outono de 2024. Estaremos visitando a ABC Conference, a AB Show e a Vertical Pro, apresentando nossos produtos e solu\u00e7\u00f5es para paredes de escalada.","og_url":"https:\/\/walltopia.com\/pt-br\/eventos-da-divisao-de-escalada-outono-de-2024\/","og_site_name":"Walltopia","article_publisher":"https:\/\/www.facebook.com\/walltopiaclimbing\/","article_published_time":"2024-08-23T08:46:29+00:00","article_modified_time":"2026-01-15T15:10:37+00:00","author":"walltopia","twitter_card":"summary_large_image","twitter_creator":"@walltopiabg","twitter_site":"@walltopiabg","schema":{"@context":"https:\/\/schema.org","@graph":[{"@type":"Article","@id":"https:\/\/walltopia.com\/pt-br\/eventos-da-divisao-de-escalada-outono-de-2024\/#article","isPartOf":{"@id":"https:\/\/walltopia.com\/pt-br\/eventos-da-divisao-de-escalada-outono-de-2024\/"},"author":{"name":"walltopia","@id":"https:\/\/walltopia.com\/pt-br\/#\/schema\/person\/59be8396ecd46ad663730305c2e802db"},"headline":"Eventos da divis\u00e3o de escalada &#8211; outono de 2024","datePublished":"2024-08-23T08:46:29+00:00","dateModified":"2026-01-15T15:10:37+00:00","mainEntityOfPage":{"@id":"https:\/\/walltopia.com\/pt-br\/eventos-da-divisao-de-escalada-outono-de-2024\/"},"wordCount":1106,"publisher":{"@id":"https:\/\/walltopia.com\/pt-br\/#organization"},"articleSection":["Escalada","Sala de imprensa"],"inLanguage":"pt-BR"},{"@type":"WebPage","@id":"https:\/\/walltopia.com\/pt-br\/eventos-da-divisao-de-escalada-outono-de-2024\/","url":"https:\/\/walltopia.com\/pt-br\/eventos-da-divisao-de-escalada-outono-de-2024\/","name":"Eventos da divis\u00e3o de escalada - outono de 2024 | Walltopia","isPartOf":{"@id":"https:\/\/walltopia.com\/pt-br\/#website"},"datePublished":"2024-08-23T08:46:29+00:00","dateModified":"2026-01-15T15:10:37+00:00","description":"Junte-se a n\u00f3s nos principais eventos do setor de escalada no outono de 2024. Estaremos visitando a ABC Conference, a AB Show e a Vertical Pro, apresentando nossos produtos e solu\u00e7\u00f5es para paredes de escalada.","breadcrumb":{"@id":"https:\/\/walltopia.com\/pt-br\/eventos-da-divisao-de-escalada-outono-de-2024\/#breadcrumb"},"inLanguage":"pt-BR","potentialAction":[{"@type":"ReadAction","target":["https:\/\/walltopia.com\/pt-br\/eventos-da-divisao-de-escalada-outono-de-2024\/"]}]},{"@type":"BreadcrumbList","@id":"https:\/\/walltopia.com\/pt-br\/eventos-da-divisao-de-escalada-outono-de-2024\/#breadcrumb","itemListElement":[{"@type":"ListItem","position":1,"name":"Home","item":"https:\/\/walltopia.com\/pt-br\/inicio-pt\/"},{"@type":"ListItem","position":2,"name":"Eventos da divis\u00e3o de escalada &#8211; outono de 2024"}]},{"@type":"WebSite","@id":"https:\/\/walltopia.com\/pt-br\/#website","url":"https:\/\/walltopia.com\/pt-br\/","name":"Walltopia","description":"World leader in the design and production of climbing walls and active entertainment attractions","publisher":{"@id":"https:\/\/walltopia.com\/pt-br\/#organization"},"potentialAction":[{"@type":"SearchAction","target":{"@type":"EntryPoint","urlTemplate":"https:\/\/walltopia.com\/pt-br\/?s={search_term_string}"},"query-input":{"@type":"PropertyValueSpecification","valueRequired":true,"valueName":"search_term_string"}}],"inLanguage":"pt-BR"},{"@type":"Organization","@id":"https:\/\/walltopia.com\/pt-br\/#organization","name":"Walltopia","url":"https:\/\/walltopia.com\/pt-br\/","logo":{"@type":"ImageObject","inLanguage":"pt-BR","@id":"https:\/\/walltopia.com\/pt-br\/#\/schema\/logo\/image\/","url":"","contentUrl":"","caption":"Walltopia"},"image":{"@id":"https:\/\/walltopia.com\/pt-br\/#\/schema\/logo\/image\/"},"sameAs":["https:\/\/www.facebook.com\/walltopiaclimbing\/","https:\/\/x.com\/walltopiabg","https:\/\/www.instagram.com\/walltopia.active\/","https:\/\/www.linkedin.com\/company\/walltopia-ltd.","https:\/\/www.youtube.com\/user\/WALLTOPIA"]},{"@type":"Person","@id":"https:\/\/walltopia.com\/pt-br\/#\/schema\/person\/59be8396ecd46ad663730305c2e802db","name":"walltopia"}]}},"_links":{"self":[{"href":"https:\/\/walltopia.com\/pt-br\/wp-json\/wp\/v2\/posts\/200185","targetHints":{"allow":["GET"]}}],"collection":[{"href":"https:\/\/walltopia.com\/pt-br\/wp-json\/wp\/v2\/posts"}],"about":[{"href":"https:\/\/walltopia.com\/pt-br\/wp-json\/wp\/v2\/types\/post"}],"author":[{"embeddable":true,"href":"https:\/\/walltopia.com\/pt-br\/wp-json\/wp\/v2\/users\/5"}],"replies":[{"embeddable":true,"href":"https:\/\/walltopia.com\/pt-br\/wp-json\/wp\/v2\/comments?post=200185"}],"version-history":[{"count":0,"href":"https:\/\/walltopia.com\/pt-br\/wp-json\/wp\/v2\/posts\/200185\/revisions"}],"wp:attachment":[{"href":"https:\/\/walltopia.com\/pt-br\/wp-json\/wp\/v2\/media?parent=200185"}],"wp:term":[{"taxonomy":"category","embeddable":true,"href":"https:\/\/walltopia.com\/pt-br\/wp-json\/wp\/v2\/categories?post=200185"},{"taxonomy":"post_tag","embeddable":true,"href":"https:\/\/walltopia.com\/pt-br\/wp-json\/wp\/v2\/tags?post=200185"}],"curies":[{"name":"wp","href":"https:\/\/api.w.org\/{rel}","templated":true}]}}