{"id":201883,"date":"2023-06-25T18:46:47","date_gmt":"2023-06-25T15:46:47","guid":{"rendered":"https:\/\/walltopia.com\/recapitulacao-do-wics-2023\/"},"modified":"2026-01-15T21:57:54","modified_gmt":"2026-01-15T18:57:54","slug":"recapitulacao-do-wics-2023","status":"publish","type":"post","link":"https:\/\/walltopia.com\/pt-br\/recapitulacao-do-wics-2023\/","title":{"rendered":"Recapitula\u00e7\u00e3o do WICS 2023"},"content":{"rendered":"<div class=\"wpb-content-wrapper\">[vc_row][vc_column][vc_column_text css=&#8221;&#8221;]<strong>O WICS 2023 reuniu pela terceira vez um grupo \u00edntimo de gerentes de alto n\u00edvel, propriet\u00e1rios de academias, representantes de federa\u00e7\u00f5es e outros profissionais do setor de escalada de todo o mundo. A c\u00fapula contou com uma gama diversificada de atividades, incluindo pain\u00e9is de discuss\u00e3o e apresenta\u00e7\u00f5es perspicazes e uma emocionante competi\u00e7\u00e3o de escalada com um forte foco na defini\u00e7\u00e3o de rotas. Al\u00e9m disso, havia uma vibrante sala de exposi\u00e7\u00f5es com os mais recentes suportes e volumes de escalada das principais marcas. Junto com isso, havia a mais recente tecnologia em dispositivos de auto-reboque e sistemas de piso. Para completar, tivemos a &#8220;famosa&#8221; festa no telhado da Walltopia. Vamos nos aprofundar nos principais destaques do WICS 2023.     <\/strong><\/p>\n<h4>A comunidade de escalada est\u00e1 em ascens\u00e3o<\/h4>\n<p>A WICS 2023 foi a primeira edi\u00e7\u00e3o do encontro internacional de profissionais do setor de escalada desde 2019 e foi uma explos\u00e3o. Nos \u00faltimos 4 anos, o mundo parece ter mudado muito, marcado por alguns eventos negativos, v\u00e1rios fechamentos de empresas e medo do futuro. No entanto, o setor de escalada demonstra estar em ascens\u00e3o em termos de crescimento, desenvolvimento e profissionaliza\u00e7\u00e3o, embora ainda esteja em seu per\u00edodo rom\u00e2ntico. A escalada parece ser um empreendimento comercial sustent\u00e1vel, pois tanto os propriet\u00e1rios de empresas quanto seus clientes s\u00e3o movidos pela paix\u00e3o. O entusiasmo deles pela escalada n\u00e3o parece estar indo a lugar algum. Na verdade, parecia que o cen\u00e1rio internacional estava ansioso para se encontrar e compartilhar suas percep\u00e7\u00f5es, descobertas, preocupa\u00e7\u00f5es, desafios e solu\u00e7\u00f5es. A WICS conseguiu trazer muita energia positiva e sorrisos por meio de uma rede de contatos valiosa e percep\u00e7\u00f5es ponderadas![\/vc_column_text][vc_empty_space][vc_video link=&#8221;https:\/\/www.youtube.com\/watch?v=CkIUr4ZpRrA&#8221; css=&#8221;.vc_custom_1707321837401{margin-bottom: 50px !important;}&#8221;][vc_custom_heading text=&#8221;Participa\u00e7\u00e3o e diversidade&#8221; use_theme_fonts=&#8221;yes&#8221;][vc_row_inner][vc_column_inner width=&#8221;1\/2&#8243;][vc_column_text css=&#8221;&#8221;]A WICS deste ano foi a mais internacional de todas, com representantes de mais de 30 pa\u00edses, incluindo EUA, Reino Unido, China, Coreia do Sul e muitos outros. Em contraste com as edi\u00e7\u00f5es anteriores, que se concentraram mais na Europa e nos EUA, este ano houve uma participa\u00e7\u00e3o global mais ampla. <\/p>\n<p>Isso provavelmente se deve ao fato de os mercados ocidentais terem setores de escalada estabelecidos h\u00e1 muito tempo, o que faz com que mais profissionais estejam dispostos a viajar. A presen\u00e7a internacional do WICS 2023 promoveu uma rica troca de ideias, tornando-o um encontro verdadeiramente diversificado e inclusivo de especialistas em escalada de v\u00e1rias origens e culturas.[\/vc_column_text][\/vc_column_inner][vc_column_inner width=&#8221;1\/2&#8243;][vc_column_text]\n<p><em>Participa\u00e7\u00e3o no WICS 2023 por regi\u00e3o<\/em><\/p>\n[\/vc_column_text][vc_single_image image=&#8221;112828&#8243; img_size=&#8221;full&#8221;][\/vc_column_inner][\/vc_row_inner][\/vc_column][\/vc_row][vc_row css=&#8221;.vc_custom_1707321731391{margin-top: 50px !important;}&#8221;][vc_column][\/vc_column][\/vc_row][vc_row css=&#8221;.vc_custom_1707130451408{margin-top: 50px !important;}&#8221;][vc_column][vc_custom_heading text=&#8221;Programa da confer\u00eancia&#8221; use_theme_fonts=&#8221;yes&#8221;][vc_column_text css=&#8221;&#8221;]O programa da confer\u00eancia WICS 2023 cobriu uma ampla gama de t\u00f3picos importantes para o setor de escalada. As sess\u00f5es abordaram as tend\u00eancias do mercado global, a import\u00e2ncia de introduzir os jovens na escalada, as melhores pr\u00e1ticas na defini\u00e7\u00e3o de rotas e o futuro das competi\u00e7\u00f5es de escalada. Com uma linha de especialistas renomados, os participantes obtiveram insights valiosos e conclus\u00f5es pr\u00e1ticas dessas apresenta\u00e7\u00f5es e discuss\u00f5es instigantes.[\/vc_column_text][vc_text_separator title=&#8221;DIA 1&#8243; title_align=&#8221;separator_align_left&#8221; css=&#8221;.vc_custom_1707316173992{margin-top: 50px !important;margin-bottom: 30px !important;}&#8221;][vc_column_text css=&#8221;&#8221;]A c\u00fapula come\u00e7ou com a &#8220;Pesquisa e an\u00e1lise do setor de escalada&#8221;, apresentada por Borislav Stefanov, oferecendo uma vis\u00e3o orientada por dados sobre o estado atual e as perspectivas futuras do setor. Em seguida, a sess\u00e3o &#8220;Global State of the Market&#8221; forneceu uma vis\u00e3o geral abrangente do status do setor em v\u00e1rias regi\u00f5es. Profissionais experientes, como Peter Zeidelhack, Mark Sebille e Yasmin Gahtani, entre outros, compartilharam percep\u00e7\u00f5es sobre seus respectivos pa\u00edses, dando aos participantes uma compreens\u00e3o completa do cen\u00e1rio mundial de escalada.[\/vc_column_text][vc_gallery interval=&#8221;3&#8243; images=&#8221;112835,112842,112849&#8243; img_size=&#8221;full&#8221; css=&#8221;.vc_custom_1707316194193{margin-top: 30px !important;}&#8221;][vc_column_text css=&#8221;&#8221;]O programa continuou com &#8220;Creating Generations of Climbers&#8221; (Criando Gera\u00e7\u00f5es de Escaladores), em que Robyn Erbesfield-Raboutou, Alice Kao e Remi Moehring discutiram o papel das academias em envolver os jovens e mant\u00ea-los como clientes de longo prazo. Al\u00e9m disso, &#8220;Architectural Design of Climbing Gyms&#8221; (Projeto arquitet\u00f4nico de academias de escalada) apresentou especialistas que discutiram as tend\u00eancias na utiliza\u00e7\u00e3o do espa\u00e7o e seu reflexo nos interesses da comunidade. <\/p>\n<p>Al\u00e9m disso, &#8220;Competi\u00e7\u00f5es de Escalada&#8221; reuniu l\u00edderes do setor, incluindo Finuco Martinez e Stefano Ghisolfi, para examinar a evolu\u00e7\u00e3o e o futuro das competi\u00e7\u00f5es, oferecendo perspectivas valiosas sobre esse aspecto din\u00e2mico do esporte.[\/vc_column_text][vc_gallery interval=&#8221;3&#8243; images=&#8221;112863,112870,112856,113492,113506&#8243; img_size=&#8221;full&#8221; css=&#8221;.vc_custom_1707321279215{margin-top: 30px !important;}&#8221;][vc_text_separator title=&#8221;DIA 2&#8243; title_align=&#8221;separator_align_left&#8221; css=&#8221;.vc_custom_1707316689952{margin-top: 50px !important;margin-bottom: 30px !important;}&#8221;][vc_column_text css=&#8221;&#8221;]O segundo dia come\u00e7ou com &#8220;Routesetting Trends&#8221;, uma sess\u00e3o envolvente com Peter Zeidelhack, Jan De Smit, Nataleigh Bell, Niklas Wiechmann e Guillermo Burba. Durante a sess\u00e3o, eles exploraram como as pr\u00e1ticas de defini\u00e7\u00e3o de rotas evolu\u00edram ao longo dos anos e seu impacto no setor. O profissionalismo dos palestrantes e a abordagem centrada no cliente entusiasmaram o p\u00fablico, provocando conversas que se estenderam para al\u00e9m do painel e para a multid\u00e3o. A troca din\u00e2mica de ideias destacou a import\u00e2ncia da defini\u00e7\u00e3o de rotas na forma\u00e7\u00e3o da experi\u00eancia de escalada.[\/vc_column_text][vc_gallery interval=&#8221;3&#8243; images=&#8221;112905,112877,112898,112891,112884&#8243; img_size=&#8221;full&#8221;][vc_column_text css=&#8221;&#8221;]Em &#8220;The Road from Climbing to Entrepreneurship&#8221;, Matilda S\u00f6derlund compartilhou sua jornada, detalhando os desafios de equilibrar uma carreira profissional de escalada com a administra\u00e7\u00e3o de uma academia de sucesso. Em seguida, Jon Colbert apresentou &#8220;Important Metrics to Understand Gym Performance&#8221; (M\u00e9tricas importantes para entender o desempenho da academia), oferecendo insights orientados por dados sobre os principais indicadores de desempenho para o crescimento da receita. <\/p>\n<p>Por fim, a c\u00fapula foi conclu\u00edda com uma sess\u00e3o com os principais propriet\u00e1rios de redes de academias, liderada pelo CEO da Walltopia, Ivaylo Penchev, que incentivou a discuss\u00e3o aberta e a reflex\u00e3o sobre os desafios do setor. De modo geral, o programa proporcionou aos participantes uma compreens\u00e3o profunda do cen\u00e1rio do setor e das oportunidades futuras.[\/vc_column_text][vc_gallery interval=&#8221;3&#8243; images=&#8221;112919,112912,113499,113513&#8243; img_size=&#8221;full&#8221;][\/vc_column][\/vc_row][vc_row css=&#8221;.vc_custom_1707316237846{margin-top: 50px !important;}&#8221;][vc_column][vc_custom_heading text=&#8221;Valor entregue&#8221; use_theme_fonts=&#8221;yes&#8221;][vc_column_text css=&#8221;&#8221;]<strong>O WICS 2023 provou ser inestim\u00e1vel para seus participantes, oferecendo uma plataforma para networking, aprendizado e colabora\u00e7\u00e3o. Os participantes elogiaram a c\u00fapula por possibilitar novas parcerias, fortalecer as conex\u00f5es existentes e discutir os desafios e as solu\u00e7\u00f5es do setor. Em particular, muitos consideraram a exposi\u00e7\u00e3o a percep\u00e7\u00f5es valiosas do mundo da escalada profissional como um benef\u00edcio importante do evento.  <\/strong>[\/vc_column_text]<blockquote class=\"custom relative full-width-container margin-bottom-25\" style=\"color: #000000; font-size: 24px; line-height: 1.5; background-color: #f3f5f6;\"><div class=\"content block width-100 float-left\">``A small intimate group of experienced people who know what they are talking about``<\/div><span class=\"dashicons dashicons-format-quote\" style=\"color: #a3e7f0;\"><\/span><\/blockquote>[vc_row_inner css=&#8221;.vc_custom_1707319473972{margin-top: 50px !important;}&#8221;][vc_column_inner width=&#8221;1\/4&#8243;][vc_single_image image=&#8221;113268&#8243; img_size=&#8221;full&#8221;][\/vc_column_inner][vc_column_inner width=&#8221;3\/4&#8243;][vc_column_text]\n<p><a href=\"https:\/\/climbingsummit.com\/speakers\/halil-ngah\/\">Halil Ngah<\/a>, fundador e CEO da <a href=\"https:\/\/climb-asia.com\/\">Climb Asia <\/a>, apreciou a qualidade dos participantes, que eram bem versados no setor de escalada <em>: &#8220;Um pequeno grupo \u00edntimo de pessoas experientes que sabem do que est\u00e3o falando&#8221;<\/em>. Ele reconheceu a r\u00e1pida evolu\u00e7\u00e3o do setor e defendeu a ado\u00e7\u00e3o de ferramentas bem-sucedidas de outros setores para impulsion\u00e1-lo.<\/p>\n[\/vc_column_text][\/vc_column_inner][\/vc_row_inner][vc_row_inner css=&#8221;.vc_custom_1707319479383{margin-top: 50px !important;}&#8221;][vc_column_inner width=&#8221;1\/4&#8243;][vc_single_image image=&#8221;113282&#8243; img_size=&#8221;full&#8221; add_caption=&#8221;yes&#8221;][\/vc_column_inner][vc_column_inner width=&#8221;3\/4&#8243;][vc_column_text]\n<p>Yasmin Gahtani, diretora da <a href=\"https:\/\/climbing.sa\/\">Federa\u00e7\u00e3o de Escalada e Caminhada da Ar\u00e1bia Saudita<\/a>, valorizou as oportunidades de networking e os insights obtidos nos pain\u00e9is de discuss\u00e3o. &#8221; <em>A oportunidade de conversar com pessoas que j\u00e1 possuem academias de escalada e saber quais pesquisas elas tiveram que fazer para abrir novas academias&#8221;<\/em> a ajudou a perceber as oportunidades e as medidas pr\u00e1ticas que precisam ser tomadas em seu pa\u00eds para desenvolver o cen\u00e1rio da escalada indoor.<\/p>\n[\/vc_column_text][\/vc_column_inner][\/vc_row_inner][vc_row_inner css=&#8221;.vc_custom_1707319486559{margin-top: 50px !important;}&#8221;][vc_column_inner width=&#8221;1\/4&#8243;][vc_single_image image=&#8221;113275&#8243; img_size=&#8221;full&#8221; add_caption=&#8221;yes&#8221;][\/vc_column_inner][vc_column_inner width=&#8221;3\/4&#8243;][vc_column_text]\n<p>Jose Sausedo, propriet\u00e1rio da <a href=\"https:\/\/www.adamanta.mx\/\">Adamanta Climbing<\/a> no M\u00e9xico, disse que uma li\u00e7\u00e3o pr\u00e1tica que ele usar\u00e1 em suas academias \u00e9 um foco maior na gera\u00e7\u00e3o mais jovem e o reconhecimento de seu impacto potencial no crescimento do setor. <em>&#8220;Uma li\u00e7\u00e3o para mim, em especial a percep\u00e7\u00e3o do painel Criando Gera\u00e7\u00f5es de Escaladores, \u00e9 focar mais nas crian\u00e7as, porque elas s\u00e3o o futuro da escalada e tamb\u00e9m uma grande parte da receita\/lucro do setor&#8221;<\/em><\/p>\n[\/vc_column_text][\/vc_column_inner][\/vc_row_inner][\/vc_column][\/vc_row][vc_row css=&#8221;.vc_custom_1707321535688{margin-top: 30px !important;}&#8221;][vc_column][vc_column_text]<a href=\"https:\/\/climbingsummit.com\/speakers\/paula-horwitz\/\">Paula Horwitz<\/a>, ex-diretora da <a href=\"https:\/\/www.cwapro.org\/\">Climbing Wall Association<\/a> nos EUA, encontrou valor em compreender v\u00e1rios mercados e suas taxas de crescimento. &#8221; <em>O foco no n\u00edvel executivo, o n\u00edvel de especializa\u00e7\u00e3o no WICS \u00e9 maior&#8221;<\/em>, ela elogiou o p\u00fablico que conheceu no WICS.<\/p>\n<p><a href=\"https:\/\/climbingsummit.com\/speakers\/zhu-haoqin\/\">Zhu Haoqin &#8211; Zac<\/a>, da Banana Climbing, observou uma abertura distinta e disposi\u00e7\u00e3o para compartilhar entre os participantes, criando um ambiente de rede colaborativa. Ele considerou a WICS o mais valioso dos eventos recentes do setor dos quais participou e compartilhou de bom grado suas percep\u00e7\u00f5es sobre o desenvolvimento do setor na China durante o painel Global State of the Market. <\/p>\n<p><a href=\"https:\/\/climbingsummit.com\/speakers\/simon-brunner\/\">Simon Bruenner<\/a>, de <a href=\"https:\/\/blockhelden.de\/\">Blockhelden <\/a>, na Alemanha, apreciou a presen\u00e7a de pessoas experientes que eram genuinamente apaixonadas e conhecedoras do setor de escalada. Ele gostou especialmente da apresenta\u00e7\u00e3o de Yasmin Gahtani, da Federa\u00e7\u00e3o de Escalada da Ar\u00e1bia Saudita. Simon valorizou a natureza aberta e inclusiva do evento, incentivada pelo CEO da Walltopia, Ivaylo Penchev, que estimulou a participa\u00e7\u00e3o ativa e a express\u00e3o de diversas perspectivas.<\/p>\n[\/vc_column_text][\/vc_column][\/vc_row][vc_row css=&#8221;.vc_custom_1707318588801{margin-top: 50px !important;}&#8221;][vc_column][vc_custom_heading text=&#8221;Exposi\u00e7\u00e3o de suportes de escalada&#8221; use_theme_fonts=&#8221;yes&#8221;][vc_column_text css=&#8221;&#8221;]A exposi\u00e7\u00e3o na WICS 2023 apresentou os mais recentes designs de suportes e volumes de oito marcas importantes: <a href=\"https:\/\/www.hrt-holds.com\/\">HRT<\/a>, <a href=\"https:\/\/www.cheeta-holds.com\/\">Cheeta<\/a>, <a href=\"https:\/\/www.flathold.com\/\">Flathold<\/a>, <a href=\"https:\/\/ibexholds.com\/\">Ibex<\/a>, <a href=\"https:\/\/suprclimbing.com\/\">Sup&#8217;R<\/a>, <a href=\"https:\/\/www.agripp.com\/en\/\">Agripp<\/a>, <a href=\"https:\/\/settercloset.com\/\">Kilter<\/a>, <a href=\"https:\/\/thrillseekerholds.com\/\">Thrill Seeker<\/a> e <a href=\"https:\/\/ubh.jp\/\">Under Blue Hold<\/a>. Essas formas de ponta apresentaram oportunidades interessantes para a cria\u00e7\u00e3o de rotas criativas. Os propriet\u00e1rios de gin\u00e1sios de escalada e os montadores de rotas encontraram imenso valor na exposi\u00e7\u00e3o, descobrindo produtos que tinham o potencial de elevar suas instala\u00e7\u00f5es de escalada e melhorar a experi\u00eancia geral de escalada para seus clientes.  <\/p>\n<p>A \u00eanfase da exposi\u00e7\u00e3o na qualidade e na criatividade refletiu o compromisso do setor com a melhoria cont\u00ednua e a inova\u00e7\u00e3o na escalada em ambientes fechados. O sucesso da c\u00fapula foi ainda mais refor\u00e7ado pelo apoio de seus patrocinadores fornecedores: <a href=\"https:\/\/composite-x.com\/\">Composite-X,<\/a> <a href=\"https:\/\/headrushtech.com\/\">Headrush<\/a>, HRT, <a href=\"https:\/\/www.climbmat.com\/\">Climbmat <\/a>e <a href=\"https:\/\/gymrealm.com\/\">GymRealm<\/a>. Essas empresas l\u00edderes do setor n\u00e3o apenas contribu\u00edram para a vitalidade da exposi\u00e7\u00e3o, mas tamb\u00e9m desempenharam um papel fundamental na eleva\u00e7\u00e3o da qualidade geral do evento.[\/vc_column_text][vc_gallery interval=&#8221;3&#8243; images=&#8221;113303,113324,113345,113289,113359,113366,113331,113338,113310,113352,113317,113296&#8243; img_size=&#8221;full&#8221; css=&#8221;.vc_custom_1707319504935{margin-top: 30px !important;}&#8221;][\/vc_column][\/vc_row][vc_row css=&#8221;.vc_custom_1707318588801{margin-top: 50px !important;}&#8221;][vc_column][vc_custom_heading text=&#8221;Definir e enviar composi\u00e7\u00e3o&#8221; use_theme_fonts=&#8221;yes&#8221;][vc_column_text css=&#8221;&#8221;]A noite de abertura do WICS 2023 apresentou um tipo diferente de competi\u00e7\u00e3o de boulder: Set&amp;Send. Com um formato inovador, a competi\u00e7\u00e3o destacou a defini\u00e7\u00e3o de rotas como uma parte importante das competi\u00e7\u00f5es, juntamente com o desempenho dos atletas. Escaladores e tra\u00e7adores de rotas se uniram para trabalhar juntos na defini\u00e7\u00e3o dos problemas em tr\u00eas rochas exclusivas da Walltopia, apresentando os mais recentes designs de pain\u00e9is da empresa: a rocha de madeira, a rocha de bambu e a rocha de pedra.  <\/p>\n<p>Havia 5 equipes de um tra\u00e7ador de rotas e um alpinista masculino e feminino, representando 5 marcas diferentes de grampos &#8211; Flathold, Kilter, Sup&#8217;R, Cheeta e HRT. Cada equipe podia prever seus pr\u00f3prios problemas, mas n\u00e3o os problemas da outra equipe. No entanto, elas podiam assistir \u00e0 montagem e \u00e0 previs\u00e3o, de modo que a escalada n\u00e3o era \u00e0 vista. Apesar de algumas pequenas falhas de organiza\u00e7\u00e3o, a competi\u00e7\u00e3o foi uma experi\u00eancia divertida tanto para os participantes quanto para o p\u00fablico, que n\u00e3o parou de torcer! A competi\u00e7\u00e3o tamb\u00e9m foi transmitida ao vivo pelo YouTube, narrada pelo coment\u00e1rio perfeito dos mundialmente famosos comentaristas Charlie Boscoe e Danaan Markey. Os atletas tiveram um desempenho al\u00e9m do excelente, com resultados inesperados nas tentativas de escalada e o resultado final n\u00e3o ficou claro at\u00e9 o \u00faltimo envio! O resultado final \u00e9 o seguinte:      <\/p>\n<h5><strong>Alpinistas do sexo feminino:<\/strong><\/h5>\n<ol>\n<li>Lucia Dorfell<\/li>\n<li>Brooke Raboutou<\/li>\n<li>Cloe Coscoy<\/li>\n<\/ol>\n<h5><strong>Escaladores do sexo masculino<\/strong>:<\/h5>\n<ul>\n<li>Boyan Kirov<\/li>\n<li>Slav Kirov<\/li>\n<li>Shawn Raboutou<\/li>\n<\/ul>\n<p>A premia\u00e7\u00e3o para a defini\u00e7\u00e3o de rotas foi separada e decidida por um voto de cavalheiros entre todos os participantes da competi\u00e7\u00e3o &#8211; definidores e escaladores. Cada um deles votou anonimamente em seu problema favorito nas tr\u00eas categorias a seguir: <\/p>\n<p><strong>Problema mais criativo (aquele que foi mais dif\u00edcil de ler)<\/strong> &#8211; vencido por Dirk Uhlig &#8211; HRT holds<br \/>\n<strong>Problema mais atraente<\/strong> (aquele que foi mais atraente de assistir) &#8211; vencido por Gautier Supper &#8211; Sup&#8217;R holds<br \/>\n<strong>Boulder mais est\u00e9tico <\/strong>(a melhor obra de arte nas paredes) &#8211; tamb\u00e9m o mais dif\u00edcil de decidir, pois aparentemente todos os problemas ficaram incr\u00edveis nas paredes. Tr\u00eas montadores dividiram o pr\u00eamio: Tsukuru Hori (Cheeta holds), Dirk Uhlig (HRT) e Pierre Broyer (Flathold)[\/vc_column_text][vc_gallery interval=&#8221;3&#8243; images=&#8221;201630,113394,174686,113387,201627,113373,113380,124422,201629,201621&#8243; img_size=&#8221;full&#8221; css=&#8221;.vc_custom_1707320008920{margin-top: 30px !important;}&#8221;][\/vc_column][\/vc_row][vc_row css=&#8221;.vc_custom_1707318588801{margin-top: 50px !important;}&#8221;][vc_column][vc_custom_heading text=&#8221;Festa de encerramento&#8221; use_theme_fonts=&#8221;yes&#8221;][vc_column_text css=&#8221;&#8221;]Ap\u00f3s a conclus\u00e3o da World Indoor Climbing Summit 2023, os participantes desfrutaram de uma memor\u00e1vel festa na piscina da cobertura da sede da Walltopia. Com vistas deslumbrantes do p\u00f4r do sol, o evento proporcionou uma chance de relaxar, tomar bebidas de um bar aberto e participar de conversas informais. Alguns n\u00e3o resistiram a um mergulho refrescante na piscina, enquanto outros continuaram a fazer contatos em um ambiente descontra\u00eddo. \u00c0 medida que a noite avan\u00e7ava, a festa foi para dentro de casa, continuando at\u00e9 altas horas da madrugada, deixando todos com lembran\u00e7as duradouras e conex\u00f5es mais fortes ap\u00f3s um final de c\u00fapula inesquec\u00edvel.[\/vc_column_text][vc_gallery interval=&#8221;3&#8243; images=&#8221;113457,113401,113450,113443,113415,113422,113429,113436&#8243; img_size=&#8221;full&#8221; css=&#8221;.vc_custom_1707320429271{margin-top: 30px !important;}&#8221;][vc_column_text css=&#8221;.vc_custom_1729671305532{margin-top: 30px !important;}&#8221;]Em conclus\u00e3o, a World Indoor Climbing Summit 2023 foi um grande sucesso, deixando um impacto significativo nos profissionais do setor de escalada. Seu escopo internacional incentivou a troca de ideias, promovendo a colabora\u00e7\u00e3o e o trabalho em rede. Com o tempo, embora os principais t\u00f3picos tenham permanecido os mesmos, o n\u00edvel da conversa amadureceu, tornando-se mais focado no cliente e profissional.  <\/p>\n<p>O setor evoluiu, equilibrando servi\u00e7os de alta qualidade com sua paix\u00e3o pela escalada. Em \u00faltima an\u00e1lise, o evento demonstrou que a uni\u00e3o dentro da comunidade de escalada transcende as diferen\u00e7as culturais, impulsionada por um amor compartilhado pelo esporte.[\/vc_column_text][vc_gallery interval=&#8221;3&#8243; images=&#8221;113471,112856,112884,113401,113464,113478,112905&#8243; img_size=&#8221;full&#8221;][vc_separator][vc_column_text css=&#8221;.vc_custom_1729671368850{margin-top: 30px !important;}&#8221;]\n<h6>  A WICS gostaria de estender seus sinceros agradecimentos a todos os participantes, palestrantes e participantes que contribu\u00edram para tornar o World Indoor Climbing Summit (WICS) 2023 um grande sucesso de networking para o setor de escalada indoor. As percep\u00e7\u00f5es e contribui\u00e7\u00f5es de voc\u00eas durante as discuss\u00f5es e apresenta\u00e7\u00f5es ajudaram a moldar o futuro do nosso campo. Tamb\u00e9m somos gratos aos nossos patrocinadores e parceiros por seu inestim\u00e1vel apoio para dar vida ao WICS 2023.  <\/h6>\n[\/vc_column_text][\/vc_column][\/vc_row]\n<\/div>","protected":false},"excerpt":{"rendered":"[vc_row][vc_column][vc_column_text css=&#8221;&#8221;]O WICS 2023 reuniu pela terceira vez um grupo \u00edntimo de gerentes de alto n\u00edvel, propriet\u00e1rios de academias, representantes&#8230;","protected":false},"author":6,"featured_media":0,"comment_status":"closed","ping_status":"closed","sticky":false,"template":"","format":"standard","meta":{"_acf_changed":false,"inline_featured_image":false,"footnotes":""},"categories":[1157,1151],"tags":[],"class_list":["post-201883","post","type-post","status-publish","format-standard","hentry","category-escalada-pt-br","category-sala-de-imprensa"],"acf":[],"yoast_head":"<!-- This site is optimized with the Yoast SEO Premium plugin v28.3 (Yoast SEO v28.3) - https:\/\/yoast.com\/product\/yoast-seo-premium-wordpress\/ -->\n<title>Recapitula\u00e7\u00e3o do WICS 2023 | Walltopia<\/title>\n<meta name=\"robots\" content=\"index, follow, max-snippet:-1, max-image-preview:large, max-video-preview:-1\" \/>\n<link rel=\"canonical\" href=\"https:\/\/walltopia.com\/pt-br\/recapitulacao-do-wics-2023\/\" \/>\n<meta property=\"og:locale\" content=\"pt_BR\" \/>\n<meta property=\"og:type\" content=\"article\" \/>\n<meta property=\"og:title\" content=\"Recapitula\u00e7\u00e3o do WICS 2023\" \/>\n<meta property=\"og:description\" content=\"[vc_row][vc_column][vc_column_text css=&#8221;&#8221;]O WICS 2023 reuniu pela terceira vez um grupo \u00edntimo de gerentes de alto n\u00edvel, propriet\u00e1rios de academias, representantes...\" \/>\n<meta property=\"og:url\" content=\"https:\/\/walltopia.com\/pt-br\/recapitulacao-do-wics-2023\/\" \/>\n<meta property=\"og:site_name\" content=\"Walltopia\" \/>\n<meta property=\"article:publisher\" content=\"https:\/\/www.facebook.com\/walltopiaclimbing\/\" \/>\n<meta property=\"article:published_time\" content=\"2023-06-25T15:46:47+00:00\" \/>\n<meta property=\"article:modified_time\" content=\"2026-01-15T18:57:54+00:00\" \/>\n<meta name=\"author\" content=\"Ani Manova\" \/>\n<meta name=\"twitter:card\" content=\"summary_large_image\" \/>\n<meta name=\"twitter:creator\" content=\"@walltopiabg\" \/>\n<meta name=\"twitter:site\" content=\"@walltopiabg\" \/>\n<script type=\"application\/ld+json\" class=\"yoast-schema-graph\">{\"@context\":\"https:\\\/\\\/schema.org\",\"@graph\":[{\"@type\":\"Article\",\"@id\":\"https:\\\/\\\/walltopia.com\\\/pt-br\\\/recapitulacao-do-wics-2023\\\/#article\",\"isPartOf\":{\"@id\":\"https:\\\/\\\/walltopia.com\\\/pt-br\\\/recapitulacao-do-wics-2023\\\/\"},\"author\":{\"name\":\"Ani Manova\",\"@id\":\"https:\\\/\\\/walltopia.com\\\/pt-br\\\/#\\\/schema\\\/person\\\/12e3d2cc8853cc95d0f08065e0bc93f1\"},\"headline\":\"Recapitula\u00e7\u00e3o do WICS 2023\",\"datePublished\":\"2023-06-25T15:46:47+00:00\",\"dateModified\":\"2026-01-15T18:57:54+00:00\",\"mainEntityOfPage\":{\"@id\":\"https:\\\/\\\/walltopia.com\\\/pt-br\\\/recapitulacao-do-wics-2023\\\/\"},\"wordCount\":2866,\"publisher\":{\"@id\":\"https:\\\/\\\/walltopia.com\\\/pt-br\\\/#organization\"},\"articleSection\":[\"Escalada\",\"Sala de imprensa\"],\"inLanguage\":\"pt-BR\"},{\"@type\":\"WebPage\",\"@id\":\"https:\\\/\\\/walltopia.com\\\/pt-br\\\/recapitulacao-do-wics-2023\\\/\",\"url\":\"https:\\\/\\\/walltopia.com\\\/pt-br\\\/recapitulacao-do-wics-2023\\\/\",\"name\":\"Recapitula\u00e7\u00e3o do WICS 2023 | Walltopia\",\"isPartOf\":{\"@id\":\"https:\\\/\\\/walltopia.com\\\/pt-br\\\/#website\"},\"datePublished\":\"2023-06-25T15:46:47+00:00\",\"dateModified\":\"2026-01-15T18:57:54+00:00\",\"breadcrumb\":{\"@id\":\"https:\\\/\\\/walltopia.com\\\/pt-br\\\/recapitulacao-do-wics-2023\\\/#breadcrumb\"},\"inLanguage\":\"pt-BR\",\"potentialAction\":[{\"@type\":\"ReadAction\",\"target\":[\"https:\\\/\\\/walltopia.com\\\/pt-br\\\/recapitulacao-do-wics-2023\\\/\"]}]},{\"@type\":\"BreadcrumbList\",\"@id\":\"https:\\\/\\\/walltopia.com\\\/pt-br\\\/recapitulacao-do-wics-2023\\\/#breadcrumb\",\"itemListElement\":[{\"@type\":\"ListItem\",\"position\":1,\"name\":\"Home\",\"item\":\"https:\\\/\\\/walltopia.com\\\/pt-br\\\/inicio-pt\\\/\"},{\"@type\":\"ListItem\",\"position\":2,\"name\":\"Recapitula\u00e7\u00e3o do WICS 2023\"}]},{\"@type\":\"WebSite\",\"@id\":\"https:\\\/\\\/walltopia.com\\\/pt-br\\\/#website\",\"url\":\"https:\\\/\\\/walltopia.com\\\/pt-br\\\/\",\"name\":\"Walltopia\",\"description\":\"World leader in the design and production of climbing walls and active entertainment attractions\",\"publisher\":{\"@id\":\"https:\\\/\\\/walltopia.com\\\/pt-br\\\/#organization\"},\"potentialAction\":[{\"@type\":\"SearchAction\",\"target\":{\"@type\":\"EntryPoint\",\"urlTemplate\":\"https:\\\/\\\/walltopia.com\\\/pt-br\\\/?s={search_term_string}\"},\"query-input\":{\"@type\":\"PropertyValueSpecification\",\"valueRequired\":true,\"valueName\":\"search_term_string\"}}],\"inLanguage\":\"pt-BR\"},{\"@type\":\"Organization\",\"@id\":\"https:\\\/\\\/walltopia.com\\\/pt-br\\\/#organization\",\"name\":\"Walltopia\",\"url\":\"https:\\\/\\\/walltopia.com\\\/pt-br\\\/\",\"logo\":{\"@type\":\"ImageObject\",\"inLanguage\":\"pt-BR\",\"@id\":\"https:\\\/\\\/walltopia.com\\\/pt-br\\\/#\\\/schema\\\/logo\\\/image\\\/\",\"url\":\"\",\"contentUrl\":\"\",\"caption\":\"Walltopia\"},\"image\":{\"@id\":\"https:\\\/\\\/walltopia.com\\\/pt-br\\\/#\\\/schema\\\/logo\\\/image\\\/\"},\"sameAs\":[\"https:\\\/\\\/www.facebook.com\\\/walltopiaclimbing\\\/\",\"https:\\\/\\\/x.com\\\/walltopiabg\",\"https:\\\/\\\/www.instagram.com\\\/walltopia.active\\\/\",\"https:\\\/\\\/www.linkedin.com\\\/company\\\/walltopia-ltd.\",\"https:\\\/\\\/www.youtube.com\\\/user\\\/WALLTOPIA\"]},{\"@type\":\"Person\",\"@id\":\"https:\\\/\\\/walltopia.com\\\/pt-br\\\/#\\\/schema\\\/person\\\/12e3d2cc8853cc95d0f08065e0bc93f1\",\"name\":\"Ani Manova\"}]}<\/script>\n<!-- \/ Yoast SEO Premium plugin. -->","yoast_head_json":{"title":"Recapitula\u00e7\u00e3o do WICS 2023 | Walltopia","robots":{"index":"index","follow":"follow","max-snippet":"max-snippet:-1","max-image-preview":"max-image-preview:large","max-video-preview":"max-video-preview:-1"},"canonical":"https:\/\/walltopia.com\/pt-br\/recapitulacao-do-wics-2023\/","og_locale":"pt_BR","og_type":"article","og_title":"Recapitula\u00e7\u00e3o do WICS 2023","og_description":"[vc_row][vc_column][vc_column_text css=&#8221;&#8221;]O WICS 2023 reuniu pela terceira vez um grupo \u00edntimo de gerentes de alto n\u00edvel, propriet\u00e1rios de academias, representantes...","og_url":"https:\/\/walltopia.com\/pt-br\/recapitulacao-do-wics-2023\/","og_site_name":"Walltopia","article_publisher":"https:\/\/www.facebook.com\/walltopiaclimbing\/","article_published_time":"2023-06-25T15:46:47+00:00","article_modified_time":"2026-01-15T18:57:54+00:00","author":"Ani Manova","twitter_card":"summary_large_image","twitter_creator":"@walltopiabg","twitter_site":"@walltopiabg","schema":{"@context":"https:\/\/schema.org","@graph":[{"@type":"Article","@id":"https:\/\/walltopia.com\/pt-br\/recapitulacao-do-wics-2023\/#article","isPartOf":{"@id":"https:\/\/walltopia.com\/pt-br\/recapitulacao-do-wics-2023\/"},"author":{"name":"Ani Manova","@id":"https:\/\/walltopia.com\/pt-br\/#\/schema\/person\/12e3d2cc8853cc95d0f08065e0bc93f1"},"headline":"Recapitula\u00e7\u00e3o do WICS 2023","datePublished":"2023-06-25T15:46:47+00:00","dateModified":"2026-01-15T18:57:54+00:00","mainEntityOfPage":{"@id":"https:\/\/walltopia.com\/pt-br\/recapitulacao-do-wics-2023\/"},"wordCount":2866,"publisher":{"@id":"https:\/\/walltopia.com\/pt-br\/#organization"},"articleSection":["Escalada","Sala de imprensa"],"inLanguage":"pt-BR"},{"@type":"WebPage","@id":"https:\/\/walltopia.com\/pt-br\/recapitulacao-do-wics-2023\/","url":"https:\/\/walltopia.com\/pt-br\/recapitulacao-do-wics-2023\/","name":"Recapitula\u00e7\u00e3o do WICS 2023 | Walltopia","isPartOf":{"@id":"https:\/\/walltopia.com\/pt-br\/#website"},"datePublished":"2023-06-25T15:46:47+00:00","dateModified":"2026-01-15T18:57:54+00:00","breadcrumb":{"@id":"https:\/\/walltopia.com\/pt-br\/recapitulacao-do-wics-2023\/#breadcrumb"},"inLanguage":"pt-BR","potentialAction":[{"@type":"ReadAction","target":["https:\/\/walltopia.com\/pt-br\/recapitulacao-do-wics-2023\/"]}]},{"@type":"BreadcrumbList","@id":"https:\/\/walltopia.com\/pt-br\/recapitulacao-do-wics-2023\/#breadcrumb","itemListElement":[{"@type":"ListItem","position":1,"name":"Home","item":"https:\/\/walltopia.com\/pt-br\/inicio-pt\/"},{"@type":"ListItem","position":2,"name":"Recapitula\u00e7\u00e3o do WICS 2023"}]},{"@type":"WebSite","@id":"https:\/\/walltopia.com\/pt-br\/#website","url":"https:\/\/walltopia.com\/pt-br\/","name":"Walltopia","description":"World leader in the design and production of climbing walls and active entertainment attractions","publisher":{"@id":"https:\/\/walltopia.com\/pt-br\/#organization"},"potentialAction":[{"@type":"SearchAction","target":{"@type":"EntryPoint","urlTemplate":"https:\/\/walltopia.com\/pt-br\/?s={search_term_string}"},"query-input":{"@type":"PropertyValueSpecification","valueRequired":true,"valueName":"search_term_string"}}],"inLanguage":"pt-BR"},{"@type":"Organization","@id":"https:\/\/walltopia.com\/pt-br\/#organization","name":"Walltopia","url":"https:\/\/walltopia.com\/pt-br\/","logo":{"@type":"ImageObject","inLanguage":"pt-BR","@id":"https:\/\/walltopia.com\/pt-br\/#\/schema\/logo\/image\/","url":"","contentUrl":"","caption":"Walltopia"},"image":{"@id":"https:\/\/walltopia.com\/pt-br\/#\/schema\/logo\/image\/"},"sameAs":["https:\/\/www.facebook.com\/walltopiaclimbing\/","https:\/\/x.com\/walltopiabg","https:\/\/www.instagram.com\/walltopia.active\/","https:\/\/www.linkedin.com\/company\/walltopia-ltd.","https:\/\/www.youtube.com\/user\/WALLTOPIA"]},{"@type":"Person","@id":"https:\/\/walltopia.com\/pt-br\/#\/schema\/person\/12e3d2cc8853cc95d0f08065e0bc93f1","name":"Ani Manova"}]}},"_links":{"self":[{"href":"https:\/\/walltopia.com\/pt-br\/wp-json\/wp\/v2\/posts\/201883","targetHints":{"allow":["GET"]}}],"collection":[{"href":"https:\/\/walltopia.com\/pt-br\/wp-json\/wp\/v2\/posts"}],"about":[{"href":"https:\/\/walltopia.com\/pt-br\/wp-json\/wp\/v2\/types\/post"}],"author":[{"embeddable":true,"href":"https:\/\/walltopia.com\/pt-br\/wp-json\/wp\/v2\/users\/6"}],"replies":[{"embeddable":true,"href":"https:\/\/walltopia.com\/pt-br\/wp-json\/wp\/v2\/comments?post=201883"}],"version-history":[{"count":0,"href":"https:\/\/walltopia.com\/pt-br\/wp-json\/wp\/v2\/posts\/201883\/revisions"}],"wp:attachment":[{"href":"https:\/\/walltopia.com\/pt-br\/wp-json\/wp\/v2\/media?parent=201883"}],"wp:term":[{"taxonomy":"category","embeddable":true,"href":"https:\/\/walltopia.com\/pt-br\/wp-json\/wp\/v2\/categories?post=201883"},{"taxonomy":"post_tag","embeddable":true,"href":"https:\/\/walltopia.com\/pt-br\/wp-json\/wp\/v2\/tags?post=201883"}],"curies":[{"name":"wp","href":"https:\/\/api.w.org\/{rel}","templated":true}]}}